{"id":1043,"date":"2024-04-20T16:51:18","date_gmt":"2024-04-20T14:51:18","guid":{"rendered":"https:\/\/www.cvl-coutelier.be\/?p=1043"},"modified":"2024-04-20T17:00:31","modified_gmt":"2024-04-20T15:00:31","slug":"knife-solingen-2024","status":"publish","type":"post","link":"https:\/\/www.cvl-coutelier.be\/index.php\/2024\/04\/20\/knife-solingen-2024\/","title":{"rendered":"KNIFE SOLINGEN 2024"},"content":{"rendered":"<p>Je participerai cette ann\u00e9e \u00e0 l&rsquo;exposition Knife Solingen 2024. Je me r\u00e9jouis de vous y rencontrer.<\/p>\n<p><img loading=\"lazy\" decoding=\"async\" data-attachment-id=\"1044\" data-permalink=\"https:\/\/www.cvl-coutelier.be\/index.php\/2024\/04\/20\/knife-solingen-2024\/badge_knife_2024_ich_bin_dabei\/\" data-orig-file=\"https:\/\/www.cvl-coutelier.be\/wp-content\/uploads\/2024\/04\/Badge_Knife_2024_ich_bin_dabei.jpg\" data-orig-size=\"1388,490\" data-comments-opened=\"1\" data-image-meta=\"{&quot;aperture&quot;:&quot;0&quot;,&quot;credit&quot;:&quot;&quot;,&quot;camera&quot;:&quot;&quot;,&quot;caption&quot;:&quot;&quot;,&quot;created_timestamp&quot;:&quot;0&quot;,&quot;copyright&quot;:&quot;&quot;,&quot;focal_length&quot;:&quot;0&quot;,&quot;iso&quot;:&quot;0&quot;,&quot;shutter_speed&quot;:&quot;0&quot;,&quot;title&quot;:&quot;&quot;,&quot;orientation&quot;:&quot;0&quot;}\" data-image-title=\"Badge_Knife_2024_ich_bin_dabei\" data-image-description=\"\" data-image-caption=\"\" data-large-file=\"https:\/\/www.cvl-coutelier.be\/wp-content\/uploads\/2024\/04\/Badge_Knife_2024_ich_bin_dabei-1024x361.jpg\" class=\"alignnone size-medium wp-image-1044 alignleft\" src=\"https:\/\/www.cvl-coutelier.be\/wp-content\/uploads\/2024\/04\/Badge_Knife_2024_ich_bin_dabei-450x159.jpg\" alt=\"\" width=\"450\" height=\"159\" srcset=\"https:\/\/www.cvl-coutelier.be\/wp-content\/uploads\/2024\/04\/Badge_Knife_2024_ich_bin_dabei-450x159.jpg 450w, https:\/\/www.cvl-coutelier.be\/wp-content\/uploads\/2024\/04\/Badge_Knife_2024_ich_bin_dabei-1024x361.jpg 1024w, https:\/\/www.cvl-coutelier.be\/wp-content\/uploads\/2024\/04\/Badge_Knife_2024_ich_bin_dabei-300x106.jpg 300w, https:\/\/www.cvl-coutelier.be\/wp-content\/uploads\/2024\/04\/Badge_Knife_2024_ich_bin_dabei-768x271.jpg 768w, https:\/\/www.cvl-coutelier.be\/wp-content\/uploads\/2024\/04\/Badge_Knife_2024_ich_bin_dabei.jpg 1388w\" sizes=\"auto, (max-width: 450px) 100vw, 450px\" \/><\/p>\n","protected":false},"excerpt":{"rendered":"<p>Je participerai cette ann\u00e9e \u00e0 l&rsquo;exposition Knife Solingen 2024. Je me r\u00e9jouis de vous y rencontrer.<\/p>\n","protected":false},"author":1,"featured_media":1044,"comment_status":"open","ping_status":"open","sticky":true,"template":"","format":"standard","meta":{"jetpack_post_was_ever_published":false,"_jetpack_newsletter_access":"","_jetpack_dont_email_post_to_subs":false,"_jetpack_newsletter_tier_id":0,"_jetpack_memberships_contains_paywalled_content":false,"_jetpack_memberships_contains_paid_content":false,"footnotes":"","jetpack_publicize_message":"","jetpack_publicize_feature_enabled":true,"jetpack_social_post_already_shared":true,"jetpack_social_options":{"image_generator_settings":{"template":"highway","default_image_id":0,"font":"","enabled":false},"version":2}},"categories":[7],"tags":[],"class_list":["post-1043","post","type-post","status-publish","format-standard","has-post-thumbnail","hentry","category-en-direct-de-la-forge"],"jetpack_publicize_connections":[],"jetpack_featured_media_url":"https:\/\/www.cvl-coutelier.be\/wp-content\/uploads\/2024\/04\/Badge_Knife_2024_ich_bin_dabei.jpg","jetpack_sharing_enabled":true,"jetpack_shortlink":"https:\/\/wp.me\/p8hx1A-gP","jetpack-related-posts":[{"id":894,"url":"https:\/\/www.cvl-coutelier.be\/index.php\/2023\/07\/26\/bks-gembloux-11-12-novembre-2023\/","url_meta":{"origin":1043,"position":0},"title":"BKS GEMBLOUX &#8211; 11\/12 novembre 2023","author":"Christophe van Lochem","date":"26 juillet 2023","format":false,"excerpt":"\u00a0 \u00a0 The Belgian Knife Society Asbl\/vzw Je serai pr\u00e9sent comme exposant et me r\u00e9jouis de vous y rencontrer pour vous pr\u00e9senter mes derni\u00e8res cr\u00e9ations ou discuter de votre \u00e9ventuel projet ou participation \u00e0 un stage. I will be exhibiting at this trade fair and I look forward to meeting\u2026","rel":"","context":"Dans &quot;En direct de la forge&quot;","block_context":{"text":"En direct de la forge","link":"https:\/\/www.cvl-coutelier.be\/index.php\/category\/en-direct-de-la-forge\/"},"img":{"alt_text":"Aucune description de photo disponible.","src":"https:\/\/scontent-ams4-1.xx.fbcdn.net\/v\/t39.30808-6\/309238901_469052365254551_1745891968427433080_n.jpg?_nc_cat=103&ccb=1-7&_nc_sid=09cbfe&_nc_ohc=OL3AlxoJze0AX8PK8cY&_nc_ht=scontent-ams4-1.xx&oh=00_AfCQrgiy1OCl0HqvvpCtwO6kWzISsBKoR8vbnblnTsljUA&oe=64C4F4F9","width":350,"height":200},"classes":[]},{"id":903,"url":"https:\/\/www.cvl-coutelier.be\/index.php\/2024\/03\/25\/rencontres-printanieres-06-avril-2024\/","url_meta":{"origin":1043,"position":1},"title":"Rencontres printani\u00e8res &#8211; 06 avril 2024","author":"Christophe van Lochem","date":"25 mars 2024","format":false,"excerpt":"\u00a0 Le 6 avril auront lieu les rencontres printani\u00e8res, organis\u00e9es par \u00ab batir l\u2019avenir \u00bb. De nombreux artisans r\u00e9gionaux y participeront. Je serai pr\u00e9sent pour vous pr\u00e9senter mes cr\u00e9ations en coutellerie. Je me r\u00e9jouit de vous y rencontrer et discuter de ma passion et qui sait\u2026. De votre projet de\u2026","rel":"","context":"Dans &quot;En direct de la forge&quot;","block_context":{"text":"En direct de la forge","link":"https:\/\/www.cvl-coutelier.be\/index.php\/category\/en-direct-de-la-forge\/"},"img":{"alt_text":"","src":"https:\/\/i0.wp.com\/www.cvl-coutelier.be\/wp-content\/uploads\/2023\/07\/batir.jpg?resize=350%2C200&ssl=1","width":350,"height":200,"srcset":"https:\/\/i0.wp.com\/www.cvl-coutelier.be\/wp-content\/uploads\/2023\/07\/batir.jpg?resize=350%2C200&ssl=1 1x, https:\/\/i0.wp.com\/www.cvl-coutelier.be\/wp-content\/uploads\/2023\/07\/batir.jpg?resize=525%2C300&ssl=1 1.5x, https:\/\/i0.wp.com\/www.cvl-coutelier.be\/wp-content\/uploads\/2023\/07\/batir.jpg?resize=700%2C400&ssl=1 2x, https:\/\/i0.wp.com\/www.cvl-coutelier.be\/wp-content\/uploads\/2023\/07\/batir.jpg?resize=1050%2C600&ssl=1 3x, https:\/\/i0.wp.com\/www.cvl-coutelier.be\/wp-content\/uploads\/2023\/07\/batir.jpg?resize=1400%2C800&ssl=1 4x"},"classes":[]},{"id":1,"url":"https:\/\/www.cvl-coutelier.be\/index.php\/2017\/01\/09\/bienvenue\/","url_meta":{"origin":1043,"position":2},"title":"Bienvenue sur mon site !","author":"Christophe van Lochem","date":"9 janvier 2017","format":false,"excerpt":"Tr\u00e8s t\u00f4t le feu de la forge a allum\u00e9 un reflet particulier dans mon \u0153il. Comme d\u2019autres ont r\u00eav\u00e9 d\u2019\u00eatre pompier ou pilote d\u2019avion, je r\u00eavais d\u2019\u00eatre forgeron. C\u2019est la passion pour le travail manuel de mat\u00e9riaux bruts qui m\u2019a amen\u00e9 \u00e0 construire ma propre forge pour apprendre \u00e0 en\u2026","rel":"","context":"Dans &quot;En direct de la forge&quot;","block_context":{"text":"En direct de la forge","link":"https:\/\/www.cvl-coutelier.be\/index.php\/category\/en-direct-de-la-forge\/"},"img":{"alt_text":"","src":"https:\/\/i0.wp.com\/www.cvl-coutelier.be\/wp-content\/uploads\/2017\/01\/2Z3A0211-10.jpg?resize=350%2C200&ssl=1","width":350,"height":200,"srcset":"https:\/\/i0.wp.com\/www.cvl-coutelier.be\/wp-content\/uploads\/2017\/01\/2Z3A0211-10.jpg?resize=350%2C200&ssl=1 1x, https:\/\/i0.wp.com\/www.cvl-coutelier.be\/wp-content\/uploads\/2017\/01\/2Z3A0211-10.jpg?resize=525%2C300&ssl=1 1.5x, https:\/\/i0.wp.com\/www.cvl-coutelier.be\/wp-content\/uploads\/2017\/01\/2Z3A0211-10.jpg?resize=700%2C400&ssl=1 2x, https:\/\/i0.wp.com\/www.cvl-coutelier.be\/wp-content\/uploads\/2017\/01\/2Z3A0211-10.jpg?resize=1050%2C600&ssl=1 3x, https:\/\/i0.wp.com\/www.cvl-coutelier.be\/wp-content\/uploads\/2017\/01\/2Z3A0211-10.jpg?resize=1400%2C800&ssl=1 4x"},"classes":[]},{"id":922,"url":"https:\/\/www.cvl-coutelier.be\/index.php\/2023\/07\/26\/stage-de-coutellerie-informations\/","url_meta":{"origin":1043,"position":3},"title":"Stage de coutellerie &#8211; Informations","author":"Christophe van Lochem","date":"26 juillet 2023","format":false,"excerpt":"Les stages que j'organise sont des stages individuels et se font sur deux jours (de pr\u00e9f\u00e9rence sur deux samedis ou un week-end), les dates sont \u00e0 d\u00e9finir ensemble. Le nombre maximum de stagiaires est de 2. Le stagiaire\u00a0va forger et r\u00e9aliser enti\u00e8rement son couteau en passant par toutes les \u00e9tapes\u2026","rel":"","context":"Dans &quot;En direct de la forge&quot;","block_context":{"text":"En direct de la forge","link":"https:\/\/www.cvl-coutelier.be\/index.php\/category\/en-direct-de-la-forge\/"},"img":{"alt_text":"","src":"https:\/\/i0.wp.com\/www.cvl-coutelier.be\/wp-content\/uploads\/2023\/07\/IMG_5430-scaled.jpg?resize=350%2C200&ssl=1","width":350,"height":200,"srcset":"https:\/\/i0.wp.com\/www.cvl-coutelier.be\/wp-content\/uploads\/2023\/07\/IMG_5430-scaled.jpg?resize=350%2C200&ssl=1 1x, https:\/\/i0.wp.com\/www.cvl-coutelier.be\/wp-content\/uploads\/2023\/07\/IMG_5430-scaled.jpg?resize=525%2C300&ssl=1 1.5x, https:\/\/i0.wp.com\/www.cvl-coutelier.be\/wp-content\/uploads\/2023\/07\/IMG_5430-scaled.jpg?resize=700%2C400&ssl=1 2x, https:\/\/i0.wp.com\/www.cvl-coutelier.be\/wp-content\/uploads\/2023\/07\/IMG_5430-scaled.jpg?resize=1050%2C600&ssl=1 3x, https:\/\/i0.wp.com\/www.cvl-coutelier.be\/wp-content\/uploads\/2023\/07\/IMG_5430-scaled.jpg?resize=1400%2C800&ssl=1 4x"},"classes":[]},{"id":955,"url":"https:\/\/www.cvl-coutelier.be\/index.php\/2023\/09\/13\/ils-se-sont-dis-oui\/","url_meta":{"origin":1043,"position":4},"title":"Ils se sont dis Oui !","author":"Christophe van Lochem","date":"13 septembre 2023","format":false,"excerpt":"Au lieu de vous parler de ce couteau pliant du point de vue technique, mat\u00e9riaux utilis\u00e9s, damas forg\u00e9\u2026. Je pr\u00e9f\u00e8re vous parler de l\u2019amour d\u2019Emmanuelle pour Rudy, qui a accept\u00e9 que ce couteau devienne le symbole de leur union\u2026 car Rudy ne porte pas de bijoux, pas de montres, pas\u2026","rel":"","context":"Dans &quot;Bijoux&quot;","block_context":{"text":"Bijoux","link":"https:\/\/www.cvl-coutelier.be\/index.php\/category\/bijoux\/"},"img":{"alt_text":"","src":"https:\/\/i0.wp.com\/www.cvl-coutelier.be\/wp-content\/uploads\/2023\/09\/IMG-20230913-WA0009.jpg?resize=350%2C200&ssl=1","width":350,"height":200,"srcset":"https:\/\/i0.wp.com\/www.cvl-coutelier.be\/wp-content\/uploads\/2023\/09\/IMG-20230913-WA0009.jpg?resize=350%2C200&ssl=1 1x, https:\/\/i0.wp.com\/www.cvl-coutelier.be\/wp-content\/uploads\/2023\/09\/IMG-20230913-WA0009.jpg?resize=525%2C300&ssl=1 1.5x, https:\/\/i0.wp.com\/www.cvl-coutelier.be\/wp-content\/uploads\/2023\/09\/IMG-20230913-WA0009.jpg?resize=700%2C400&ssl=1 2x, https:\/\/i0.wp.com\/www.cvl-coutelier.be\/wp-content\/uploads\/2023\/09\/IMG-20230913-WA0009.jpg?resize=1050%2C600&ssl=1 3x"},"classes":[]},{"id":871,"url":"https:\/\/www.cvl-coutelier.be\/index.php\/2022\/02\/22\/video-de-la-realisation-dun-couteau-de-cuisine-en-damas\/","url_meta":{"origin":1043,"position":5},"title":"Vid\u00e9o de la r\u00e9alisation d&rsquo;un couteau de cuisine en damas","author":"Christophe van Lochem","date":"22 f\u00e9vrier 2022","format":false,"excerpt":"\u00a0 Si vous l'avez rat\u00e9 la premi\u00e8re fois ou ne pouviez pas la voir, voici la vid\u00e9o r\u00e9alis\u00e9e par Joseph Backes dans mon atelier \u00e0 Waimes (Belgique). \u00a0 Dans la vid\u00e9o sont pr\u00e9sent\u00e9s les diff\u00e9rentes \u00e9tapes de fabrication d'un couteau de cuisine \u00e0 lame damass\u00e9e : s\u00e9lection des aciers -\u2026","rel":"","context":"Dans &quot;Couteaux&quot;","block_context":{"text":"Couteaux","link":"https:\/\/www.cvl-coutelier.be\/index.php\/category\/couteaux\/"},"img":{"alt_text":"","src":"https:\/\/i0.wp.com\/www.cvl-coutelier.be\/wp-content\/uploads\/2022\/02\/couteau-cuisine-damas.png?resize=350%2C200&ssl=1","width":350,"height":200,"srcset":"https:\/\/i0.wp.com\/www.cvl-coutelier.be\/wp-content\/uploads\/2022\/02\/couteau-cuisine-damas.png?resize=350%2C200&ssl=1 1x, https:\/\/i0.wp.com\/www.cvl-coutelier.be\/wp-content\/uploads\/2022\/02\/couteau-cuisine-damas.png?resize=525%2C300&ssl=1 1.5x"},"classes":[]}],"_links":{"self":[{"href":"https:\/\/www.cvl-coutelier.be\/index.php\/wp-json\/wp\/v2\/posts\/1043","targetHints":{"allow":["GET"]}}],"collection":[{"href":"https:\/\/www.cvl-coutelier.be\/index.php\/wp-json\/wp\/v2\/posts"}],"about":[{"href":"https:\/\/www.cvl-coutelier.be\/index.php\/wp-json\/wp\/v2\/types\/post"}],"author":[{"embeddable":true,"href":"https:\/\/www.cvl-coutelier.be\/index.php\/wp-json\/wp\/v2\/users\/1"}],"replies":[{"embeddable":true,"href":"https:\/\/www.cvl-coutelier.be\/index.php\/wp-json\/wp\/v2\/comments?post=1043"}],"version-history":[{"count":3,"href":"https:\/\/www.cvl-coutelier.be\/index.php\/wp-json\/wp\/v2\/posts\/1043\/revisions"}],"predecessor-version":[{"id":1050,"href":"https:\/\/www.cvl-coutelier.be\/index.php\/wp-json\/wp\/v2\/posts\/1043\/revisions\/1050"}],"wp:featuredmedia":[{"embeddable":true,"href":"https:\/\/www.cvl-coutelier.be\/index.php\/wp-json\/wp\/v2\/media\/1044"}],"wp:attachment":[{"href":"https:\/\/www.cvl-coutelier.be\/index.php\/wp-json\/wp\/v2\/media?parent=1043"}],"wp:term":[{"taxonomy":"category","embeddable":true,"href":"https:\/\/www.cvl-coutelier.be\/index.php\/wp-json\/wp\/v2\/categories?post=1043"},{"taxonomy":"post_tag","embeddable":true,"href":"https:\/\/www.cvl-coutelier.be\/index.php\/wp-json\/wp\/v2\/tags?post=1043"}],"curies":[{"name":"wp","href":"https:\/\/api.w.org\/{rel}","templated":true}]}}