{"id":212,"date":"2018-06-17T15:20:08","date_gmt":"2018-06-17T13:20:08","guid":{"rendered":"http:\/\/www.cvl-coutelier.be\/?p=212"},"modified":"2018-06-17T15:20:08","modified_gmt":"2018-06-17T13:20:08","slug":"couteau-de-cuisine-forge","status":"publish","type":"post","link":"https:\/\/www.cvl-coutelier.be\/index.php\/2018\/06\/17\/couteau-de-cuisine-forge\/","title":{"rendered":"Couteau de cuisine forg\u00e9"},"content":{"rendered":"<p>Couteau de cuisine forg\u00e9 main en acier 1.2519. Longueur totale 33 cm, hauteur de la lame 42mm. Manche en \u00ab\u00a0Desert ironwood\u00a0\u00bb,\u00a0huil\u00e9 avec\u00a0danish o\u00efl naturel.<img loading=\"lazy\" decoding=\"async\" data-attachment-id=\"217\" data-permalink=\"https:\/\/www.cvl-coutelier.be\/index.php\/2018\/06\/17\/couteau-de-cuisine-forge\/mh1-corrige-2\/\" data-orig-file=\"https:\/\/www.cvl-coutelier.be\/wp-content\/uploads\/2018\/06\/MH1-corrig\u00e9-1.jpg\" data-orig-size=\"3676,2954\" data-comments-opened=\"1\" data-image-meta=\"{&quot;aperture&quot;:&quot;1.8&quot;,&quot;credit&quot;:&quot;&quot;,&quot;camera&quot;:&quot;iPhone 7&quot;,&quot;caption&quot;:&quot;&quot;,&quot;created_timestamp&quot;:&quot;1529244484&quot;,&quot;copyright&quot;:&quot;&quot;,&quot;focal_length&quot;:&quot;3.99&quot;,&quot;iso&quot;:&quot;20&quot;,&quot;shutter_speed&quot;:&quot;0.00041701417848207&quot;,&quot;title&quot;:&quot;&quot;,&quot;orientation&quot;:&quot;1&quot;}\" data-image-title=\"MH1 &amp;#8211; corrig\u00e9\" data-image-description=\"\" data-image-caption=\"\" data-large-file=\"https:\/\/www.cvl-coutelier.be\/wp-content\/uploads\/2018\/06\/MH1-corrig\u00e9-1-1024x823.jpg\" class=\"alignleft size-large wp-image-217\" src=\"http:\/\/www.cvl-coutelier.be\/wp-content\/uploads\/2018\/06\/MH1-corrig\u00e9-1-1024x823.jpg\" alt=\"\" width=\"800\" height=\"643\" srcset=\"https:\/\/www.cvl-coutelier.be\/wp-content\/uploads\/2018\/06\/MH1-corrig\u00e9-1-1024x823.jpg 1024w, https:\/\/www.cvl-coutelier.be\/wp-content\/uploads\/2018\/06\/MH1-corrig\u00e9-1-300x241.jpg 300w, https:\/\/www.cvl-coutelier.be\/wp-content\/uploads\/2018\/06\/MH1-corrig\u00e9-1-450x362.jpg 450w, https:\/\/www.cvl-coutelier.be\/wp-content\/uploads\/2018\/06\/MH1-corrig\u00e9-1-768x617.jpg 768w\" sizes=\"auto, (max-width: 800px) 100vw, 800px\" \/><\/p>\n","protected":false},"excerpt":{"rendered":"<p>Couteau de cuisine forg\u00e9 main en acier 1.2519. Longueur totale 33 cm, hauteur de la lame 42mm. Manche en \u00ab\u00a0Desert ironwood\u00a0\u00bb,\u00a0huil\u00e9 avec\u00a0danish o\u00efl naturel.<\/p>\n","protected":false},"author":1,"featured_media":217,"comment_status":"open","ping_status":"open","sticky":false,"template":"","format":"standard","meta":{"jetpack_post_was_ever_published":false,"_jetpack_newsletter_access":"","_jetpack_dont_email_post_to_subs":false,"_jetpack_newsletter_tier_id":0,"_jetpack_memberships_contains_paywalled_content":false,"_jetpack_memberships_contains_paid_content":false,"footnotes":"","jetpack_publicize_message":"","jetpack_publicize_feature_enabled":true,"jetpack_social_post_already_shared":true,"jetpack_social_options":{"image_generator_settings":{"template":"highway","default_image_id":0,"font":"","enabled":false},"version":2}},"categories":[4,7],"tags":[],"class_list":["post-212","post","type-post","status-publish","format-standard","has-post-thumbnail","hentry","category-couteaux","category-en-direct-de-la-forge"],"jetpack_publicize_connections":[],"jetpack_featured_media_url":"https:\/\/www.cvl-coutelier.be\/wp-content\/uploads\/2018\/06\/MH1-corrig\u00e9-1.jpg","jetpack_sharing_enabled":true,"jetpack_shortlink":"https:\/\/wp.me\/p8hx1A-3q","jetpack-related-posts":[{"id":871,"url":"https:\/\/www.cvl-coutelier.be\/index.php\/2022\/02\/22\/video-de-la-realisation-dun-couteau-de-cuisine-en-damas\/","url_meta":{"origin":212,"position":0},"title":"Vid\u00e9o de la r\u00e9alisation d&rsquo;un couteau de cuisine en damas","author":"Christophe van Lochem","date":"22 f\u00e9vrier 2022","format":false,"excerpt":"\u00a0 Si vous l'avez rat\u00e9 la premi\u00e8re fois ou ne pouviez pas la voir, voici la vid\u00e9o r\u00e9alis\u00e9e par Joseph Backes dans mon atelier \u00e0 Waimes (Belgique). \u00a0 Dans la vid\u00e9o sont pr\u00e9sent\u00e9s les diff\u00e9rentes \u00e9tapes de fabrication d'un couteau de cuisine \u00e0 lame damass\u00e9e : s\u00e9lection des aciers -\u2026","rel":"","context":"Dans &quot;Couteaux&quot;","block_context":{"text":"Couteaux","link":"https:\/\/www.cvl-coutelier.be\/index.php\/category\/couteaux\/"},"img":{"alt_text":"","src":"https:\/\/i0.wp.com\/www.cvl-coutelier.be\/wp-content\/uploads\/2022\/02\/couteau-cuisine-damas.png?resize=350%2C200&ssl=1","width":350,"height":200,"srcset":"https:\/\/i0.wp.com\/www.cvl-coutelier.be\/wp-content\/uploads\/2022\/02\/couteau-cuisine-damas.png?resize=350%2C200&ssl=1 1x, https:\/\/i0.wp.com\/www.cvl-coutelier.be\/wp-content\/uploads\/2022\/02\/couteau-cuisine-damas.png?resize=525%2C300&ssl=1 1.5x"},"classes":[]},{"id":817,"url":"https:\/\/www.cvl-coutelier.be\/index.php\/2021\/06\/02\/stage-de-coutellerie-frederic-dierkens\/","url_meta":{"origin":212,"position":1},"title":"Stage de Coutellerie &#8211; Frederic Dierkens","author":"Christophe van Lochem","date":"2 juin 2021","format":false,"excerpt":"Stage d'initiation \u00e0 la coutellerie avec Frederic Dierkens pour la r\u00e9alisation d'un couteau de cuisine en acier 125SC. Manche en loupe de bois de fer et initiales grav\u00e9es dans la lame. Super week-end et tr\u00e8s belle rencontre. On s'est trouv\u00e9 pas mal d'affinit\u00e9s et on a eu de belles discussions\u2026","rel":"","context":"Dans &quot;Couteaux&quot;","block_context":{"text":"Couteaux","link":"https:\/\/www.cvl-coutelier.be\/index.php\/category\/couteaux\/"},"img":{"alt_text":"","src":"https:\/\/i0.wp.com\/www.cvl-coutelier.be\/wp-content\/uploads\/2021\/06\/FD-forge-4-scaled.jpg?resize=350%2C200&ssl=1","width":350,"height":200,"srcset":"https:\/\/i0.wp.com\/www.cvl-coutelier.be\/wp-content\/uploads\/2021\/06\/FD-forge-4-scaled.jpg?resize=350%2C200&ssl=1 1x, https:\/\/i0.wp.com\/www.cvl-coutelier.be\/wp-content\/uploads\/2021\/06\/FD-forge-4-scaled.jpg?resize=525%2C300&ssl=1 1.5x, https:\/\/i0.wp.com\/www.cvl-coutelier.be\/wp-content\/uploads\/2021\/06\/FD-forge-4-scaled.jpg?resize=700%2C400&ssl=1 2x, https:\/\/i0.wp.com\/www.cvl-coutelier.be\/wp-content\/uploads\/2021\/06\/FD-forge-4-scaled.jpg?resize=1050%2C600&ssl=1 3x, https:\/\/i0.wp.com\/www.cvl-coutelier.be\/wp-content\/uploads\/2021\/06\/FD-forge-4-scaled.jpg?resize=1400%2C800&ssl=1 4x"},"classes":[]},{"id":806,"url":"https:\/\/www.cvl-coutelier.be\/index.php\/2021\/05\/04\/video-realisation-dun-couteau-de-cusine-damas\/","url_meta":{"origin":212,"position":2},"title":"Vid\u00e9o &#8211; R\u00e9alisation d&rsquo;un couteau de cuisine damas.","author":"Christophe van Lochem","date":"4 mai 2021","format":false,"excerpt":"https:\/\/vimeo.com\/544959356 Film r\u00e9alis\u00e9 par Joseph Backes - DS Production","rel":"","context":"Dans &quot;En direct de la forge&quot;","block_context":{"text":"En direct de la forge","link":"https:\/\/www.cvl-coutelier.be\/index.php\/category\/en-direct-de-la-forge\/"},"img":{"alt_text":"","src":"https:\/\/i0.wp.com\/www.cvl-coutelier.be\/wp-content\/uploads\/2021\/05\/Forge-CVL.png?resize=350%2C200&ssl=1","width":350,"height":200,"srcset":"https:\/\/i0.wp.com\/www.cvl-coutelier.be\/wp-content\/uploads\/2021\/05\/Forge-CVL.png?resize=350%2C200&ssl=1 1x, https:\/\/i0.wp.com\/www.cvl-coutelier.be\/wp-content\/uploads\/2021\/05\/Forge-CVL.png?resize=525%2C300&ssl=1 1.5x, https:\/\/i0.wp.com\/www.cvl-coutelier.be\/wp-content\/uploads\/2021\/05\/Forge-CVL.png?resize=700%2C400&ssl=1 2x, https:\/\/i0.wp.com\/www.cvl-coutelier.be\/wp-content\/uploads\/2021\/05\/Forge-CVL.png?resize=1050%2C600&ssl=1 3x, https:\/\/i0.wp.com\/www.cvl-coutelier.be\/wp-content\/uploads\/2021\/05\/Forge-CVL.png?resize=1400%2C800&ssl=1 4x"},"classes":[]},{"id":922,"url":"https:\/\/www.cvl-coutelier.be\/index.php\/2023\/07\/26\/stage-de-coutellerie-informations\/","url_meta":{"origin":212,"position":3},"title":"Stage de coutellerie &#8211; Informations","author":"Christophe van Lochem","date":"26 juillet 2023","format":false,"excerpt":"Les stages que j'organise sont des stages individuels et se font sur deux jours (de pr\u00e9f\u00e9rence sur deux samedis ou un week-end), les dates sont \u00e0 d\u00e9finir ensemble. Le nombre maximum de stagiaires est de 2. Le stagiaire\u00a0va forger et r\u00e9aliser enti\u00e8rement son couteau en passant par toutes les \u00e9tapes\u2026","rel":"","context":"Dans &quot;En direct de la forge&quot;","block_context":{"text":"En direct de la forge","link":"https:\/\/www.cvl-coutelier.be\/index.php\/category\/en-direct-de-la-forge\/"},"img":{"alt_text":"","src":"https:\/\/i0.wp.com\/www.cvl-coutelier.be\/wp-content\/uploads\/2023\/07\/IMG_5430-scaled.jpg?resize=350%2C200&ssl=1","width":350,"height":200,"srcset":"https:\/\/i0.wp.com\/www.cvl-coutelier.be\/wp-content\/uploads\/2023\/07\/IMG_5430-scaled.jpg?resize=350%2C200&ssl=1 1x, https:\/\/i0.wp.com\/www.cvl-coutelier.be\/wp-content\/uploads\/2023\/07\/IMG_5430-scaled.jpg?resize=525%2C300&ssl=1 1.5x, https:\/\/i0.wp.com\/www.cvl-coutelier.be\/wp-content\/uploads\/2023\/07\/IMG_5430-scaled.jpg?resize=700%2C400&ssl=1 2x, https:\/\/i0.wp.com\/www.cvl-coutelier.be\/wp-content\/uploads\/2023\/07\/IMG_5430-scaled.jpg?resize=1050%2C600&ssl=1 3x, https:\/\/i0.wp.com\/www.cvl-coutelier.be\/wp-content\/uploads\/2023\/07\/IMG_5430-scaled.jpg?resize=1400%2C800&ssl=1 4x"},"classes":[]},{"id":193,"url":"https:\/\/www.cvl-coutelier.be\/index.php\/2017\/06\/03\/couteau-kai-damas\/","url_meta":{"origin":212,"position":4},"title":"Couteau Kai &#8211; Damas","author":"Christophe van Lochem","date":"3 juin 2017","format":false,"excerpt":"Couteau\u00a0japonais\u00a0Kai - damas forg\u00e9 en 1.2842 et 75Ni8. Longueur totale de 26 cm dont 11,5 cm de manche et 14,5 cm de lame. Epaisseur de la lame au plus large 2,5mm. \u00a0Hauteur\u00a03 cm. Manche en palissandre du Honduras.","rel":"","context":"Dans &quot;Couteaux&quot;","block_context":{"text":"Couteaux","link":"https:\/\/www.cvl-coutelier.be\/index.php\/category\/couteaux\/"},"img":{"alt_text":"","src":"https:\/\/i0.wp.com\/www.cvl-coutelier.be\/wp-content\/uploads\/2017\/06\/IMG_9661.jpg?resize=350%2C200&ssl=1","width":350,"height":200,"srcset":"https:\/\/i0.wp.com\/www.cvl-coutelier.be\/wp-content\/uploads\/2017\/06\/IMG_9661.jpg?resize=350%2C200&ssl=1 1x, https:\/\/i0.wp.com\/www.cvl-coutelier.be\/wp-content\/uploads\/2017\/06\/IMG_9661.jpg?resize=525%2C300&ssl=1 1.5x, https:\/\/i0.wp.com\/www.cvl-coutelier.be\/wp-content\/uploads\/2017\/06\/IMG_9661.jpg?resize=700%2C400&ssl=1 2x, https:\/\/i0.wp.com\/www.cvl-coutelier.be\/wp-content\/uploads\/2017\/06\/IMG_9661.jpg?resize=1050%2C600&ssl=1 3x, https:\/\/i0.wp.com\/www.cvl-coutelier.be\/wp-content\/uploads\/2017\/06\/IMG_9661.jpg?resize=1400%2C800&ssl=1 4x"},"classes":[]},{"id":903,"url":"https:\/\/www.cvl-coutelier.be\/index.php\/2024\/03\/25\/rencontres-printanieres-06-avril-2024\/","url_meta":{"origin":212,"position":5},"title":"Rencontres printani\u00e8res &#8211; 06 avril 2024","author":"Christophe van Lochem","date":"25 mars 2024","format":false,"excerpt":"\u00a0 Le 6 avril auront lieu les rencontres printani\u00e8res, organis\u00e9es par \u00ab batir l\u2019avenir \u00bb. De nombreux artisans r\u00e9gionaux y participeront. Je serai pr\u00e9sent pour vous pr\u00e9senter mes cr\u00e9ations en coutellerie. Je me r\u00e9jouit de vous y rencontrer et discuter de ma passion et qui sait\u2026. De votre projet de\u2026","rel":"","context":"Dans &quot;En direct de la forge&quot;","block_context":{"text":"En direct de la forge","link":"https:\/\/www.cvl-coutelier.be\/index.php\/category\/en-direct-de-la-forge\/"},"img":{"alt_text":"","src":"https:\/\/i0.wp.com\/www.cvl-coutelier.be\/wp-content\/uploads\/2023\/07\/batir.jpg?resize=350%2C200&ssl=1","width":350,"height":200,"srcset":"https:\/\/i0.wp.com\/www.cvl-coutelier.be\/wp-content\/uploads\/2023\/07\/batir.jpg?resize=350%2C200&ssl=1 1x, https:\/\/i0.wp.com\/www.cvl-coutelier.be\/wp-content\/uploads\/2023\/07\/batir.jpg?resize=525%2C300&ssl=1 1.5x, https:\/\/i0.wp.com\/www.cvl-coutelier.be\/wp-content\/uploads\/2023\/07\/batir.jpg?resize=700%2C400&ssl=1 2x, https:\/\/i0.wp.com\/www.cvl-coutelier.be\/wp-content\/uploads\/2023\/07\/batir.jpg?resize=1050%2C600&ssl=1 3x, https:\/\/i0.wp.com\/www.cvl-coutelier.be\/wp-content\/uploads\/2023\/07\/batir.jpg?resize=1400%2C800&ssl=1 4x"},"classes":[]}],"_links":{"self":[{"href":"https:\/\/www.cvl-coutelier.be\/index.php\/wp-json\/wp\/v2\/posts\/212","targetHints":{"allow":["GET"]}}],"collection":[{"href":"https:\/\/www.cvl-coutelier.be\/index.php\/wp-json\/wp\/v2\/posts"}],"about":[{"href":"https:\/\/www.cvl-coutelier.be\/index.php\/wp-json\/wp\/v2\/types\/post"}],"author":[{"embeddable":true,"href":"https:\/\/www.cvl-coutelier.be\/index.php\/wp-json\/wp\/v2\/users\/1"}],"replies":[{"embeddable":true,"href":"https:\/\/www.cvl-coutelier.be\/index.php\/wp-json\/wp\/v2\/comments?post=212"}],"version-history":[{"count":3,"href":"https:\/\/www.cvl-coutelier.be\/index.php\/wp-json\/wp\/v2\/posts\/212\/revisions"}],"predecessor-version":[{"id":218,"href":"https:\/\/www.cvl-coutelier.be\/index.php\/wp-json\/wp\/v2\/posts\/212\/revisions\/218"}],"wp:featuredmedia":[{"embeddable":true,"href":"https:\/\/www.cvl-coutelier.be\/index.php\/wp-json\/wp\/v2\/media\/217"}],"wp:attachment":[{"href":"https:\/\/www.cvl-coutelier.be\/index.php\/wp-json\/wp\/v2\/media?parent=212"}],"wp:term":[{"taxonomy":"category","embeddable":true,"href":"https:\/\/www.cvl-coutelier.be\/index.php\/wp-json\/wp\/v2\/categories?post=212"},{"taxonomy":"post_tag","embeddable":true,"href":"https:\/\/www.cvl-coutelier.be\/index.php\/wp-json\/wp\/v2\/tags?post=212"}],"curies":[{"name":"wp","href":"https:\/\/api.w.org\/{rel}","templated":true}]}}