{"id":220,"date":"2018-08-18T11:31:21","date_gmt":"2018-08-18T09:31:21","guid":{"rendered":"http:\/\/www.cvl-coutelier.be\/?p=220"},"modified":"2018-08-18T11:47:30","modified_gmt":"2018-08-18T09:47:30","slug":"comment-entretenir-ses-couteaux","status":"publish","type":"post","link":"https:\/\/www.cvl-coutelier.be\/index.php\/2018\/08\/18\/comment-entretenir-ses-couteaux\/","title":{"rendered":"Comment entretenir ses couteaux"},"content":{"rendered":"<p><img loading=\"lazy\" decoding=\"async\" data-attachment-id=\"224\" data-permalink=\"https:\/\/www.cvl-coutelier.be\/index.php\/2018\/08\/18\/comment-entretenir-ses-couteaux\/img_6640size-min1\/\" data-orig-file=\"https:\/\/www.cvl-coutelier.be\/wp-content\/uploads\/2018\/08\/IMG_664020size-min1-e1534585199659.jpg\" data-orig-size=\"1238,543\" data-comments-opened=\"1\" data-image-meta=\"{&quot;aperture&quot;:&quot;0&quot;,&quot;credit&quot;:&quot;&quot;,&quot;camera&quot;:&quot;&quot;,&quot;caption&quot;:&quot;&quot;,&quot;created_timestamp&quot;:&quot;0&quot;,&quot;copyright&quot;:&quot;&quot;,&quot;focal_length&quot;:&quot;0&quot;,&quot;iso&quot;:&quot;0&quot;,&quot;shutter_speed&quot;:&quot;0&quot;,&quot;title&quot;:&quot;&quot;,&quot;orientation&quot;:&quot;0&quot;}\" data-image-title=\"IMG_6640size-min[1]\" data-image-description=\"\" data-image-caption=\"\" data-large-file=\"https:\/\/www.cvl-coutelier.be\/wp-content\/uploads\/2018\/08\/IMG_664020size-min1-e1534585199659-1024x449.jpg\" class=\"alignleft size-large wp-image-224\" src=\"http:\/\/www.cvl-coutelier.be\/wp-content\/uploads\/2018\/08\/IMG_664020size-min1-e1534585199659-1024x449.jpg\" alt=\"\" width=\"800\" height=\"351\" srcset=\"https:\/\/www.cvl-coutelier.be\/wp-content\/uploads\/2018\/08\/IMG_664020size-min1-e1534585199659-1024x449.jpg 1024w, https:\/\/www.cvl-coutelier.be\/wp-content\/uploads\/2018\/08\/IMG_664020size-min1-e1534585199659-300x132.jpg 300w, https:\/\/www.cvl-coutelier.be\/wp-content\/uploads\/2018\/08\/IMG_664020size-min1-e1534585199659-450x197.jpg 450w, https:\/\/www.cvl-coutelier.be\/wp-content\/uploads\/2018\/08\/IMG_664020size-min1-e1534585199659-768x337.jpg 768w, https:\/\/www.cvl-coutelier.be\/wp-content\/uploads\/2018\/08\/IMG_664020size-min1-e1534585199659.jpg 1238w\" sizes=\"auto, (max-width: 800px) 100vw, 800px\" \/>On me demande souvent, comment entretenir ses couteaux avec lame en acier carbone ou \u00e9viter\/enlever des t\u00e2ches sur la lame. Vous trouverez ci-joint un tr\u00e8s bon article du site www.couteauxduchef.com, qui vous donne pas mal d&rsquo;astuces. Je vous en souhaite bonne lecture \ud83d\ude42<\/p>\n<p><a href=\"https:\/\/www.couteauxduchef.com\/content\/142-entretien-couteaux-acier-carbone\">https:\/\/www.couteauxduchef.com\/content\/142-entretien-couteaux-acier-carbone<\/a><\/p>\n<p>&nbsp;<\/p>\n<p>&nbsp;<\/p>\n","protected":false},"excerpt":{"rendered":"<p>On me demande souvent, comment entretenir ses couteaux avec lame en acier carbone ou \u00e9viter\/enlever des t\u00e2ches sur la lame. Vous trouverez ci-joint un tr\u00e8s bon article du site www.couteauxduchef.com, &#8230;<\/p>\n","protected":false},"author":1,"featured_media":224,"comment_status":"open","ping_status":"open","sticky":false,"template":"","format":"standard","meta":{"jetpack_post_was_ever_published":false,"_jetpack_newsletter_access":"","_jetpack_dont_email_post_to_subs":false,"_jetpack_newsletter_tier_id":0,"_jetpack_memberships_contains_paywalled_content":false,"_jetpack_memberships_contains_paid_content":false,"footnotes":"","jetpack_publicize_message":"","jetpack_publicize_feature_enabled":true,"jetpack_social_post_already_shared":true,"jetpack_social_options":{"image_generator_settings":{"template":"highway","default_image_id":0,"font":"","enabled":false},"version":2}},"categories":[4,6],"tags":[],"class_list":["post-220","post","type-post","status-publish","format-standard","has-post-thumbnail","hentry","category-couteaux","category-making-of"],"jetpack_publicize_connections":[],"jetpack_featured_media_url":"https:\/\/www.cvl-coutelier.be\/wp-content\/uploads\/2018\/08\/IMG_664020size-min1-e1534585199659.jpg","jetpack_sharing_enabled":true,"jetpack_shortlink":"https:\/\/wp.me\/p8hx1A-3y","jetpack-related-posts":[{"id":204,"url":"https:\/\/www.cvl-coutelier.be\/index.php\/2018\/02\/02\/liner-lock-lame-sandwich-1-1545-et-vieux-fer\/","url_meta":{"origin":220,"position":0},"title":"Liner lock lame sandwich 1.1545 et vieux fer.","author":"Christophe van Lochem","date":"2 f\u00e9vrier 2018","format":false,"excerpt":"Liner lock, avec lame sandwich forg\u00e9e en acier 1.1545 pour le tranchant et flancs en acier de fer puddl\u00e9. (bande de roulement de roue de cal\u00e8che d'avant 1900). Platines en Z20. Plaquettes de manche en loupe d'amboine qualit\u00e9 premium.\u00a0Longueur totale ouvert 22 cm. \u00a0","rel":"","context":"Dans &quot;Couteaux&quot;","block_context":{"text":"Couteaux","link":"https:\/\/www.cvl-coutelier.be\/index.php\/category\/couteaux\/"},"img":{"alt_text":"","src":"https:\/\/i0.wp.com\/www.cvl-coutelier.be\/wp-content\/uploads\/2018\/02\/25791002_325917167815238_6689863796546109828_o.jpg?resize=350%2C200&ssl=1","width":350,"height":200,"srcset":"https:\/\/i0.wp.com\/www.cvl-coutelier.be\/wp-content\/uploads\/2018\/02\/25791002_325917167815238_6689863796546109828_o.jpg?resize=350%2C200&ssl=1 1x, https:\/\/i0.wp.com\/www.cvl-coutelier.be\/wp-content\/uploads\/2018\/02\/25791002_325917167815238_6689863796546109828_o.jpg?resize=525%2C300&ssl=1 1.5x, https:\/\/i0.wp.com\/www.cvl-coutelier.be\/wp-content\/uploads\/2018\/02\/25791002_325917167815238_6689863796546109828_o.jpg?resize=700%2C400&ssl=1 2x, https:\/\/i0.wp.com\/www.cvl-coutelier.be\/wp-content\/uploads\/2018\/02\/25791002_325917167815238_6689863796546109828_o.jpg?resize=1050%2C600&ssl=1 3x, https:\/\/i0.wp.com\/www.cvl-coutelier.be\/wp-content\/uploads\/2018\/02\/25791002_325917167815238_6689863796546109828_o.jpg?resize=1400%2C800&ssl=1 4x"},"classes":[]},{"id":212,"url":"https:\/\/www.cvl-coutelier.be\/index.php\/2018\/06\/17\/couteau-de-cuisine-forge\/","url_meta":{"origin":220,"position":1},"title":"Couteau de cuisine forg\u00e9","author":"Christophe van Lochem","date":"17 juin 2018","format":false,"excerpt":"Couteau de cuisine forg\u00e9 main en acier 1.2519. Longueur totale 33 cm, hauteur de la lame 42mm. Manche en \"Desert ironwood\",\u00a0huil\u00e9 avec\u00a0danish o\u00efl naturel.","rel":"","context":"Dans &quot;Couteaux&quot;","block_context":{"text":"Couteaux","link":"https:\/\/www.cvl-coutelier.be\/index.php\/category\/couteaux\/"},"img":{"alt_text":"","src":"https:\/\/i0.wp.com\/www.cvl-coutelier.be\/wp-content\/uploads\/2018\/06\/MH1-corrig%C3%A9-1.jpg?resize=350%2C200&ssl=1","width":350,"height":200,"srcset":"https:\/\/i0.wp.com\/www.cvl-coutelier.be\/wp-content\/uploads\/2018\/06\/MH1-corrig%C3%A9-1.jpg?resize=350%2C200&ssl=1 1x, https:\/\/i0.wp.com\/www.cvl-coutelier.be\/wp-content\/uploads\/2018\/06\/MH1-corrig%C3%A9-1.jpg?resize=525%2C300&ssl=1 1.5x, https:\/\/i0.wp.com\/www.cvl-coutelier.be\/wp-content\/uploads\/2018\/06\/MH1-corrig%C3%A9-1.jpg?resize=700%2C400&ssl=1 2x, https:\/\/i0.wp.com\/www.cvl-coutelier.be\/wp-content\/uploads\/2018\/06\/MH1-corrig%C3%A9-1.jpg?resize=1050%2C600&ssl=1 3x, https:\/\/i0.wp.com\/www.cvl-coutelier.be\/wp-content\/uploads\/2018\/06\/MH1-corrig%C3%A9-1.jpg?resize=1400%2C800&ssl=1 4x"},"classes":[]},{"id":798,"url":"https:\/\/www.cvl-coutelier.be\/index.php\/2021\/01\/28\/liner-lock-14c28n-et-plaquettes-en-bois-gidgee\/","url_meta":{"origin":220,"position":2},"title":"Liner-lock 14C28N et plaquettes en bois gidgee","author":"Christophe van Lochem","date":"28 janvier 2021","format":false,"excerpt":"Dernier couteau pliant liner-lock en acier 14C28N, traitement post trempe \u00e0 l'azote liquide. Plaquettes en bois gidgee. Ce couteau est tr\u00e8s particulier pour moi et il m'a fallut pas mal de temps pour le sortir. Pas pour l'aspect technique, mais bien parce que ce couteau \u00e9tait command\u00e9 par un ancien\u2026","rel":"","context":"Dans &quot;Couteaux&quot;","block_context":{"text":"Couteaux","link":"https:\/\/www.cvl-coutelier.be\/index.php\/category\/couteaux\/"},"img":{"alt_text":"","src":"https:\/\/i0.wp.com\/www.cvl-coutelier.be\/wp-content\/uploads\/2021\/01\/FC13-2.jpg?resize=350%2C200&ssl=1","width":350,"height":200,"srcset":"https:\/\/i0.wp.com\/www.cvl-coutelier.be\/wp-content\/uploads\/2021\/01\/FC13-2.jpg?resize=350%2C200&ssl=1 1x, https:\/\/i0.wp.com\/www.cvl-coutelier.be\/wp-content\/uploads\/2021\/01\/FC13-2.jpg?resize=525%2C300&ssl=1 1.5x, https:\/\/i0.wp.com\/www.cvl-coutelier.be\/wp-content\/uploads\/2021\/01\/FC13-2.jpg?resize=700%2C400&ssl=1 2x, https:\/\/i0.wp.com\/www.cvl-coutelier.be\/wp-content\/uploads\/2021\/01\/FC13-2.jpg?resize=1050%2C600&ssl=1 3x, https:\/\/i0.wp.com\/www.cvl-coutelier.be\/wp-content\/uploads\/2021\/01\/FC13-2.jpg?resize=1400%2C800&ssl=1 4x"},"classes":[]},{"id":817,"url":"https:\/\/www.cvl-coutelier.be\/index.php\/2021\/06\/02\/stage-de-coutellerie-frederic-dierkens\/","url_meta":{"origin":220,"position":3},"title":"Stage de Coutellerie &#8211; Frederic Dierkens","author":"Christophe van Lochem","date":"2 juin 2021","format":false,"excerpt":"Stage d'initiation \u00e0 la coutellerie avec Frederic Dierkens pour la r\u00e9alisation d'un couteau de cuisine en acier 125SC. Manche en loupe de bois de fer et initiales grav\u00e9es dans la lame. Super week-end et tr\u00e8s belle rencontre. On s'est trouv\u00e9 pas mal d'affinit\u00e9s et on a eu de belles discussions\u2026","rel":"","context":"Dans &quot;Couteaux&quot;","block_context":{"text":"Couteaux","link":"https:\/\/www.cvl-coutelier.be\/index.php\/category\/couteaux\/"},"img":{"alt_text":"","src":"https:\/\/i0.wp.com\/www.cvl-coutelier.be\/wp-content\/uploads\/2021\/06\/FD-forge-4-scaled.jpg?resize=350%2C200&ssl=1","width":350,"height":200,"srcset":"https:\/\/i0.wp.com\/www.cvl-coutelier.be\/wp-content\/uploads\/2021\/06\/FD-forge-4-scaled.jpg?resize=350%2C200&ssl=1 1x, https:\/\/i0.wp.com\/www.cvl-coutelier.be\/wp-content\/uploads\/2021\/06\/FD-forge-4-scaled.jpg?resize=525%2C300&ssl=1 1.5x, https:\/\/i0.wp.com\/www.cvl-coutelier.be\/wp-content\/uploads\/2021\/06\/FD-forge-4-scaled.jpg?resize=700%2C400&ssl=1 2x, https:\/\/i0.wp.com\/www.cvl-coutelier.be\/wp-content\/uploads\/2021\/06\/FD-forge-4-scaled.jpg?resize=1050%2C600&ssl=1 3x, https:\/\/i0.wp.com\/www.cvl-coutelier.be\/wp-content\/uploads\/2021\/06\/FD-forge-4-scaled.jpg?resize=1400%2C800&ssl=1 4x"},"classes":[]},{"id":894,"url":"https:\/\/www.cvl-coutelier.be\/index.php\/2023\/07\/26\/bks-gembloux-11-12-novembre-2023\/","url_meta":{"origin":220,"position":4},"title":"BKS GEMBLOUX &#8211; 11\/12 novembre 2023","author":"Christophe van Lochem","date":"26 juillet 2023","format":false,"excerpt":"\u00a0 \u00a0 The Belgian Knife Society Asbl\/vzw Je serai pr\u00e9sent comme exposant et me r\u00e9jouis de vous y rencontrer pour vous pr\u00e9senter mes derni\u00e8res cr\u00e9ations ou discuter de votre \u00e9ventuel projet ou participation \u00e0 un stage. I will be exhibiting at this trade fair and I look forward to meeting\u2026","rel":"","context":"Dans &quot;En direct de la forge&quot;","block_context":{"text":"En direct de la forge","link":"https:\/\/www.cvl-coutelier.be\/index.php\/category\/en-direct-de-la-forge\/"},"img":{"alt_text":"Aucune description de photo disponible.","src":"https:\/\/scontent-ams4-1.xx.fbcdn.net\/v\/t39.30808-6\/309238901_469052365254551_1745891968427433080_n.jpg?_nc_cat=103&ccb=1-7&_nc_sid=09cbfe&_nc_ohc=OL3AlxoJze0AX8PK8cY&_nc_ht=scontent-ams4-1.xx&oh=00_AfCQrgiy1OCl0HqvvpCtwO6kWzISsBKoR8vbnblnTsljUA&oe=64C4F4F9","width":350,"height":200},"classes":[]},{"id":790,"url":"https:\/\/www.cvl-coutelier.be\/index.php\/2020\/12\/28\/couteau-de-chasse-lame-niolox\/","url_meta":{"origin":220,"position":5},"title":"Couteau de Chasse &#8211; Lame Niolox et manche en \u00e9rable teint\u00e9 et stabilis\u00e9.","author":"Christophe van Lochem","date":"28 d\u00e9cembre 2020","format":false,"excerpt":"Commande Client : Couteau de chasse : Lame en Niolox avec finition microbill\u00e9e. Manche en loupe d'\u00e9rable teint\u00e9 et stabilis\u00e9. Longueur totale 27 cm. Hauteur de lame 40mm.","rel":"","context":"Dans &quot;Couteaux&quot;","block_context":{"text":"Couteaux","link":"https:\/\/www.cvl-coutelier.be\/index.php\/category\/couteaux\/"},"img":{"alt_text":"","src":"https:\/\/i0.wp.com\/www.cvl-coutelier.be\/wp-content\/uploads\/2020\/12\/couteau-de-chasse-ML-scaled.jpg?resize=350%2C200&ssl=1","width":350,"height":200,"srcset":"https:\/\/i0.wp.com\/www.cvl-coutelier.be\/wp-content\/uploads\/2020\/12\/couteau-de-chasse-ML-scaled.jpg?resize=350%2C200&ssl=1 1x, https:\/\/i0.wp.com\/www.cvl-coutelier.be\/wp-content\/uploads\/2020\/12\/couteau-de-chasse-ML-scaled.jpg?resize=525%2C300&ssl=1 1.5x, https:\/\/i0.wp.com\/www.cvl-coutelier.be\/wp-content\/uploads\/2020\/12\/couteau-de-chasse-ML-scaled.jpg?resize=700%2C400&ssl=1 2x, https:\/\/i0.wp.com\/www.cvl-coutelier.be\/wp-content\/uploads\/2020\/12\/couteau-de-chasse-ML-scaled.jpg?resize=1050%2C600&ssl=1 3x, https:\/\/i0.wp.com\/www.cvl-coutelier.be\/wp-content\/uploads\/2020\/12\/couteau-de-chasse-ML-scaled.jpg?resize=1400%2C800&ssl=1 4x"},"classes":[]}],"_links":{"self":[{"href":"https:\/\/www.cvl-coutelier.be\/index.php\/wp-json\/wp\/v2\/posts\/220","targetHints":{"allow":["GET"]}}],"collection":[{"href":"https:\/\/www.cvl-coutelier.be\/index.php\/wp-json\/wp\/v2\/posts"}],"about":[{"href":"https:\/\/www.cvl-coutelier.be\/index.php\/wp-json\/wp\/v2\/types\/post"}],"author":[{"embeddable":true,"href":"https:\/\/www.cvl-coutelier.be\/index.php\/wp-json\/wp\/v2\/users\/1"}],"replies":[{"embeddable":true,"href":"https:\/\/www.cvl-coutelier.be\/index.php\/wp-json\/wp\/v2\/comments?post=220"}],"version-history":[{"count":6,"href":"https:\/\/www.cvl-coutelier.be\/index.php\/wp-json\/wp\/v2\/posts\/220\/revisions"}],"predecessor-version":[{"id":229,"href":"https:\/\/www.cvl-coutelier.be\/index.php\/wp-json\/wp\/v2\/posts\/220\/revisions\/229"}],"wp:featuredmedia":[{"embeddable":true,"href":"https:\/\/www.cvl-coutelier.be\/index.php\/wp-json\/wp\/v2\/media\/224"}],"wp:attachment":[{"href":"https:\/\/www.cvl-coutelier.be\/index.php\/wp-json\/wp\/v2\/media?parent=220"}],"wp:term":[{"taxonomy":"category","embeddable":true,"href":"https:\/\/www.cvl-coutelier.be\/index.php\/wp-json\/wp\/v2\/categories?post=220"},{"taxonomy":"post_tag","embeddable":true,"href":"https:\/\/www.cvl-coutelier.be\/index.php\/wp-json\/wp\/v2\/tags?post=220"}],"curies":[{"name":"wp","href":"https:\/\/api.w.org\/{rel}","templated":true}]}}