{"id":254,"date":"2018-10-20T19:18:50","date_gmt":"2018-10-20T17:18:50","guid":{"rendered":"http:\/\/www.cvl-coutelier.be\/?p=254"},"modified":"2018-10-20T19:20:30","modified_gmt":"2018-10-20T17:20:30","slug":"commande-speciale-couteau-type-santoku-en-14c28n-longueur-totale-32-cm-pour-une-hauteur-de-42-mm-manche-en-mora-et-mitre-en-maillechort-intercalaires-rouges-et-blanc","status":"publish","type":"post","link":"https:\/\/www.cvl-coutelier.be\/index.php\/2018\/10\/20\/commande-speciale-couteau-type-santoku-en-14c28n-longueur-totale-32-cm-pour-une-hauteur-de-42-mm-manche-en-mora-et-mitre-en-maillechort-intercalaires-rouges-et-blanc\/","title":{"rendered":"Commande sp\u00e9ciale : Couteau type Santoku en 14C28N, longueur totale 32 cm pour une hauteur de 42 mm. Manche en mora et mitre en maillechort &#8211; intercalaires rouges et blanc."},"content":{"rendered":"<p><img loading=\"lazy\" decoding=\"async\" data-attachment-id=\"256\" data-permalink=\"https:\/\/www.cvl-coutelier.be\/index.php\/2018\/10\/20\/commande-speciale-couteau-type-santoku-en-14c28n-longueur-totale-32-cm-pour-une-hauteur-de-42-mm-manche-en-mora-et-mitre-en-maillechort-intercalaires-rouges-et-blanc\/img_1892b\/\" data-orig-file=\"https:\/\/www.cvl-coutelier.be\/wp-content\/uploads\/2018\/10\/IMG_1892B.jpg\" data-orig-size=\"4493,2995\" data-comments-opened=\"1\" data-image-meta=\"{&quot;aperture&quot;:&quot;10&quot;,&quot;credit&quot;:&quot;van Lochem Christophe&quot;,&quot;camera&quot;:&quot;Canon EOS 7D&quot;,&quot;caption&quot;:&quot;&quot;,&quot;created_timestamp&quot;:&quot;1540040509&quot;,&quot;copyright&quot;:&quot;van Lochem Christophe&quot;,&quot;focal_length&quot;:&quot;55&quot;,&quot;iso&quot;:&quot;200&quot;,&quot;shutter_speed&quot;:&quot;0.05&quot;,&quot;title&quot;:&quot;&quot;,&quot;orientation&quot;:&quot;1&quot;}\" data-image-title=\"IMG_1892B\" data-image-description=\"\" data-image-caption=\"\" data-large-file=\"https:\/\/www.cvl-coutelier.be\/wp-content\/uploads\/2018\/10\/IMG_1892B-1024x683.jpg\" class=\"alignleft size-medium wp-image-256\" src=\"http:\/\/www.cvl-coutelier.be\/wp-content\/uploads\/2018\/10\/IMG_1892B-450x300.jpg\" alt=\"\" width=\"450\" height=\"300\" srcset=\"https:\/\/www.cvl-coutelier.be\/wp-content\/uploads\/2018\/10\/IMG_1892B-450x300.jpg 450w, https:\/\/www.cvl-coutelier.be\/wp-content\/uploads\/2018\/10\/IMG_1892B-300x200.jpg 300w, https:\/\/www.cvl-coutelier.be\/wp-content\/uploads\/2018\/10\/IMG_1892B-768x512.jpg 768w, https:\/\/www.cvl-coutelier.be\/wp-content\/uploads\/2018\/10\/IMG_1892B-1024x683.jpg 1024w\" sizes=\"auto, (max-width: 450px) 100vw, 450px\" \/><\/p>\n","protected":false},"excerpt":{"rendered":"","protected":false},"author":1,"featured_media":256,"comment_status":"open","ping_status":"open","sticky":false,"template":"","format":"standard","meta":{"jetpack_post_was_ever_published":false,"_jetpack_newsletter_access":"","_jetpack_dont_email_post_to_subs":false,"_jetpack_newsletter_tier_id":0,"_jetpack_memberships_contains_paywalled_content":false,"_jetpack_memberships_contains_paid_content":false,"footnotes":"","jetpack_publicize_message":"","jetpack_publicize_feature_enabled":true,"jetpack_social_post_already_shared":true,"jetpack_social_options":{"image_generator_settings":{"template":"highway","default_image_id":0,"font":"","enabled":false},"version":2}},"categories":[4,7,8],"tags":[],"class_list":["post-254","post","type-post","status-publish","format-standard","has-post-thumbnail","hentry","category-couteaux","category-en-direct-de-la-forge","category-photos"],"jetpack_publicize_connections":[],"jetpack_featured_media_url":"https:\/\/www.cvl-coutelier.be\/wp-content\/uploads\/2018\/10\/IMG_1892B.jpg","jetpack_sharing_enabled":true,"jetpack_shortlink":"https:\/\/wp.me\/p8hx1A-46","jetpack-related-posts":[{"id":148,"url":"https:\/\/www.cvl-coutelier.be\/index.php\/2017\/03\/28\/stage-de-coutellerie-roger-et-morgane\/","url_meta":{"origin":254,"position":0},"title":"Stage de coutellerie Roger et Morgane","author":"Christophe van Lochem","date":"28 mars 2017","format":false,"excerpt":"P\u00e8re et fille sont venus forger leur couteaux ensemble. Pour elle, un pliant pi\u00e9montais, lame forg\u00e9e en 1.2842, plaquettes en loupe de marronnier et guillochage r\u00e9alis\u00e9 par ses soins,\u00a0pentagramme grav\u00e9 dans la calamine. Pour lui, lame forg\u00e9e en 125SC et manche en arizona\u00a0Ironwood, l\u00e9zard grav\u00e9 dans la calamine. Ce furent\u2026","rel":"","context":"Dans &quot;En direct de la forge&quot;","block_context":{"text":"En direct de la forge","link":"https:\/\/www.cvl-coutelier.be\/index.php\/category\/en-direct-de-la-forge\/"},"img":{"alt_text":"","src":"https:\/\/i0.wp.com\/www.cvl-coutelier.be\/wp-content\/uploads\/2017\/03\/17523405_10212872701002516_6103946220273302875_n-e1490726595804.jpg?resize=350%2C200&ssl=1","width":350,"height":200,"srcset":"https:\/\/i0.wp.com\/www.cvl-coutelier.be\/wp-content\/uploads\/2017\/03\/17523405_10212872701002516_6103946220273302875_n-e1490726595804.jpg?resize=350%2C200&ssl=1 1x, https:\/\/i0.wp.com\/www.cvl-coutelier.be\/wp-content\/uploads\/2017\/03\/17523405_10212872701002516_6103946220273302875_n-e1490726595804.jpg?resize=525%2C300&ssl=1 1.5x, https:\/\/i0.wp.com\/www.cvl-coutelier.be\/wp-content\/uploads\/2017\/03\/17523405_10212872701002516_6103946220273302875_n-e1490726595804.jpg?resize=700%2C400&ssl=1 2x"},"classes":[]},{"id":798,"url":"https:\/\/www.cvl-coutelier.be\/index.php\/2021\/01\/28\/liner-lock-14c28n-et-plaquettes-en-bois-gidgee\/","url_meta":{"origin":254,"position":1},"title":"Liner-lock 14C28N et plaquettes en bois gidgee","author":"Christophe van Lochem","date":"28 janvier 2021","format":false,"excerpt":"Dernier couteau pliant liner-lock en acier 14C28N, traitement post trempe \u00e0 l'azote liquide. Plaquettes en bois gidgee. Ce couteau est tr\u00e8s particulier pour moi et il m'a fallut pas mal de temps pour le sortir. Pas pour l'aspect technique, mais bien parce que ce couteau \u00e9tait command\u00e9 par un ancien\u2026","rel":"","context":"Dans &quot;Couteaux&quot;","block_context":{"text":"Couteaux","link":"https:\/\/www.cvl-coutelier.be\/index.php\/category\/couteaux\/"},"img":{"alt_text":"","src":"https:\/\/i0.wp.com\/www.cvl-coutelier.be\/wp-content\/uploads\/2021\/01\/FC13-2.jpg?resize=350%2C200&ssl=1","width":350,"height":200,"srcset":"https:\/\/i0.wp.com\/www.cvl-coutelier.be\/wp-content\/uploads\/2021\/01\/FC13-2.jpg?resize=350%2C200&ssl=1 1x, https:\/\/i0.wp.com\/www.cvl-coutelier.be\/wp-content\/uploads\/2021\/01\/FC13-2.jpg?resize=525%2C300&ssl=1 1.5x, https:\/\/i0.wp.com\/www.cvl-coutelier.be\/wp-content\/uploads\/2021\/01\/FC13-2.jpg?resize=700%2C400&ssl=1 2x, https:\/\/i0.wp.com\/www.cvl-coutelier.be\/wp-content\/uploads\/2021\/01\/FC13-2.jpg?resize=1050%2C600&ssl=1 3x, https:\/\/i0.wp.com\/www.cvl-coutelier.be\/wp-content\/uploads\/2021\/01\/FC13-2.jpg?resize=1400%2C800&ssl=1 4x"},"classes":[]},{"id":268,"url":"https:\/\/www.cvl-coutelier.be\/index.php\/2019\/06\/04\/stage-dinitiation-a-la-coutellerie-avec-fabian-duchesne-et-bruno-argentin\/","url_meta":{"origin":254,"position":2},"title":"Stage d&rsquo;initiation \u00e0 la coutellerie avec Fabian Duchesne et Bruno Argentin.","author":"Christophe van Lochem","date":"4 juin 2019","format":false,"excerpt":"Fabian et Bruno ont travaill\u00e9 deux jours \u00e0 leurs couteaux. Forge, backstand, traitements thermiques, fa\u00e7onnage du manche et finitions. Rien ne leur a \u00e9t\u00e9 \u00e9pargn\u00e9 \u2026 et le r\u00e9sultat en vaut vraiment la peine ! \u00a0 \u00a0","rel":"","context":"Dans &quot;Couteaux&quot;","block_context":{"text":"Couteaux","link":"https:\/\/www.cvl-coutelier.be\/index.php\/category\/couteaux\/"},"img":{"alt_text":"","src":"https:\/\/i0.wp.com\/www.cvl-coutelier.be\/wp-content\/uploads\/2019\/06\/stage-1.jpg?resize=350%2C200&ssl=1","width":350,"height":200},"classes":[]},{"id":620,"url":"https:\/\/www.cvl-coutelier.be\/index.php\/2020\/07\/13\/covid-19-premier-stage-apres-le-lockdown-filippo-dal-maso\/","url_meta":{"origin":254,"position":3},"title":"Covid -19 : Premier Stage apr\u00e8s le Lockdown : Filippo Dal Maso","author":"Christophe van Lochem","date":"13 juillet 2020","format":false,"excerpt":"Premier stagiaire apr\u00e8s le Lockdown, Filippo dal Maso, est venu r\u00e9aliser son couteau. L'atelier est suffisamment spacieux pour\u00a0 pouvoir garder les distances. En deux jours il a r\u00e9alis\u00e9 une petite merveille. Enti\u00e8rement \u00e9quip\u00e9. Lunettes de protection et masque. Notre chien Kira, adores les caresses et abuse des stagiaires d\u00e8s qu'elle\u2026","rel":"","context":"Dans &quot;En direct de la forge&quot;","block_context":{"text":"En direct de la forge","link":"https:\/\/www.cvl-coutelier.be\/index.php\/category\/en-direct-de-la-forge\/"},"img":{"alt_text":"et Filippo qui peut \u00eatre fier de son travail","src":"https:\/\/i0.wp.com\/www.cvl-coutelier.be\/wp-content\/uploads\/2020\/06\/IMG_3322.jpg?resize=350%2C200&ssl=1","width":350,"height":200,"srcset":"https:\/\/i0.wp.com\/www.cvl-coutelier.be\/wp-content\/uploads\/2020\/06\/IMG_3322.jpg?resize=350%2C200&ssl=1 1x, https:\/\/i0.wp.com\/www.cvl-coutelier.be\/wp-content\/uploads\/2020\/06\/IMG_3322.jpg?resize=525%2C300&ssl=1 1.5x, https:\/\/i0.wp.com\/www.cvl-coutelier.be\/wp-content\/uploads\/2020\/06\/IMG_3322.jpg?resize=700%2C400&ssl=1 2x, https:\/\/i0.wp.com\/www.cvl-coutelier.be\/wp-content\/uploads\/2020\/06\/IMG_3322.jpg?resize=1050%2C600&ssl=1 3x, https:\/\/i0.wp.com\/www.cvl-coutelier.be\/wp-content\/uploads\/2020\/06\/IMG_3322.jpg?resize=1400%2C800&ssl=1 4x"},"classes":[]},{"id":286,"url":"https:\/\/www.cvl-coutelier.be\/index.php\/2019\/06\/24\/stage-dinitiation-a-la-coutellerie-michel-gillet\/","url_meta":{"origin":254,"position":4},"title":"Stage d&rsquo;initiation \u00e0 la coutellerie &#8211; Michel Gillet","author":"Christophe van Lochem","date":"24 juin 2019","format":false,"excerpt":"Stage de deux jours pour Michel Gillet, amateur de couteaux et collectionneur. tr\u00e8s sympathique rencontre et beaucoup d'\u00e9changes. Tr\u00e8s belle r\u00e9alisation pour ce couteau forg\u00e9 en 1.2842 et manche en loupe de marronnier teint\u00e9 noir et stabilis\u00e9.","rel":"","context":"Dans &quot;Couteaux&quot;","block_context":{"text":"Couteaux","link":"https:\/\/www.cvl-coutelier.be\/index.php\/category\/couteaux\/"},"img":{"alt_text":"","src":"https:\/\/i0.wp.com\/www.cvl-coutelier.be\/wp-content\/uploads\/2019\/06\/IMG_6887-1-1.jpg?resize=350%2C200&ssl=1","width":350,"height":200,"srcset":"https:\/\/i0.wp.com\/www.cvl-coutelier.be\/wp-content\/uploads\/2019\/06\/IMG_6887-1-1.jpg?resize=350%2C200&ssl=1 1x, https:\/\/i0.wp.com\/www.cvl-coutelier.be\/wp-content\/uploads\/2019\/06\/IMG_6887-1-1.jpg?resize=525%2C300&ssl=1 1.5x, https:\/\/i0.wp.com\/www.cvl-coutelier.be\/wp-content\/uploads\/2019\/06\/IMG_6887-1-1.jpg?resize=700%2C400&ssl=1 2x"},"classes":[]},{"id":903,"url":"https:\/\/www.cvl-coutelier.be\/index.php\/2024\/03\/25\/rencontres-printanieres-06-avril-2024\/","url_meta":{"origin":254,"position":5},"title":"Rencontres printani\u00e8res &#8211; 06 avril 2024","author":"Christophe van Lochem","date":"25 mars 2024","format":false,"excerpt":"\u00a0 Le 6 avril auront lieu les rencontres printani\u00e8res, organis\u00e9es par \u00ab batir l\u2019avenir \u00bb. De nombreux artisans r\u00e9gionaux y participeront. Je serai pr\u00e9sent pour vous pr\u00e9senter mes cr\u00e9ations en coutellerie. Je me r\u00e9jouit de vous y rencontrer et discuter de ma passion et qui sait\u2026. De votre projet de\u2026","rel":"","context":"Dans &quot;En direct de la forge&quot;","block_context":{"text":"En direct de la forge","link":"https:\/\/www.cvl-coutelier.be\/index.php\/category\/en-direct-de-la-forge\/"},"img":{"alt_text":"","src":"https:\/\/i0.wp.com\/www.cvl-coutelier.be\/wp-content\/uploads\/2023\/07\/batir.jpg?resize=350%2C200&ssl=1","width":350,"height":200,"srcset":"https:\/\/i0.wp.com\/www.cvl-coutelier.be\/wp-content\/uploads\/2023\/07\/batir.jpg?resize=350%2C200&ssl=1 1x, https:\/\/i0.wp.com\/www.cvl-coutelier.be\/wp-content\/uploads\/2023\/07\/batir.jpg?resize=525%2C300&ssl=1 1.5x, https:\/\/i0.wp.com\/www.cvl-coutelier.be\/wp-content\/uploads\/2023\/07\/batir.jpg?resize=700%2C400&ssl=1 2x, https:\/\/i0.wp.com\/www.cvl-coutelier.be\/wp-content\/uploads\/2023\/07\/batir.jpg?resize=1050%2C600&ssl=1 3x, https:\/\/i0.wp.com\/www.cvl-coutelier.be\/wp-content\/uploads\/2023\/07\/batir.jpg?resize=1400%2C800&ssl=1 4x"},"classes":[]}],"_links":{"self":[{"href":"https:\/\/www.cvl-coutelier.be\/index.php\/wp-json\/wp\/v2\/posts\/254","targetHints":{"allow":["GET"]}}],"collection":[{"href":"https:\/\/www.cvl-coutelier.be\/index.php\/wp-json\/wp\/v2\/posts"}],"about":[{"href":"https:\/\/www.cvl-coutelier.be\/index.php\/wp-json\/wp\/v2\/types\/post"}],"author":[{"embeddable":true,"href":"https:\/\/www.cvl-coutelier.be\/index.php\/wp-json\/wp\/v2\/users\/1"}],"replies":[{"embeddable":true,"href":"https:\/\/www.cvl-coutelier.be\/index.php\/wp-json\/wp\/v2\/comments?post=254"}],"version-history":[{"count":3,"href":"https:\/\/www.cvl-coutelier.be\/index.php\/wp-json\/wp\/v2\/posts\/254\/revisions"}],"predecessor-version":[{"id":259,"href":"https:\/\/www.cvl-coutelier.be\/index.php\/wp-json\/wp\/v2\/posts\/254\/revisions\/259"}],"wp:featuredmedia":[{"embeddable":true,"href":"https:\/\/www.cvl-coutelier.be\/index.php\/wp-json\/wp\/v2\/media\/256"}],"wp:attachment":[{"href":"https:\/\/www.cvl-coutelier.be\/index.php\/wp-json\/wp\/v2\/media?parent=254"}],"wp:term":[{"taxonomy":"category","embeddable":true,"href":"https:\/\/www.cvl-coutelier.be\/index.php\/wp-json\/wp\/v2\/categories?post=254"},{"taxonomy":"post_tag","embeddable":true,"href":"https:\/\/www.cvl-coutelier.be\/index.php\/wp-json\/wp\/v2\/tags?post=254"}],"curies":[{"name":"wp","href":"https:\/\/api.w.org\/{rel}","templated":true}]}}