{"id":268,"date":"2019-06-04T08:55:09","date_gmt":"2019-06-04T06:55:09","guid":{"rendered":"http:\/\/www.cvl-coutelier.be\/?p=268"},"modified":"2019-06-24T13:16:50","modified_gmt":"2019-06-24T11:16:50","slug":"stage-dinitiation-a-la-coutellerie-avec-fabian-duchesne-et-bruno-argentin","status":"publish","type":"post","link":"https:\/\/www.cvl-coutelier.be\/index.php\/2019\/06\/04\/stage-dinitiation-a-la-coutellerie-avec-fabian-duchesne-et-bruno-argentin\/","title":{"rendered":"Stage d&rsquo;initiation \u00e0 la coutellerie avec Fabian Duchesne et Bruno Argentin."},"content":{"rendered":"<p>Fabian et Bruno ont travaill\u00e9 deux jours \u00e0 leurs couteaux. Forge, backstand, traitements thermiques, fa\u00e7onnage du manche et finitions. Rien ne leur a \u00e9t\u00e9 \u00e9pargn\u00e9 \u2026 et le r\u00e9sultat en vaut vraiment la peine !<\/p>\n<p><img loading=\"lazy\" decoding=\"async\" data-attachment-id=\"269\" data-permalink=\"https:\/\/www.cvl-coutelier.be\/index.php\/2019\/06\/04\/stage-dinitiation-a-la-coutellerie-avec-fabian-duchesne-et-bruno-argentin\/img_5797\/\" data-orig-file=\"https:\/\/www.cvl-coutelier.be\/wp-content\/uploads\/2019\/06\/IMG_5797-e1559630696733.jpg\" data-orig-size=\"3024,4032\" data-comments-opened=\"1\" data-image-meta=\"{&quot;aperture&quot;:&quot;1.8&quot;,&quot;credit&quot;:&quot;&quot;,&quot;camera&quot;:&quot;iPhone 7&quot;,&quot;caption&quot;:&quot;&quot;,&quot;created_timestamp&quot;:&quot;1559499604&quot;,&quot;copyright&quot;:&quot;&quot;,&quot;focal_length&quot;:&quot;3.99&quot;,&quot;iso&quot;:&quot;20&quot;,&quot;shutter_speed&quot;:&quot;0.0042372881355932&quot;,&quot;title&quot;:&quot;&quot;,&quot;orientation&quot;:&quot;6&quot;}\" data-image-title=\"IMG_5797\" data-image-description=\"\" data-image-caption=\"\" data-large-file=\"https:\/\/www.cvl-coutelier.be\/wp-content\/uploads\/2019\/06\/IMG_5797-e1559630696733-768x1024.jpg\" class=\"alignleft size-medium wp-image-269\" src=\"http:\/\/www.cvl-coutelier.be\/wp-content\/uploads\/2019\/06\/IMG_5797-e1559630696733-338x450.jpg\" alt=\"\" width=\"338\" height=\"450\" srcset=\"https:\/\/www.cvl-coutelier.be\/wp-content\/uploads\/2019\/06\/IMG_5797-e1559630696733-338x450.jpg 338w, https:\/\/www.cvl-coutelier.be\/wp-content\/uploads\/2019\/06\/IMG_5797-e1559630696733-225x300.jpg 225w, https:\/\/www.cvl-coutelier.be\/wp-content\/uploads\/2019\/06\/IMG_5797-e1559630696733-768x1024.jpg 768w\" sizes=\"auto, (max-width: 338px) 100vw, 338px\" \/><img loading=\"lazy\" decoding=\"async\" data-attachment-id=\"272\" data-permalink=\"https:\/\/www.cvl-coutelier.be\/index.php\/2019\/06\/04\/stage-dinitiation-a-la-coutellerie-avec-fabian-duchesne-et-bruno-argentin\/img_0666\/\" data-orig-file=\"https:\/\/www.cvl-coutelier.be\/wp-content\/uploads\/2019\/06\/IMG_0666-e1559631227444.jpg\" data-orig-size=\"3024,4032\" data-comments-opened=\"1\" data-image-meta=\"{&quot;aperture&quot;:&quot;1.8&quot;,&quot;credit&quot;:&quot;&quot;,&quot;camera&quot;:&quot;iPhone XR&quot;,&quot;caption&quot;:&quot;&quot;,&quot;created_timestamp&quot;:&quot;1559499691&quot;,&quot;copyright&quot;:&quot;&quot;,&quot;focal_length&quot;:&quot;4.25&quot;,&quot;iso&quot;:&quot;50&quot;,&quot;shutter_speed&quot;:&quot;0.0082644628099174&quot;,&quot;title&quot;:&quot;&quot;,&quot;orientation&quot;:&quot;6&quot;}\" data-image-title=\"IMG_0666\" data-image-description=\"\" data-image-caption=\"\" data-large-file=\"https:\/\/www.cvl-coutelier.be\/wp-content\/uploads\/2019\/06\/IMG_0666-e1559631227444-768x1024.jpg\" class=\"alignright size-medium wp-image-272\" src=\"http:\/\/www.cvl-coutelier.be\/wp-content\/uploads\/2019\/06\/IMG_0666-e1559631227444-338x450.jpg\" alt=\"\" width=\"338\" height=\"450\" srcset=\"https:\/\/www.cvl-coutelier.be\/wp-content\/uploads\/2019\/06\/IMG_0666-e1559631227444-338x450.jpg 338w, https:\/\/www.cvl-coutelier.be\/wp-content\/uploads\/2019\/06\/IMG_0666-e1559631227444-225x300.jpg 225w, https:\/\/www.cvl-coutelier.be\/wp-content\/uploads\/2019\/06\/IMG_0666-e1559631227444-768x1024.jpg 768w\" sizes=\"auto, (max-width: 338px) 100vw, 338px\" \/><\/p>\n<p>&nbsp;<\/p>\n<p>&nbsp;<\/p>\n","protected":false},"excerpt":{"rendered":"<p>Fabian et Bruno ont travaill\u00e9 deux jours \u00e0 leurs couteaux. Forge, backstand, traitements thermiques, fa\u00e7onnage du manche et finitions. Rien ne leur a \u00e9t\u00e9 \u00e9pargn\u00e9 \u2026 et le r\u00e9sultat en &#8230;<\/p>\n","protected":false},"author":1,"featured_media":278,"comment_status":"open","ping_status":"open","sticky":false,"template":"","format":"standard","meta":{"jetpack_post_was_ever_published":false,"_jetpack_newsletter_access":"","_jetpack_dont_email_post_to_subs":false,"_jetpack_newsletter_tier_id":0,"_jetpack_memberships_contains_paywalled_content":false,"_jetpack_memberships_contains_paid_content":false,"footnotes":"","jetpack_publicize_message":"","jetpack_publicize_feature_enabled":true,"jetpack_social_post_already_shared":true,"jetpack_social_options":{"image_generator_settings":{"template":"highway","default_image_id":0,"font":"","enabled":false},"version":2}},"categories":[4,7,6],"tags":[],"class_list":["post-268","post","type-post","status-publish","format-standard","has-post-thumbnail","hentry","category-couteaux","category-en-direct-de-la-forge","category-making-of"],"jetpack_publicize_connections":[],"jetpack_featured_media_url":"https:\/\/www.cvl-coutelier.be\/wp-content\/uploads\/2019\/06\/stage-1.jpg","jetpack_sharing_enabled":true,"jetpack_shortlink":"https:\/\/wp.me\/p8hx1A-4k","jetpack-related-posts":[{"id":286,"url":"https:\/\/www.cvl-coutelier.be\/index.php\/2019\/06\/24\/stage-dinitiation-a-la-coutellerie-michel-gillet\/","url_meta":{"origin":268,"position":0},"title":"Stage d&rsquo;initiation \u00e0 la coutellerie &#8211; Michel Gillet","author":"Christophe van Lochem","date":"24 juin 2019","format":false,"excerpt":"Stage de deux jours pour Michel Gillet, amateur de couteaux et collectionneur. tr\u00e8s sympathique rencontre et beaucoup d'\u00e9changes. Tr\u00e8s belle r\u00e9alisation pour ce couteau forg\u00e9 en 1.2842 et manche en loupe de marronnier teint\u00e9 noir et stabilis\u00e9.","rel":"","context":"Dans &quot;Couteaux&quot;","block_context":{"text":"Couteaux","link":"https:\/\/www.cvl-coutelier.be\/index.php\/category\/couteaux\/"},"img":{"alt_text":"","src":"https:\/\/i0.wp.com\/www.cvl-coutelier.be\/wp-content\/uploads\/2019\/06\/IMG_6887-1-1.jpg?resize=350%2C200&ssl=1","width":350,"height":200,"srcset":"https:\/\/i0.wp.com\/www.cvl-coutelier.be\/wp-content\/uploads\/2019\/06\/IMG_6887-1-1.jpg?resize=350%2C200&ssl=1 1x, https:\/\/i0.wp.com\/www.cvl-coutelier.be\/wp-content\/uploads\/2019\/06\/IMG_6887-1-1.jpg?resize=525%2C300&ssl=1 1.5x, https:\/\/i0.wp.com\/www.cvl-coutelier.be\/wp-content\/uploads\/2019\/06\/IMG_6887-1-1.jpg?resize=700%2C400&ssl=1 2x"},"classes":[]},{"id":193,"url":"https:\/\/www.cvl-coutelier.be\/index.php\/2017\/06\/03\/couteau-kai-damas\/","url_meta":{"origin":268,"position":1},"title":"Couteau Kai &#8211; Damas","author":"Christophe van Lochem","date":"3 juin 2017","format":false,"excerpt":"Couteau\u00a0japonais\u00a0Kai - damas forg\u00e9 en 1.2842 et 75Ni8. Longueur totale de 26 cm dont 11,5 cm de manche et 14,5 cm de lame. Epaisseur de la lame au plus large 2,5mm. \u00a0Hauteur\u00a03 cm. Manche en palissandre du Honduras.","rel":"","context":"Dans &quot;Couteaux&quot;","block_context":{"text":"Couteaux","link":"https:\/\/www.cvl-coutelier.be\/index.php\/category\/couteaux\/"},"img":{"alt_text":"","src":"https:\/\/i0.wp.com\/www.cvl-coutelier.be\/wp-content\/uploads\/2017\/06\/IMG_9661.jpg?resize=350%2C200&ssl=1","width":350,"height":200,"srcset":"https:\/\/i0.wp.com\/www.cvl-coutelier.be\/wp-content\/uploads\/2017\/06\/IMG_9661.jpg?resize=350%2C200&ssl=1 1x, https:\/\/i0.wp.com\/www.cvl-coutelier.be\/wp-content\/uploads\/2017\/06\/IMG_9661.jpg?resize=525%2C300&ssl=1 1.5x, https:\/\/i0.wp.com\/www.cvl-coutelier.be\/wp-content\/uploads\/2017\/06\/IMG_9661.jpg?resize=700%2C400&ssl=1 2x, https:\/\/i0.wp.com\/www.cvl-coutelier.be\/wp-content\/uploads\/2017\/06\/IMG_9661.jpg?resize=1050%2C600&ssl=1 3x, https:\/\/i0.wp.com\/www.cvl-coutelier.be\/wp-content\/uploads\/2017\/06\/IMG_9661.jpg?resize=1400%2C800&ssl=1 4x"},"classes":[]},{"id":817,"url":"https:\/\/www.cvl-coutelier.be\/index.php\/2021\/06\/02\/stage-de-coutellerie-frederic-dierkens\/","url_meta":{"origin":268,"position":2},"title":"Stage de Coutellerie &#8211; Frederic Dierkens","author":"Christophe van Lochem","date":"2 juin 2021","format":false,"excerpt":"Stage d'initiation \u00e0 la coutellerie avec Frederic Dierkens pour la r\u00e9alisation d'un couteau de cuisine en acier 125SC. Manche en loupe de bois de fer et initiales grav\u00e9es dans la lame. Super week-end et tr\u00e8s belle rencontre. On s'est trouv\u00e9 pas mal d'affinit\u00e9s et on a eu de belles discussions\u2026","rel":"","context":"Dans &quot;Couteaux&quot;","block_context":{"text":"Couteaux","link":"https:\/\/www.cvl-coutelier.be\/index.php\/category\/couteaux\/"},"img":{"alt_text":"","src":"https:\/\/i0.wp.com\/www.cvl-coutelier.be\/wp-content\/uploads\/2021\/06\/FD-forge-4-scaled.jpg?resize=350%2C200&ssl=1","width":350,"height":200,"srcset":"https:\/\/i0.wp.com\/www.cvl-coutelier.be\/wp-content\/uploads\/2021\/06\/FD-forge-4-scaled.jpg?resize=350%2C200&ssl=1 1x, https:\/\/i0.wp.com\/www.cvl-coutelier.be\/wp-content\/uploads\/2021\/06\/FD-forge-4-scaled.jpg?resize=525%2C300&ssl=1 1.5x, https:\/\/i0.wp.com\/www.cvl-coutelier.be\/wp-content\/uploads\/2021\/06\/FD-forge-4-scaled.jpg?resize=700%2C400&ssl=1 2x, https:\/\/i0.wp.com\/www.cvl-coutelier.be\/wp-content\/uploads\/2021\/06\/FD-forge-4-scaled.jpg?resize=1050%2C600&ssl=1 3x, https:\/\/i0.wp.com\/www.cvl-coutelier.be\/wp-content\/uploads\/2021\/06\/FD-forge-4-scaled.jpg?resize=1400%2C800&ssl=1 4x"},"classes":[]},{"id":1,"url":"https:\/\/www.cvl-coutelier.be\/index.php\/2017\/01\/09\/bienvenue\/","url_meta":{"origin":268,"position":3},"title":"Bienvenue sur mon site !","author":"Christophe van Lochem","date":"9 janvier 2017","format":false,"excerpt":"Tr\u00e8s t\u00f4t le feu de la forge a allum\u00e9 un reflet particulier dans mon \u0153il. Comme d\u2019autres ont r\u00eav\u00e9 d\u2019\u00eatre pompier ou pilote d\u2019avion, je r\u00eavais d\u2019\u00eatre forgeron. C\u2019est la passion pour le travail manuel de mat\u00e9riaux bruts qui m\u2019a amen\u00e9 \u00e0 construire ma propre forge pour apprendre \u00e0 en\u2026","rel":"","context":"Dans &quot;En direct de la forge&quot;","block_context":{"text":"En direct de la forge","link":"https:\/\/www.cvl-coutelier.be\/index.php\/category\/en-direct-de-la-forge\/"},"img":{"alt_text":"","src":"https:\/\/i0.wp.com\/www.cvl-coutelier.be\/wp-content\/uploads\/2017\/01\/2Z3A0211-10.jpg?resize=350%2C200&ssl=1","width":350,"height":200,"srcset":"https:\/\/i0.wp.com\/www.cvl-coutelier.be\/wp-content\/uploads\/2017\/01\/2Z3A0211-10.jpg?resize=350%2C200&ssl=1 1x, https:\/\/i0.wp.com\/www.cvl-coutelier.be\/wp-content\/uploads\/2017\/01\/2Z3A0211-10.jpg?resize=525%2C300&ssl=1 1.5x, https:\/\/i0.wp.com\/www.cvl-coutelier.be\/wp-content\/uploads\/2017\/01\/2Z3A0211-10.jpg?resize=700%2C400&ssl=1 2x, https:\/\/i0.wp.com\/www.cvl-coutelier.be\/wp-content\/uploads\/2017\/01\/2Z3A0211-10.jpg?resize=1050%2C600&ssl=1 3x, https:\/\/i0.wp.com\/www.cvl-coutelier.be\/wp-content\/uploads\/2017\/01\/2Z3A0211-10.jpg?resize=1400%2C800&ssl=1 4x"},"classes":[]},{"id":894,"url":"https:\/\/www.cvl-coutelier.be\/index.php\/2023\/07\/26\/bks-gembloux-11-12-novembre-2023\/","url_meta":{"origin":268,"position":4},"title":"BKS GEMBLOUX &#8211; 11\/12 novembre 2023","author":"Christophe van Lochem","date":"26 juillet 2023","format":false,"excerpt":"\u00a0 \u00a0 The Belgian Knife Society Asbl\/vzw Je serai pr\u00e9sent comme exposant et me r\u00e9jouis de vous y rencontrer pour vous pr\u00e9senter mes derni\u00e8res cr\u00e9ations ou discuter de votre \u00e9ventuel projet ou participation \u00e0 un stage. I will be exhibiting at this trade fair and I look forward to meeting\u2026","rel":"","context":"Dans &quot;En direct de la forge&quot;","block_context":{"text":"En direct de la forge","link":"https:\/\/www.cvl-coutelier.be\/index.php\/category\/en-direct-de-la-forge\/"},"img":{"alt_text":"Aucune description de photo disponible.","src":"https:\/\/scontent-ams4-1.xx.fbcdn.net\/v\/t39.30808-6\/309238901_469052365254551_1745891968427433080_n.jpg?_nc_cat=103&ccb=1-7&_nc_sid=09cbfe&_nc_ohc=OL3AlxoJze0AX8PK8cY&_nc_ht=scontent-ams4-1.xx&oh=00_AfCQrgiy1OCl0HqvvpCtwO6kWzISsBKoR8vbnblnTsljUA&oe=64C4F4F9","width":350,"height":200},"classes":[]},{"id":871,"url":"https:\/\/www.cvl-coutelier.be\/index.php\/2022\/02\/22\/video-de-la-realisation-dun-couteau-de-cuisine-en-damas\/","url_meta":{"origin":268,"position":5},"title":"Vid\u00e9o de la r\u00e9alisation d&rsquo;un couteau de cuisine en damas","author":"Christophe van Lochem","date":"22 f\u00e9vrier 2022","format":false,"excerpt":"\u00a0 Si vous l'avez rat\u00e9 la premi\u00e8re fois ou ne pouviez pas la voir, voici la vid\u00e9o r\u00e9alis\u00e9e par Joseph Backes dans mon atelier \u00e0 Waimes (Belgique). \u00a0 Dans la vid\u00e9o sont pr\u00e9sent\u00e9s les diff\u00e9rentes \u00e9tapes de fabrication d'un couteau de cuisine \u00e0 lame damass\u00e9e : s\u00e9lection des aciers -\u2026","rel":"","context":"Dans &quot;Couteaux&quot;","block_context":{"text":"Couteaux","link":"https:\/\/www.cvl-coutelier.be\/index.php\/category\/couteaux\/"},"img":{"alt_text":"","src":"https:\/\/i0.wp.com\/www.cvl-coutelier.be\/wp-content\/uploads\/2022\/02\/couteau-cuisine-damas.png?resize=350%2C200&ssl=1","width":350,"height":200,"srcset":"https:\/\/i0.wp.com\/www.cvl-coutelier.be\/wp-content\/uploads\/2022\/02\/couteau-cuisine-damas.png?resize=350%2C200&ssl=1 1x, https:\/\/i0.wp.com\/www.cvl-coutelier.be\/wp-content\/uploads\/2022\/02\/couteau-cuisine-damas.png?resize=525%2C300&ssl=1 1.5x"},"classes":[]}],"_links":{"self":[{"href":"https:\/\/www.cvl-coutelier.be\/index.php\/wp-json\/wp\/v2\/posts\/268","targetHints":{"allow":["GET"]}}],"collection":[{"href":"https:\/\/www.cvl-coutelier.be\/index.php\/wp-json\/wp\/v2\/posts"}],"about":[{"href":"https:\/\/www.cvl-coutelier.be\/index.php\/wp-json\/wp\/v2\/types\/post"}],"author":[{"embeddable":true,"href":"https:\/\/www.cvl-coutelier.be\/index.php\/wp-json\/wp\/v2\/users\/1"}],"replies":[{"embeddable":true,"href":"https:\/\/www.cvl-coutelier.be\/index.php\/wp-json\/wp\/v2\/comments?post=268"}],"version-history":[{"count":4,"href":"https:\/\/www.cvl-coutelier.be\/index.php\/wp-json\/wp\/v2\/posts\/268\/revisions"}],"predecessor-version":[{"id":275,"href":"https:\/\/www.cvl-coutelier.be\/index.php\/wp-json\/wp\/v2\/posts\/268\/revisions\/275"}],"wp:featuredmedia":[{"embeddable":true,"href":"https:\/\/www.cvl-coutelier.be\/index.php\/wp-json\/wp\/v2\/media\/278"}],"wp:attachment":[{"href":"https:\/\/www.cvl-coutelier.be\/index.php\/wp-json\/wp\/v2\/media?parent=268"}],"wp:term":[{"taxonomy":"category","embeddable":true,"href":"https:\/\/www.cvl-coutelier.be\/index.php\/wp-json\/wp\/v2\/categories?post=268"},{"taxonomy":"post_tag","embeddable":true,"href":"https:\/\/www.cvl-coutelier.be\/index.php\/wp-json\/wp\/v2\/tags?post=268"}],"curies":[{"name":"wp","href":"https:\/\/api.w.org\/{rel}","templated":true}]}}