{"id":302,"date":"2019-08-07T19:36:29","date_gmt":"2019-08-07T17:36:29","guid":{"rendered":"http:\/\/www.cvl-coutelier.be\/?p=302"},"modified":"2023-07-26T13:10:43","modified_gmt":"2023-07-26T11:10:43","slug":"stage-dinitiation-a-la-coutellerie-joseph-backes","status":"publish","type":"post","link":"https:\/\/www.cvl-coutelier.be\/index.php\/2019\/08\/07\/stage-dinitiation-a-la-coutellerie-joseph-backes\/","title":{"rendered":"Stage d&rsquo;initiation \u00e0 la coutellerie &#8211; Joseph Backes"},"content":{"rendered":"<p>Cadeau de sa femme Stefanie, un stage d&rsquo;initiation \u00e0 la coutellerie pour Joseph. Apr\u00e8s deux jours de travail il a forg\u00e9 et r\u00e9alis\u00e9 ce magnifique couteau en 1.2842, manche en loupe d&rsquo;orme stabilis\u00e9 et teint\u00e9 jaune, intercalaires rouge et pin mosa\u00efque &#8211; rose des vents. Well done Jo !<\/p>\n<p>&nbsp;<\/p>\n<p><img loading=\"lazy\" decoding=\"async\" data-attachment-id=\"354\" data-permalink=\"https:\/\/www.cvl-coutelier.be\/index.php\/2019\/08\/07\/stage-dinitiation-a-la-coutellerie-joseph-backes\/attachment\/077\/\" data-orig-file=\"https:\/\/www.cvl-coutelier.be\/wp-content\/uploads\/2019\/08\/077.jpg\" data-orig-size=\"1962,2038\" data-comments-opened=\"1\" data-image-meta=\"{&quot;aperture&quot;:&quot;0&quot;,&quot;credit&quot;:&quot;&quot;,&quot;camera&quot;:&quot;&quot;,&quot;caption&quot;:&quot;&quot;,&quot;created_timestamp&quot;:&quot;946688451&quot;,&quot;copyright&quot;:&quot;&quot;,&quot;focal_length&quot;:&quot;0&quot;,&quot;iso&quot;:&quot;0&quot;,&quot;shutter_speed&quot;:&quot;0&quot;,&quot;title&quot;:&quot;&quot;,&quot;orientation&quot;:&quot;1&quot;}\" data-image-title=\"077\" data-image-description=\"\" data-image-caption=\"\" data-large-file=\"https:\/\/www.cvl-coutelier.be\/wp-content\/uploads\/2019\/08\/077-986x1024.jpg\" class=\"aligncenter wp-image-354 size-full\" src=\"http:\/\/www.cvl-coutelier.be\/wp-content\/uploads\/2019\/08\/077.jpg\" alt=\"\" width=\"1962\" height=\"2038\" srcset=\"https:\/\/www.cvl-coutelier.be\/wp-content\/uploads\/2019\/08\/077.jpg 1962w, https:\/\/www.cvl-coutelier.be\/wp-content\/uploads\/2019\/08\/077-289x300.jpg 289w, https:\/\/www.cvl-coutelier.be\/wp-content\/uploads\/2019\/08\/077-433x450.jpg 433w, https:\/\/www.cvl-coutelier.be\/wp-content\/uploads\/2019\/08\/077-768x798.jpg 768w, https:\/\/www.cvl-coutelier.be\/wp-content\/uploads\/2019\/08\/077-986x1024.jpg 986w\" sizes=\"auto, (max-width: 1962px) 100vw, 1962px\" \/><\/p>\n<figure id=\"attachment_479\" aria-describedby=\"caption-attachment-479\" style=\"width: 3242px\" class=\"wp-caption aligncenter\"><img loading=\"lazy\" decoding=\"async\" data-attachment-id=\"479\" data-permalink=\"https:\/\/www.cvl-coutelier.be\/index.php\/2019\/08\/07\/stage-dinitiation-a-la-coutellerie-joseph-backes\/a064-2\/\" data-orig-file=\"https:\/\/www.cvl-coutelier.be\/wp-content\/uploads\/2019\/08\/a064-1.jpg\" data-orig-size=\"3242,1233\" data-comments-opened=\"1\" data-image-meta=\"{&quot;aperture&quot;:&quot;0&quot;,&quot;credit&quot;:&quot;&quot;,&quot;camera&quot;:&quot;&quot;,&quot;caption&quot;:&quot;&quot;,&quot;created_timestamp&quot;:&quot;946688445&quot;,&quot;copyright&quot;:&quot;&quot;,&quot;focal_length&quot;:&quot;0&quot;,&quot;iso&quot;:&quot;0&quot;,&quot;shutter_speed&quot;:&quot;0&quot;,&quot;title&quot;:&quot;&quot;,&quot;orientation&quot;:&quot;1&quot;}\" data-image-title=\"a064\" data-image-description=\"\" data-image-caption=\"&lt;p&gt;Couteau de Joseph&lt;\/p&gt;\n\" data-large-file=\"https:\/\/www.cvl-coutelier.be\/wp-content\/uploads\/2019\/08\/a064-1-1024x389.jpg\" class=\"wp-image-479 size-full\" src=\"http:\/\/www.cvl-coutelier.be\/wp-content\/uploads\/2019\/08\/a064-1.jpg\" alt=\"\" width=\"3242\" height=\"1233\" srcset=\"https:\/\/www.cvl-coutelier.be\/wp-content\/uploads\/2019\/08\/a064-1.jpg 3242w, https:\/\/www.cvl-coutelier.be\/wp-content\/uploads\/2019\/08\/a064-1-300x114.jpg 300w, https:\/\/www.cvl-coutelier.be\/wp-content\/uploads\/2019\/08\/a064-1-450x171.jpg 450w, https:\/\/www.cvl-coutelier.be\/wp-content\/uploads\/2019\/08\/a064-1-768x292.jpg 768w, https:\/\/www.cvl-coutelier.be\/wp-content\/uploads\/2019\/08\/a064-1-1024x389.jpg 1024w\" sizes=\"auto, (max-width: 3242px) 100vw, 3242px\" \/><figcaption id=\"caption-attachment-479\" class=\"wp-caption-text\">Couteau de Joseph<\/figcaption><\/figure>\n<p>&nbsp;<\/p>\n<p><img loading=\"lazy\" decoding=\"async\" data-attachment-id=\"539\" data-permalink=\"https:\/\/www.cvl-coutelier.be\/index.php\/2019\/08\/07\/stage-dinitiation-a-la-coutellerie-joseph-backes\/060-4\/\" data-orig-file=\"https:\/\/www.cvl-coutelier.be\/wp-content\/uploads\/2019\/08\/060-3.jpg\" data-orig-size=\"2784,1436\" data-comments-opened=\"1\" data-image-meta=\"{&quot;aperture&quot;:&quot;0&quot;,&quot;credit&quot;:&quot;&quot;,&quot;camera&quot;:&quot;&quot;,&quot;caption&quot;:&quot;&quot;,&quot;created_timestamp&quot;:&quot;946688441&quot;,&quot;copyright&quot;:&quot;&quot;,&quot;focal_length&quot;:&quot;0&quot;,&quot;iso&quot;:&quot;0&quot;,&quot;shutter_speed&quot;:&quot;0&quot;,&quot;title&quot;:&quot;&quot;,&quot;orientation&quot;:&quot;1&quot;}\" data-image-title=\"060\" data-image-description=\"\" data-image-caption=\"\" data-large-file=\"https:\/\/www.cvl-coutelier.be\/wp-content\/uploads\/2019\/08\/060-3-1024x528.jpg\" class=\"aligncenter size-full wp-image-539\" src=\"http:\/\/www.cvl-coutelier.be\/wp-content\/uploads\/2019\/08\/060-3.jpg\" alt=\"\" width=\"2784\" height=\"1436\" srcset=\"https:\/\/www.cvl-coutelier.be\/wp-content\/uploads\/2019\/08\/060-3.jpg 2784w, https:\/\/www.cvl-coutelier.be\/wp-content\/uploads\/2019\/08\/060-3-300x155.jpg 300w, https:\/\/www.cvl-coutelier.be\/wp-content\/uploads\/2019\/08\/060-3-450x232.jpg 450w, https:\/\/www.cvl-coutelier.be\/wp-content\/uploads\/2019\/08\/060-3-768x396.jpg 768w, https:\/\/www.cvl-coutelier.be\/wp-content\/uploads\/2019\/08\/060-3-1024x528.jpg 1024w\" sizes=\"auto, (max-width: 2784px) 100vw, 2784px\" \/><\/p>\n<p>Les marteaux de la forge<\/p>\n<p><img loading=\"lazy\" decoding=\"async\" data-attachment-id=\"538\" data-permalink=\"https:\/\/www.cvl-coutelier.be\/index.php\/2019\/08\/07\/stage-dinitiation-a-la-coutellerie-joseph-backes\/058-4\/\" data-orig-file=\"https:\/\/www.cvl-coutelier.be\/wp-content\/uploads\/2019\/08\/058-3.jpg\" data-orig-size=\"2449,1632\" data-comments-opened=\"1\" data-image-meta=\"{&quot;aperture&quot;:&quot;0&quot;,&quot;credit&quot;:&quot;&quot;,&quot;camera&quot;:&quot;&quot;,&quot;caption&quot;:&quot;&quot;,&quot;created_timestamp&quot;:&quot;946688427&quot;,&quot;copyright&quot;:&quot;&quot;,&quot;focal_length&quot;:&quot;0&quot;,&quot;iso&quot;:&quot;0&quot;,&quot;shutter_speed&quot;:&quot;0&quot;,&quot;title&quot;:&quot;&quot;,&quot;orientation&quot;:&quot;1&quot;}\" data-image-title=\"058\" data-image-description=\"\" data-image-caption=\"\" data-large-file=\"https:\/\/www.cvl-coutelier.be\/wp-content\/uploads\/2019\/08\/058-3-1024x682.jpg\" class=\"aligncenter size-full wp-image-538\" src=\"http:\/\/www.cvl-coutelier.be\/wp-content\/uploads\/2019\/08\/058-3.jpg\" alt=\"\" width=\"2449\" height=\"1632\" srcset=\"https:\/\/www.cvl-coutelier.be\/wp-content\/uploads\/2019\/08\/058-3.jpg 2449w, https:\/\/www.cvl-coutelier.be\/wp-content\/uploads\/2019\/08\/058-3-300x200.jpg 300w, https:\/\/www.cvl-coutelier.be\/wp-content\/uploads\/2019\/08\/058-3-450x300.jpg 450w, https:\/\/www.cvl-coutelier.be\/wp-content\/uploads\/2019\/08\/058-3-768x512.jpg 768w, https:\/\/www.cvl-coutelier.be\/wp-content\/uploads\/2019\/08\/058-3-1024x682.jpg 1024w\" sizes=\"auto, (max-width: 2449px) 100vw, 2449px\" \/><\/p>\n<p>Et les tenailles&#8230;<\/p>\n<p><img loading=\"lazy\" decoding=\"async\" data-attachment-id=\"545\" data-permalink=\"https:\/\/www.cvl-coutelier.be\/index.php\/2019\/08\/07\/stage-dinitiation-a-la-coutellerie-joseph-backes\/001-5\/\" data-orig-file=\"https:\/\/www.cvl-coutelier.be\/wp-content\/uploads\/2019\/08\/001-5.jpg\" data-orig-size=\"1710,2337\" data-comments-opened=\"1\" data-image-meta=\"{&quot;aperture&quot;:&quot;0&quot;,&quot;credit&quot;:&quot;&quot;,&quot;camera&quot;:&quot;&quot;,&quot;caption&quot;:&quot;&quot;,&quot;created_timestamp&quot;:&quot;946688414&quot;,&quot;copyright&quot;:&quot;&quot;,&quot;focal_length&quot;:&quot;0&quot;,&quot;iso&quot;:&quot;0&quot;,&quot;shutter_speed&quot;:&quot;0&quot;,&quot;title&quot;:&quot;&quot;,&quot;orientation&quot;:&quot;1&quot;}\" data-image-title=\"001\" data-image-description=\"\" data-image-caption=\"\" data-large-file=\"https:\/\/www.cvl-coutelier.be\/wp-content\/uploads\/2019\/08\/001-5-749x1024.jpg\" class=\"aligncenter size-full wp-image-545\" src=\"http:\/\/www.cvl-coutelier.be\/wp-content\/uploads\/2019\/08\/001-5.jpg\" alt=\"\" width=\"1710\" height=\"2337\" srcset=\"https:\/\/www.cvl-coutelier.be\/wp-content\/uploads\/2019\/08\/001-5.jpg 1710w, https:\/\/www.cvl-coutelier.be\/wp-content\/uploads\/2019\/08\/001-5-220x300.jpg 220w, https:\/\/www.cvl-coutelier.be\/wp-content\/uploads\/2019\/08\/001-5-329x450.jpg 329w, https:\/\/www.cvl-coutelier.be\/wp-content\/uploads\/2019\/08\/001-5-768x1050.jpg 768w, https:\/\/www.cvl-coutelier.be\/wp-content\/uploads\/2019\/08\/001-5-749x1024.jpg 749w\" sizes=\"auto, (max-width: 1710px) 100vw, 1710px\" \/><\/p>\n<p>Faut la d\u00e9placer la petite&#8230;<\/p>\n<p><img loading=\"lazy\" decoding=\"async\" data-attachment-id=\"557\" data-permalink=\"https:\/\/www.cvl-coutelier.be\/index.php\/2019\/08\/07\/stage-dinitiation-a-la-coutellerie-joseph-backes\/005-7\/\" data-orig-file=\"https:\/\/www.cvl-coutelier.be\/wp-content\/uploads\/2019\/08\/005-7.jpg\" data-orig-size=\"2631,1520\" data-comments-opened=\"1\" data-image-meta=\"{&quot;aperture&quot;:&quot;0&quot;,&quot;credit&quot;:&quot;&quot;,&quot;camera&quot;:&quot;&quot;,&quot;caption&quot;:&quot;&quot;,&quot;created_timestamp&quot;:&quot;946684805&quot;,&quot;copyright&quot;:&quot;&quot;,&quot;focal_length&quot;:&quot;0&quot;,&quot;iso&quot;:&quot;0&quot;,&quot;shutter_speed&quot;:&quot;0&quot;,&quot;title&quot;:&quot;&quot;,&quot;orientation&quot;:&quot;1&quot;}\" data-image-title=\"005\" data-image-description=\"\" data-image-caption=\"\" data-large-file=\"https:\/\/www.cvl-coutelier.be\/wp-content\/uploads\/2019\/08\/005-7-1024x592.jpg\" class=\"aligncenter size-full wp-image-557\" src=\"http:\/\/www.cvl-coutelier.be\/wp-content\/uploads\/2019\/08\/005-7.jpg\" alt=\"\" width=\"2631\" height=\"1520\" srcset=\"https:\/\/www.cvl-coutelier.be\/wp-content\/uploads\/2019\/08\/005-7.jpg 2631w, https:\/\/www.cvl-coutelier.be\/wp-content\/uploads\/2019\/08\/005-7-300x173.jpg 300w, https:\/\/www.cvl-coutelier.be\/wp-content\/uploads\/2019\/08\/005-7-450x260.jpg 450w, https:\/\/www.cvl-coutelier.be\/wp-content\/uploads\/2019\/08\/005-7-768x444.jpg 768w, https:\/\/www.cvl-coutelier.be\/wp-content\/uploads\/2019\/08\/005-7-1024x592.jpg 1024w\" sizes=\"auto, (max-width: 2631px) 100vw, 2631px\" \/><\/p>\n<p>Faut remonter les manches<\/p>\n<p><img loading=\"lazy\" decoding=\"async\" data-attachment-id=\"558\" data-permalink=\"https:\/\/www.cvl-coutelier.be\/index.php\/2019\/08\/07\/stage-dinitiation-a-la-coutellerie-joseph-backes\/007-7\/\" data-orig-file=\"https:\/\/www.cvl-coutelier.be\/wp-content\/uploads\/2019\/08\/007-7.jpg\" data-orig-size=\"2430,1645\" data-comments-opened=\"1\" data-image-meta=\"{&quot;aperture&quot;:&quot;0&quot;,&quot;credit&quot;:&quot;&quot;,&quot;camera&quot;:&quot;&quot;,&quot;caption&quot;:&quot;&quot;,&quot;created_timestamp&quot;:&quot;946684800&quot;,&quot;copyright&quot;:&quot;&quot;,&quot;focal_length&quot;:&quot;0&quot;,&quot;iso&quot;:&quot;0&quot;,&quot;shutter_speed&quot;:&quot;0&quot;,&quot;title&quot;:&quot;&quot;,&quot;orientation&quot;:&quot;1&quot;}\" data-image-title=\"007\" data-image-description=\"\" data-image-caption=\"\" data-large-file=\"https:\/\/www.cvl-coutelier.be\/wp-content\/uploads\/2019\/08\/007-7-1024x693.jpg\" class=\"aligncenter size-full wp-image-558\" src=\"http:\/\/www.cvl-coutelier.be\/wp-content\/uploads\/2019\/08\/007-7.jpg\" alt=\"\" width=\"2430\" height=\"1645\" srcset=\"https:\/\/www.cvl-coutelier.be\/wp-content\/uploads\/2019\/08\/007-7.jpg 2430w, https:\/\/www.cvl-coutelier.be\/wp-content\/uploads\/2019\/08\/007-7-300x203.jpg 300w, https:\/\/www.cvl-coutelier.be\/wp-content\/uploads\/2019\/08\/007-7-450x305.jpg 450w, https:\/\/www.cvl-coutelier.be\/wp-content\/uploads\/2019\/08\/007-7-768x520.jpg 768w, https:\/\/www.cvl-coutelier.be\/wp-content\/uploads\/2019\/08\/007-7-1024x693.jpg 1024w\" sizes=\"auto, (max-width: 2430px) 100vw, 2430px\" \/><\/p>\n<p>Probl\u00e8mes de dents ?<\/p>\n<p>&nbsp;<\/p>\n<p><img loading=\"lazy\" decoding=\"async\" data-attachment-id=\"559\" data-permalink=\"https:\/\/www.cvl-coutelier.be\/index.php\/2019\/08\/07\/stage-dinitiation-a-la-coutellerie-joseph-backes\/006-7\/\" data-orig-file=\"https:\/\/www.cvl-coutelier.be\/wp-content\/uploads\/2019\/08\/006-7.jpg\" data-orig-size=\"2247,1779\" data-comments-opened=\"1\" data-image-meta=\"{&quot;aperture&quot;:&quot;0&quot;,&quot;credit&quot;:&quot;&quot;,&quot;camera&quot;:&quot;&quot;,&quot;caption&quot;:&quot;&quot;,&quot;created_timestamp&quot;:&quot;946688474&quot;,&quot;copyright&quot;:&quot;&quot;,&quot;focal_length&quot;:&quot;0&quot;,&quot;iso&quot;:&quot;0&quot;,&quot;shutter_speed&quot;:&quot;0&quot;,&quot;title&quot;:&quot;&quot;,&quot;orientation&quot;:&quot;1&quot;}\" data-image-title=\"006\" data-image-description=\"\" data-image-caption=\"\" data-large-file=\"https:\/\/www.cvl-coutelier.be\/wp-content\/uploads\/2019\/08\/006-7-1024x811.jpg\" class=\"aligncenter size-full wp-image-559\" src=\"http:\/\/www.cvl-coutelier.be\/wp-content\/uploads\/2019\/08\/006-7.jpg\" alt=\"\" width=\"2247\" height=\"1779\" srcset=\"https:\/\/www.cvl-coutelier.be\/wp-content\/uploads\/2019\/08\/006-7.jpg 2247w, https:\/\/www.cvl-coutelier.be\/wp-content\/uploads\/2019\/08\/006-7-300x238.jpg 300w, https:\/\/www.cvl-coutelier.be\/wp-content\/uploads\/2019\/08\/006-7-450x356.jpg 450w, https:\/\/www.cvl-coutelier.be\/wp-content\/uploads\/2019\/08\/006-7-768x608.jpg 768w, https:\/\/www.cvl-coutelier.be\/wp-content\/uploads\/2019\/08\/006-7-1024x811.jpg 1024w\" sizes=\"auto, (max-width: 2247px) 100vw, 2247px\" \/><\/p>\n<p>Premiers exercices de forge<\/p>\n<p><img loading=\"lazy\" decoding=\"async\" data-attachment-id=\"561\" data-permalink=\"https:\/\/www.cvl-coutelier.be\/index.php\/2019\/08\/07\/stage-dinitiation-a-la-coutellerie-joseph-backes\/010-8\/\" data-orig-file=\"https:\/\/www.cvl-coutelier.be\/wp-content\/uploads\/2019\/08\/010-8.jpg\" data-orig-size=\"2145,1864\" data-comments-opened=\"1\" data-image-meta=\"{&quot;aperture&quot;:&quot;0&quot;,&quot;credit&quot;:&quot;&quot;,&quot;camera&quot;:&quot;&quot;,&quot;caption&quot;:&quot;&quot;,&quot;created_timestamp&quot;:&quot;946688540&quot;,&quot;copyright&quot;:&quot;&quot;,&quot;focal_length&quot;:&quot;0&quot;,&quot;iso&quot;:&quot;0&quot;,&quot;shutter_speed&quot;:&quot;0&quot;,&quot;title&quot;:&quot;&quot;,&quot;orientation&quot;:&quot;1&quot;}\" data-image-title=\"010\" data-image-description=\"\" data-image-caption=\"\" data-large-file=\"https:\/\/www.cvl-coutelier.be\/wp-content\/uploads\/2019\/08\/010-8-1024x890.jpg\" class=\"aligncenter size-full wp-image-561\" src=\"http:\/\/www.cvl-coutelier.be\/wp-content\/uploads\/2019\/08\/010-8.jpg\" alt=\"\" width=\"2145\" height=\"1864\" srcset=\"https:\/\/www.cvl-coutelier.be\/wp-content\/uploads\/2019\/08\/010-8.jpg 2145w, https:\/\/www.cvl-coutelier.be\/wp-content\/uploads\/2019\/08\/010-8-300x261.jpg 300w, https:\/\/www.cvl-coutelier.be\/wp-content\/uploads\/2019\/08\/010-8-450x391.jpg 450w, https:\/\/www.cvl-coutelier.be\/wp-content\/uploads\/2019\/08\/010-8-768x667.jpg 768w, https:\/\/www.cvl-coutelier.be\/wp-content\/uploads\/2019\/08\/010-8-1024x890.jpg 1024w\" sizes=\"auto, (max-width: 2145px) 100vw, 2145px\" \/><\/p>\n<p>&nbsp;<\/p>\n<p>&nbsp;<\/p>\n<p><img loading=\"lazy\" decoding=\"async\" data-attachment-id=\"562\" data-permalink=\"https:\/\/www.cvl-coutelier.be\/index.php\/2019\/08\/07\/stage-dinitiation-a-la-coutellerie-joseph-backes\/012-7\/\" data-orig-file=\"https:\/\/www.cvl-coutelier.be\/wp-content\/uploads\/2019\/08\/012-7.jpg\" data-orig-size=\"2175,1838\" data-comments-opened=\"1\" data-image-meta=\"{&quot;aperture&quot;:&quot;0&quot;,&quot;credit&quot;:&quot;&quot;,&quot;camera&quot;:&quot;&quot;,&quot;caption&quot;:&quot;&quot;,&quot;created_timestamp&quot;:&quot;946684804&quot;,&quot;copyright&quot;:&quot;&quot;,&quot;focal_length&quot;:&quot;0&quot;,&quot;iso&quot;:&quot;0&quot;,&quot;shutter_speed&quot;:&quot;0&quot;,&quot;title&quot;:&quot;&quot;,&quot;orientation&quot;:&quot;1&quot;}\" data-image-title=\"012\" data-image-description=\"\" data-image-caption=\"\" data-large-file=\"https:\/\/www.cvl-coutelier.be\/wp-content\/uploads\/2019\/08\/012-7-1024x865.jpg\" class=\"aligncenter size-full wp-image-562\" src=\"http:\/\/www.cvl-coutelier.be\/wp-content\/uploads\/2019\/08\/012-7.jpg\" alt=\"\" width=\"2175\" height=\"1838\" srcset=\"https:\/\/www.cvl-coutelier.be\/wp-content\/uploads\/2019\/08\/012-7.jpg 2175w, https:\/\/www.cvl-coutelier.be\/wp-content\/uploads\/2019\/08\/012-7-300x254.jpg 300w, https:\/\/www.cvl-coutelier.be\/wp-content\/uploads\/2019\/08\/012-7-450x380.jpg 450w, https:\/\/www.cvl-coutelier.be\/wp-content\/uploads\/2019\/08\/012-7-768x649.jpg 768w, https:\/\/www.cvl-coutelier.be\/wp-content\/uploads\/2019\/08\/012-7-1024x865.jpg 1024w\" sizes=\"auto, (max-width: 2175px) 100vw, 2175px\" \/><\/p>\n<p>&nbsp;<\/p>\n<p><img loading=\"lazy\" decoding=\"async\" data-attachment-id=\"563\" data-permalink=\"https:\/\/www.cvl-coutelier.be\/index.php\/2019\/08\/07\/stage-dinitiation-a-la-coutellerie-joseph-backes\/013-7\/\" data-orig-file=\"https:\/\/www.cvl-coutelier.be\/wp-content\/uploads\/2019\/08\/013-7.jpg\" data-orig-size=\"1764,1134\" data-comments-opened=\"1\" data-image-meta=\"{&quot;aperture&quot;:&quot;5.6&quot;,&quot;credit&quot;:&quot;&quot;,&quot;camera&quot;:&quot;Canon EOS 5D Mark IV&quot;,&quot;caption&quot;:&quot;&quot;,&quot;created_timestamp&quot;:&quot;946688410&quot;,&quot;copyright&quot;:&quot;&quot;,&quot;focal_length&quot;:&quot;35&quot;,&quot;iso&quot;:&quot;800&quot;,&quot;shutter_speed&quot;:&quot;0.025&quot;,&quot;title&quot;:&quot;&quot;,&quot;orientation&quot;:&quot;1&quot;}\" data-image-title=\"013\" data-image-description=\"\" data-image-caption=\"\" data-large-file=\"https:\/\/www.cvl-coutelier.be\/wp-content\/uploads\/2019\/08\/013-7-1024x658.jpg\" class=\"aligncenter size-full wp-image-563\" src=\"http:\/\/www.cvl-coutelier.be\/wp-content\/uploads\/2019\/08\/013-7.jpg\" alt=\"\" width=\"1764\" height=\"1134\" srcset=\"https:\/\/www.cvl-coutelier.be\/wp-content\/uploads\/2019\/08\/013-7.jpg 1764w, https:\/\/www.cvl-coutelier.be\/wp-content\/uploads\/2019\/08\/013-7-300x193.jpg 300w, https:\/\/www.cvl-coutelier.be\/wp-content\/uploads\/2019\/08\/013-7-450x289.jpg 450w, https:\/\/www.cvl-coutelier.be\/wp-content\/uploads\/2019\/08\/013-7-768x494.jpg 768w, https:\/\/www.cvl-coutelier.be\/wp-content\/uploads\/2019\/08\/013-7-1024x658.jpg 1024w\" sizes=\"auto, (max-width: 1764px) 100vw, 1764px\" \/><\/p>\n<p>La lame prend forme<\/p>\n<p><img loading=\"lazy\" decoding=\"async\" data-attachment-id=\"564\" data-permalink=\"https:\/\/www.cvl-coutelier.be\/index.php\/2019\/08\/07\/stage-dinitiation-a-la-coutellerie-joseph-backes\/014-7\/\" data-orig-file=\"https:\/\/www.cvl-coutelier.be\/wp-content\/uploads\/2019\/08\/014-7.jpg\" data-orig-size=\"2283,1752\" data-comments-opened=\"1\" data-image-meta=\"{&quot;aperture&quot;:&quot;0&quot;,&quot;credit&quot;:&quot;&quot;,&quot;camera&quot;:&quot;&quot;,&quot;caption&quot;:&quot;&quot;,&quot;created_timestamp&quot;:&quot;946688416&quot;,&quot;copyright&quot;:&quot;&quot;,&quot;focal_length&quot;:&quot;0&quot;,&quot;iso&quot;:&quot;0&quot;,&quot;shutter_speed&quot;:&quot;0&quot;,&quot;title&quot;:&quot;&quot;,&quot;orientation&quot;:&quot;1&quot;}\" data-image-title=\"014\" data-image-description=\"\" data-image-caption=\"\" data-large-file=\"https:\/\/www.cvl-coutelier.be\/wp-content\/uploads\/2019\/08\/014-7-1024x786.jpg\" class=\"aligncenter size-full wp-image-564\" src=\"http:\/\/www.cvl-coutelier.be\/wp-content\/uploads\/2019\/08\/014-7.jpg\" alt=\"\" width=\"2283\" height=\"1752\" srcset=\"https:\/\/www.cvl-coutelier.be\/wp-content\/uploads\/2019\/08\/014-7.jpg 2283w, https:\/\/www.cvl-coutelier.be\/wp-content\/uploads\/2019\/08\/014-7-300x230.jpg 300w, https:\/\/www.cvl-coutelier.be\/wp-content\/uploads\/2019\/08\/014-7-450x345.jpg 450w, https:\/\/www.cvl-coutelier.be\/wp-content\/uploads\/2019\/08\/014-7-768x589.jpg 768w, https:\/\/www.cvl-coutelier.be\/wp-content\/uploads\/2019\/08\/014-7-1024x786.jpg 1024w\" sizes=\"auto, (max-width: 2283px) 100vw, 2283px\" \/><\/p>\n<p>&nbsp;<\/p>\n<p><img loading=\"lazy\" decoding=\"async\" data-attachment-id=\"566\" data-permalink=\"https:\/\/www.cvl-coutelier.be\/index.php\/2019\/08\/07\/stage-dinitiation-a-la-coutellerie-joseph-backes\/015-7\/\" data-orig-file=\"https:\/\/www.cvl-coutelier.be\/wp-content\/uploads\/2019\/08\/015-7.jpg\" data-orig-size=\"2136,1872\" data-comments-opened=\"1\" data-image-meta=\"{&quot;aperture&quot;:&quot;0&quot;,&quot;credit&quot;:&quot;&quot;,&quot;camera&quot;:&quot;&quot;,&quot;caption&quot;:&quot;&quot;,&quot;created_timestamp&quot;:&quot;946688515&quot;,&quot;copyright&quot;:&quot;&quot;,&quot;focal_length&quot;:&quot;0&quot;,&quot;iso&quot;:&quot;0&quot;,&quot;shutter_speed&quot;:&quot;0&quot;,&quot;title&quot;:&quot;&quot;,&quot;orientation&quot;:&quot;1&quot;}\" data-image-title=\"015\" data-image-description=\"\" data-image-caption=\"\" data-large-file=\"https:\/\/www.cvl-coutelier.be\/wp-content\/uploads\/2019\/08\/015-7-1024x897.jpg\" class=\"aligncenter size-full wp-image-566\" src=\"http:\/\/www.cvl-coutelier.be\/wp-content\/uploads\/2019\/08\/015-7.jpg\" alt=\"\" width=\"2136\" height=\"1872\" srcset=\"https:\/\/www.cvl-coutelier.be\/wp-content\/uploads\/2019\/08\/015-7.jpg 2136w, https:\/\/www.cvl-coutelier.be\/wp-content\/uploads\/2019\/08\/015-7-300x263.jpg 300w, https:\/\/www.cvl-coutelier.be\/wp-content\/uploads\/2019\/08\/015-7-450x394.jpg 450w, https:\/\/www.cvl-coutelier.be\/wp-content\/uploads\/2019\/08\/015-7-768x673.jpg 768w, https:\/\/www.cvl-coutelier.be\/wp-content\/uploads\/2019\/08\/015-7-1024x897.jpg 1024w\" sizes=\"auto, (max-width: 2136px) 100vw, 2136px\" \/><\/p>\n<p>&nbsp;<\/p>\n<p>Recuit de la lame<\/p>\n<p><img loading=\"lazy\" decoding=\"async\" data-attachment-id=\"569\" data-permalink=\"https:\/\/www.cvl-coutelier.be\/index.php\/2019\/08\/07\/stage-dinitiation-a-la-coutellerie-joseph-backes\/021-4\/\" data-orig-file=\"https:\/\/www.cvl-coutelier.be\/wp-content\/uploads\/2019\/08\/021-3.jpg\" data-orig-size=\"2449,1632\" data-comments-opened=\"1\" data-image-meta=\"{&quot;aperture&quot;:&quot;0&quot;,&quot;credit&quot;:&quot;&quot;,&quot;camera&quot;:&quot;&quot;,&quot;caption&quot;:&quot;&quot;,&quot;created_timestamp&quot;:&quot;946688447&quot;,&quot;copyright&quot;:&quot;&quot;,&quot;focal_length&quot;:&quot;0&quot;,&quot;iso&quot;:&quot;0&quot;,&quot;shutter_speed&quot;:&quot;0&quot;,&quot;title&quot;:&quot;&quot;,&quot;orientation&quot;:&quot;1&quot;}\" data-image-title=\"021\" data-image-description=\"\" data-image-caption=\"\" data-large-file=\"https:\/\/www.cvl-coutelier.be\/wp-content\/uploads\/2019\/08\/021-3-1024x682.jpg\" class=\"aligncenter size-full wp-image-569\" src=\"http:\/\/www.cvl-coutelier.be\/wp-content\/uploads\/2019\/08\/021-3.jpg\" alt=\"\" width=\"2449\" height=\"1632\" srcset=\"https:\/\/www.cvl-coutelier.be\/wp-content\/uploads\/2019\/08\/021-3.jpg 2449w, https:\/\/www.cvl-coutelier.be\/wp-content\/uploads\/2019\/08\/021-3-300x200.jpg 300w, https:\/\/www.cvl-coutelier.be\/wp-content\/uploads\/2019\/08\/021-3-450x300.jpg 450w, https:\/\/www.cvl-coutelier.be\/wp-content\/uploads\/2019\/08\/021-3-768x512.jpg 768w, https:\/\/www.cvl-coutelier.be\/wp-content\/uploads\/2019\/08\/021-3-1024x682.jpg 1024w\" sizes=\"auto, (max-width: 2449px) 100vw, 2449px\" \/><\/p>\n<p>Choix du bois pour les plaquettes pendant que la lame termine son recuit.<\/p>\n<p><img loading=\"lazy\" decoding=\"async\" data-attachment-id=\"570\" data-permalink=\"https:\/\/www.cvl-coutelier.be\/index.php\/2019\/08\/07\/stage-dinitiation-a-la-coutellerie-joseph-backes\/017-8\/\" data-orig-file=\"https:\/\/www.cvl-coutelier.be\/wp-content\/uploads\/2019\/08\/017-8.jpg\" data-orig-size=\"2259,1770\" data-comments-opened=\"1\" data-image-meta=\"{&quot;aperture&quot;:&quot;0&quot;,&quot;credit&quot;:&quot;&quot;,&quot;camera&quot;:&quot;&quot;,&quot;caption&quot;:&quot;&quot;,&quot;created_timestamp&quot;:&quot;946688437&quot;,&quot;copyright&quot;:&quot;&quot;,&quot;focal_length&quot;:&quot;0&quot;,&quot;iso&quot;:&quot;0&quot;,&quot;shutter_speed&quot;:&quot;0&quot;,&quot;title&quot;:&quot;&quot;,&quot;orientation&quot;:&quot;1&quot;}\" data-image-title=\"017\" data-image-description=\"\" data-image-caption=\"\" data-large-file=\"https:\/\/www.cvl-coutelier.be\/wp-content\/uploads\/2019\/08\/017-8-1024x802.jpg\" class=\"aligncenter size-full wp-image-570\" src=\"http:\/\/www.cvl-coutelier.be\/wp-content\/uploads\/2019\/08\/017-8.jpg\" alt=\"\" width=\"2259\" height=\"1770\" srcset=\"https:\/\/www.cvl-coutelier.be\/wp-content\/uploads\/2019\/08\/017-8.jpg 2259w, https:\/\/www.cvl-coutelier.be\/wp-content\/uploads\/2019\/08\/017-8-300x235.jpg 300w, https:\/\/www.cvl-coutelier.be\/wp-content\/uploads\/2019\/08\/017-8-450x353.jpg 450w, https:\/\/www.cvl-coutelier.be\/wp-content\/uploads\/2019\/08\/017-8-768x602.jpg 768w, https:\/\/www.cvl-coutelier.be\/wp-content\/uploads\/2019\/08\/017-8-1024x802.jpg 1024w\" sizes=\"auto, (max-width: 2259px) 100vw, 2259px\" \/><\/p>\n<p>Nettoyage au backstand.<\/p>\n<p><img loading=\"lazy\" decoding=\"async\" data-attachment-id=\"571\" data-permalink=\"https:\/\/www.cvl-coutelier.be\/index.php\/2019\/08\/07\/stage-dinitiation-a-la-coutellerie-joseph-backes\/027-2\/\" data-orig-file=\"https:\/\/www.cvl-coutelier.be\/wp-content\/uploads\/2019\/08\/027-1.jpg\" data-orig-size=\"2449,1632\" data-comments-opened=\"1\" data-image-meta=\"{&quot;aperture&quot;:&quot;0&quot;,&quot;credit&quot;:&quot;&quot;,&quot;camera&quot;:&quot;&quot;,&quot;caption&quot;:&quot;&quot;,&quot;created_timestamp&quot;:&quot;946688446&quot;,&quot;copyright&quot;:&quot;&quot;,&quot;focal_length&quot;:&quot;0&quot;,&quot;iso&quot;:&quot;0&quot;,&quot;shutter_speed&quot;:&quot;0&quot;,&quot;title&quot;:&quot;&quot;,&quot;orientation&quot;:&quot;1&quot;}\" data-image-title=\"027\" data-image-description=\"\" data-image-caption=\"\" data-large-file=\"https:\/\/www.cvl-coutelier.be\/wp-content\/uploads\/2019\/08\/027-1-1024x682.jpg\" class=\"aligncenter size-full wp-image-571\" src=\"http:\/\/www.cvl-coutelier.be\/wp-content\/uploads\/2019\/08\/027-1.jpg\" alt=\"\" width=\"2449\" height=\"1632\" srcset=\"https:\/\/www.cvl-coutelier.be\/wp-content\/uploads\/2019\/08\/027-1.jpg 2449w, https:\/\/www.cvl-coutelier.be\/wp-content\/uploads\/2019\/08\/027-1-300x200.jpg 300w, https:\/\/www.cvl-coutelier.be\/wp-content\/uploads\/2019\/08\/027-1-450x300.jpg 450w, https:\/\/www.cvl-coutelier.be\/wp-content\/uploads\/2019\/08\/027-1-768x512.jpg 768w, https:\/\/www.cvl-coutelier.be\/wp-content\/uploads\/2019\/08\/027-1-1024x682.jpg 1024w\" sizes=\"auto, (max-width: 2449px) 100vw, 2449px\" \/><\/p>\n<p>Emouture de la lame au backstand.<\/p>\n<p><img loading=\"lazy\" decoding=\"async\" data-attachment-id=\"572\" data-permalink=\"https:\/\/www.cvl-coutelier.be\/index.php\/2019\/08\/07\/stage-dinitiation-a-la-coutellerie-joseph-backes\/025-2\/\" data-orig-file=\"https:\/\/www.cvl-coutelier.be\/wp-content\/uploads\/2019\/08\/025-1.jpg\" data-orig-size=\"1604,2492\" data-comments-opened=\"1\" data-image-meta=\"{&quot;aperture&quot;:&quot;0&quot;,&quot;credit&quot;:&quot;&quot;,&quot;camera&quot;:&quot;&quot;,&quot;caption&quot;:&quot;&quot;,&quot;created_timestamp&quot;:&quot;946688448&quot;,&quot;copyright&quot;:&quot;&quot;,&quot;focal_length&quot;:&quot;0&quot;,&quot;iso&quot;:&quot;0&quot;,&quot;shutter_speed&quot;:&quot;0&quot;,&quot;title&quot;:&quot;&quot;,&quot;orientation&quot;:&quot;1&quot;}\" data-image-title=\"025\" data-image-description=\"\" data-image-caption=\"\" data-large-file=\"https:\/\/www.cvl-coutelier.be\/wp-content\/uploads\/2019\/08\/025-1-659x1024.jpg\" class=\"aligncenter size-full wp-image-572\" src=\"http:\/\/www.cvl-coutelier.be\/wp-content\/uploads\/2019\/08\/025-1.jpg\" alt=\"\" width=\"1604\" height=\"2492\" srcset=\"https:\/\/www.cvl-coutelier.be\/wp-content\/uploads\/2019\/08\/025-1.jpg 1604w, https:\/\/www.cvl-coutelier.be\/wp-content\/uploads\/2019\/08\/025-1-193x300.jpg 193w, https:\/\/www.cvl-coutelier.be\/wp-content\/uploads\/2019\/08\/025-1-290x450.jpg 290w, https:\/\/www.cvl-coutelier.be\/wp-content\/uploads\/2019\/08\/025-1-768x1193.jpg 768w, https:\/\/www.cvl-coutelier.be\/wp-content\/uploads\/2019\/08\/025-1-659x1024.jpg 659w\" sizes=\"auto, (max-width: 1604px) 100vw, 1604px\" \/><\/p>\n<p>&nbsp;<\/p>\n<p>&nbsp;<\/p>\n<p><img loading=\"lazy\" decoding=\"async\" data-attachment-id=\"573\" data-permalink=\"https:\/\/www.cvl-coutelier.be\/index.php\/2019\/08\/07\/stage-dinitiation-a-la-coutellerie-joseph-backes\/032-3\/\" data-orig-file=\"https:\/\/www.cvl-coutelier.be\/wp-content\/uploads\/2019\/08\/032-2.jpg\" data-orig-size=\"2504,1597\" data-comments-opened=\"1\" data-image-meta=\"{&quot;aperture&quot;:&quot;0&quot;,&quot;credit&quot;:&quot;&quot;,&quot;camera&quot;:&quot;&quot;,&quot;caption&quot;:&quot;&quot;,&quot;created_timestamp&quot;:&quot;946688404&quot;,&quot;copyright&quot;:&quot;&quot;,&quot;focal_length&quot;:&quot;0&quot;,&quot;iso&quot;:&quot;0&quot;,&quot;shutter_speed&quot;:&quot;0&quot;,&quot;title&quot;:&quot;&quot;,&quot;orientation&quot;:&quot;1&quot;}\" data-image-title=\"032\" data-image-description=\"\" data-image-caption=\"\" data-large-file=\"https:\/\/www.cvl-coutelier.be\/wp-content\/uploads\/2019\/08\/032-2-1024x653.jpg\" class=\"aligncenter size-full wp-image-573\" src=\"http:\/\/www.cvl-coutelier.be\/wp-content\/uploads\/2019\/08\/032-2.jpg\" alt=\"\" width=\"2504\" height=\"1597\" srcset=\"https:\/\/www.cvl-coutelier.be\/wp-content\/uploads\/2019\/08\/032-2.jpg 2504w, https:\/\/www.cvl-coutelier.be\/wp-content\/uploads\/2019\/08\/032-2-300x191.jpg 300w, https:\/\/www.cvl-coutelier.be\/wp-content\/uploads\/2019\/08\/032-2-450x287.jpg 450w, https:\/\/www.cvl-coutelier.be\/wp-content\/uploads\/2019\/08\/032-2-768x490.jpg 768w, https:\/\/www.cvl-coutelier.be\/wp-content\/uploads\/2019\/08\/032-2-1024x653.jpg 1024w\" sizes=\"auto, (max-width: 2504px) 100vw, 2504px\" \/><\/p>\n<p>Sortie de la lame du four pour la trempe.<\/p>\n<p><img loading=\"lazy\" decoding=\"async\" data-attachment-id=\"574\" data-permalink=\"https:\/\/www.cvl-coutelier.be\/index.php\/2019\/08\/07\/stage-dinitiation-a-la-coutellerie-joseph-backes\/031-3\/\" data-orig-file=\"https:\/\/www.cvl-coutelier.be\/wp-content\/uploads\/2019\/08\/031-2.jpg\" data-orig-size=\"1311,1220\" data-comments-opened=\"1\" data-image-meta=\"{&quot;aperture&quot;:&quot;4.5&quot;,&quot;credit&quot;:&quot;&quot;,&quot;camera&quot;:&quot;Canon EOS 5D Mark IV&quot;,&quot;caption&quot;:&quot;&quot;,&quot;created_timestamp&quot;:&quot;946688409&quot;,&quot;copyright&quot;:&quot;&quot;,&quot;focal_length&quot;:&quot;35&quot;,&quot;iso&quot;:&quot;5000&quot;,&quot;shutter_speed&quot;:&quot;0.00625&quot;,&quot;title&quot;:&quot;&quot;,&quot;orientation&quot;:&quot;1&quot;}\" data-image-title=\"031\" data-image-description=\"\" data-image-caption=\"\" data-large-file=\"https:\/\/www.cvl-coutelier.be\/wp-content\/uploads\/2019\/08\/031-2-1024x953.jpg\" class=\"aligncenter size-full wp-image-574\" src=\"http:\/\/www.cvl-coutelier.be\/wp-content\/uploads\/2019\/08\/031-2.jpg\" alt=\"\" width=\"1311\" height=\"1220\" srcset=\"https:\/\/www.cvl-coutelier.be\/wp-content\/uploads\/2019\/08\/031-2.jpg 1311w, https:\/\/www.cvl-coutelier.be\/wp-content\/uploads\/2019\/08\/031-2-300x279.jpg 300w, https:\/\/www.cvl-coutelier.be\/wp-content\/uploads\/2019\/08\/031-2-450x419.jpg 450w, https:\/\/www.cvl-coutelier.be\/wp-content\/uploads\/2019\/08\/031-2-768x715.jpg 768w, https:\/\/www.cvl-coutelier.be\/wp-content\/uploads\/2019\/08\/031-2-1024x953.jpg 1024w\" sizes=\"auto, (max-width: 1311px) 100vw, 1311px\" \/><\/p>\n<p>Entr\u00e9e de la lame dans l&rsquo;huile<\/p>\n<p><img loading=\"lazy\" decoding=\"async\" data-attachment-id=\"575\" data-permalink=\"https:\/\/www.cvl-coutelier.be\/index.php\/2019\/08\/07\/stage-dinitiation-a-la-coutellerie-joseph-backes\/030-3\/\" data-orig-file=\"https:\/\/www.cvl-coutelier.be\/wp-content\/uploads\/2019\/08\/030-2.jpg\" data-orig-size=\"2061,1940\" data-comments-opened=\"1\" data-image-meta=\"{&quot;aperture&quot;:&quot;0&quot;,&quot;credit&quot;:&quot;&quot;,&quot;camera&quot;:&quot;&quot;,&quot;caption&quot;:&quot;&quot;,&quot;created_timestamp&quot;:&quot;946688415&quot;,&quot;copyright&quot;:&quot;&quot;,&quot;focal_length&quot;:&quot;0&quot;,&quot;iso&quot;:&quot;0&quot;,&quot;shutter_speed&quot;:&quot;0&quot;,&quot;title&quot;:&quot;&quot;,&quot;orientation&quot;:&quot;1&quot;}\" data-image-title=\"030\" data-image-description=\"\" data-image-caption=\"\" data-large-file=\"https:\/\/www.cvl-coutelier.be\/wp-content\/uploads\/2019\/08\/030-2-1024x964.jpg\" class=\"aligncenter size-full wp-image-575\" src=\"http:\/\/www.cvl-coutelier.be\/wp-content\/uploads\/2019\/08\/030-2.jpg\" alt=\"\" width=\"2061\" height=\"1940\" srcset=\"https:\/\/www.cvl-coutelier.be\/wp-content\/uploads\/2019\/08\/030-2.jpg 2061w, https:\/\/www.cvl-coutelier.be\/wp-content\/uploads\/2019\/08\/030-2-300x282.jpg 300w, https:\/\/www.cvl-coutelier.be\/wp-content\/uploads\/2019\/08\/030-2-450x424.jpg 450w, https:\/\/www.cvl-coutelier.be\/wp-content\/uploads\/2019\/08\/030-2-768x723.jpg 768w, https:\/\/www.cvl-coutelier.be\/wp-content\/uploads\/2019\/08\/030-2-1024x964.jpg 1024w\" sizes=\"auto, (max-width: 2061px) 100vw, 2061px\" \/><\/p>\n<p>Trempe de la lame.<\/p>\n<p><img loading=\"lazy\" decoding=\"async\" data-attachment-id=\"576\" data-permalink=\"https:\/\/www.cvl-coutelier.be\/index.php\/2019\/08\/07\/stage-dinitiation-a-la-coutellerie-joseph-backes\/attachment\/028\/\" data-orig-file=\"https:\/\/www.cvl-coutelier.be\/wp-content\/uploads\/2019\/08\/028.jpg\" data-orig-size=\"1632,2449\" data-comments-opened=\"1\" data-image-meta=\"{&quot;aperture&quot;:&quot;0&quot;,&quot;credit&quot;:&quot;&quot;,&quot;camera&quot;:&quot;&quot;,&quot;caption&quot;:&quot;&quot;,&quot;created_timestamp&quot;:&quot;946688421&quot;,&quot;copyright&quot;:&quot;&quot;,&quot;focal_length&quot;:&quot;0&quot;,&quot;iso&quot;:&quot;0&quot;,&quot;shutter_speed&quot;:&quot;0&quot;,&quot;title&quot;:&quot;&quot;,&quot;orientation&quot;:&quot;1&quot;}\" data-image-title=\"028\" data-image-description=\"\" data-image-caption=\"\" data-large-file=\"https:\/\/www.cvl-coutelier.be\/wp-content\/uploads\/2019\/08\/028-682x1024.jpg\" class=\"aligncenter size-full wp-image-576\" src=\"http:\/\/www.cvl-coutelier.be\/wp-content\/uploads\/2019\/08\/028.jpg\" alt=\"\" width=\"1632\" height=\"2449\" srcset=\"https:\/\/www.cvl-coutelier.be\/wp-content\/uploads\/2019\/08\/028.jpg 1632w, https:\/\/www.cvl-coutelier.be\/wp-content\/uploads\/2019\/08\/028-200x300.jpg 200w, https:\/\/www.cvl-coutelier.be\/wp-content\/uploads\/2019\/08\/028-300x450.jpg 300w, https:\/\/www.cvl-coutelier.be\/wp-content\/uploads\/2019\/08\/028-768x1152.jpg 768w, https:\/\/www.cvl-coutelier.be\/wp-content\/uploads\/2019\/08\/028-682x1024.jpg 682w\" sizes=\"auto, (max-width: 1632px) 100vw, 1632px\" \/><\/p>\n<p>Aspect de la lame apr\u00e8s trempe, pr\u00eate pour le revenu de d\u00e9tente.<\/p>\n<p><img loading=\"lazy\" decoding=\"async\" data-attachment-id=\"578\" data-permalink=\"https:\/\/www.cvl-coutelier.be\/index.php\/2019\/08\/07\/stage-dinitiation-a-la-coutellerie-joseph-backes\/053-3\/\" data-orig-file=\"https:\/\/www.cvl-coutelier.be\/wp-content\/uploads\/2019\/08\/053-2.jpg\" data-orig-size=\"1632,2449\" data-comments-opened=\"1\" data-image-meta=\"{&quot;aperture&quot;:&quot;0&quot;,&quot;credit&quot;:&quot;&quot;,&quot;camera&quot;:&quot;&quot;,&quot;caption&quot;:&quot;&quot;,&quot;created_timestamp&quot;:&quot;946688577&quot;,&quot;copyright&quot;:&quot;&quot;,&quot;focal_length&quot;:&quot;0&quot;,&quot;iso&quot;:&quot;0&quot;,&quot;shutter_speed&quot;:&quot;0&quot;,&quot;title&quot;:&quot;&quot;,&quot;orientation&quot;:&quot;1&quot;}\" data-image-title=\"053\" data-image-description=\"\" data-image-caption=\"\" data-large-file=\"https:\/\/www.cvl-coutelier.be\/wp-content\/uploads\/2019\/08\/053-2-682x1024.jpg\" class=\"aligncenter size-full wp-image-578\" src=\"http:\/\/www.cvl-coutelier.be\/wp-content\/uploads\/2019\/08\/053-2.jpg\" alt=\"\" width=\"1632\" height=\"2449\" srcset=\"https:\/\/www.cvl-coutelier.be\/wp-content\/uploads\/2019\/08\/053-2.jpg 1632w, https:\/\/www.cvl-coutelier.be\/wp-content\/uploads\/2019\/08\/053-2-200x300.jpg 200w, https:\/\/www.cvl-coutelier.be\/wp-content\/uploads\/2019\/08\/053-2-300x450.jpg 300w, https:\/\/www.cvl-coutelier.be\/wp-content\/uploads\/2019\/08\/053-2-768x1152.jpg 768w, https:\/\/www.cvl-coutelier.be\/wp-content\/uploads\/2019\/08\/053-2-682x1024.jpg 682w\" sizes=\"auto, (max-width: 1632px) 100vw, 1632px\" \/><\/p>\n<p>&nbsp;<\/p>\n<p>D\u00e9coupe du bloc d&rsquo;orme \u00e0 la scie circulaire.<\/p>\n<p><img loading=\"lazy\" decoding=\"async\" data-attachment-id=\"579\" data-permalink=\"https:\/\/www.cvl-coutelier.be\/index.php\/2019\/08\/07\/stage-dinitiation-a-la-coutellerie-joseph-backes\/attachment\/055\/\" data-orig-file=\"https:\/\/www.cvl-coutelier.be\/wp-content\/uploads\/2019\/08\/055.jpg\" data-orig-size=\"2511,1592\" data-comments-opened=\"1\" data-image-meta=\"{&quot;aperture&quot;:&quot;0&quot;,&quot;credit&quot;:&quot;&quot;,&quot;camera&quot;:&quot;&quot;,&quot;caption&quot;:&quot;&quot;,&quot;created_timestamp&quot;:&quot;946688555&quot;,&quot;copyright&quot;:&quot;&quot;,&quot;focal_length&quot;:&quot;0&quot;,&quot;iso&quot;:&quot;0&quot;,&quot;shutter_speed&quot;:&quot;0&quot;,&quot;title&quot;:&quot;&quot;,&quot;orientation&quot;:&quot;1&quot;}\" data-image-title=\"055\" data-image-description=\"\" data-image-caption=\"\" data-large-file=\"https:\/\/www.cvl-coutelier.be\/wp-content\/uploads\/2019\/08\/055-1024x649.jpg\" class=\"aligncenter size-full wp-image-579\" src=\"http:\/\/www.cvl-coutelier.be\/wp-content\/uploads\/2019\/08\/055.jpg\" alt=\"\" width=\"2511\" height=\"1592\" srcset=\"https:\/\/www.cvl-coutelier.be\/wp-content\/uploads\/2019\/08\/055.jpg 2511w, https:\/\/www.cvl-coutelier.be\/wp-content\/uploads\/2019\/08\/055-300x190.jpg 300w, https:\/\/www.cvl-coutelier.be\/wp-content\/uploads\/2019\/08\/055-450x285.jpg 450w, https:\/\/www.cvl-coutelier.be\/wp-content\/uploads\/2019\/08\/055-768x487.jpg 768w, https:\/\/www.cvl-coutelier.be\/wp-content\/uploads\/2019\/08\/055-1024x649.jpg 1024w\" sizes=\"auto, (max-width: 2511px) 100vw, 2511px\" \/><\/p>\n<p>&nbsp;<\/p>\n<p><img loading=\"lazy\" decoding=\"async\" data-attachment-id=\"580\" data-permalink=\"https:\/\/www.cvl-coutelier.be\/index.php\/2019\/08\/07\/stage-dinitiation-a-la-coutellerie-joseph-backes\/052-3\/\" data-orig-file=\"https:\/\/www.cvl-coutelier.be\/wp-content\/uploads\/2019\/08\/052-2.jpg\" data-orig-size=\"2553,1566\" data-comments-opened=\"1\" data-image-meta=\"{&quot;aperture&quot;:&quot;0&quot;,&quot;credit&quot;:&quot;&quot;,&quot;camera&quot;:&quot;&quot;,&quot;caption&quot;:&quot;&quot;,&quot;created_timestamp&quot;:&quot;946688699&quot;,&quot;copyright&quot;:&quot;&quot;,&quot;focal_length&quot;:&quot;0&quot;,&quot;iso&quot;:&quot;0&quot;,&quot;shutter_speed&quot;:&quot;0&quot;,&quot;title&quot;:&quot;&quot;,&quot;orientation&quot;:&quot;1&quot;}\" data-image-title=\"052\" data-image-description=\"\" data-image-caption=\"\" data-large-file=\"https:\/\/www.cvl-coutelier.be\/wp-content\/uploads\/2019\/08\/052-2-1024x628.jpg\" class=\"aligncenter size-full wp-image-580\" src=\"http:\/\/www.cvl-coutelier.be\/wp-content\/uploads\/2019\/08\/052-2.jpg\" alt=\"\" width=\"2553\" height=\"1566\" srcset=\"https:\/\/www.cvl-coutelier.be\/wp-content\/uploads\/2019\/08\/052-2.jpg 2553w, https:\/\/www.cvl-coutelier.be\/wp-content\/uploads\/2019\/08\/052-2-300x184.jpg 300w, https:\/\/www.cvl-coutelier.be\/wp-content\/uploads\/2019\/08\/052-2-450x276.jpg 450w, https:\/\/www.cvl-coutelier.be\/wp-content\/uploads\/2019\/08\/052-2-768x471.jpg 768w, https:\/\/www.cvl-coutelier.be\/wp-content\/uploads\/2019\/08\/052-2-1024x628.jpg 1024w\" sizes=\"auto, (max-width: 2553px) 100vw, 2553px\" \/><\/p>\n<p>Lame et plaquettes.<\/p>\n<p><img loading=\"lazy\" decoding=\"async\" data-attachment-id=\"581\" data-permalink=\"https:\/\/www.cvl-coutelier.be\/index.php\/2019\/08\/07\/stage-dinitiation-a-la-coutellerie-joseph-backes\/049-3\/\" data-orig-file=\"https:\/\/www.cvl-coutelier.be\/wp-content\/uploads\/2019\/08\/049-2.jpg\" data-orig-size=\"2869,1394\" data-comments-opened=\"1\" data-image-meta=\"{&quot;aperture&quot;:&quot;0&quot;,&quot;credit&quot;:&quot;&quot;,&quot;camera&quot;:&quot;&quot;,&quot;caption&quot;:&quot;&quot;,&quot;created_timestamp&quot;:&quot;946688430&quot;,&quot;copyright&quot;:&quot;&quot;,&quot;focal_length&quot;:&quot;0&quot;,&quot;iso&quot;:&quot;0&quot;,&quot;shutter_speed&quot;:&quot;0&quot;,&quot;title&quot;:&quot;&quot;,&quot;orientation&quot;:&quot;1&quot;}\" data-image-title=\"049\" data-image-description=\"\" data-image-caption=\"\" data-large-file=\"https:\/\/www.cvl-coutelier.be\/wp-content\/uploads\/2019\/08\/049-2-1024x498.jpg\" class=\"aligncenter size-full wp-image-581\" src=\"http:\/\/www.cvl-coutelier.be\/wp-content\/uploads\/2019\/08\/049-2.jpg\" alt=\"\" width=\"2869\" height=\"1394\" srcset=\"https:\/\/www.cvl-coutelier.be\/wp-content\/uploads\/2019\/08\/049-2.jpg 2869w, https:\/\/www.cvl-coutelier.be\/wp-content\/uploads\/2019\/08\/049-2-300x146.jpg 300w, https:\/\/www.cvl-coutelier.be\/wp-content\/uploads\/2019\/08\/049-2-450x219.jpg 450w, https:\/\/www.cvl-coutelier.be\/wp-content\/uploads\/2019\/08\/049-2-768x373.jpg 768w, https:\/\/www.cvl-coutelier.be\/wp-content\/uploads\/2019\/08\/049-2-1024x498.jpg 1024w\" sizes=\"auto, (max-width: 2869px) 100vw, 2869px\" \/><\/p>\n<p>Tr\u00e8s important ! Marquer le sens de plaquettes.<\/p>\n<p><img loading=\"lazy\" decoding=\"async\" data-attachment-id=\"582\" data-permalink=\"https:\/\/www.cvl-coutelier.be\/index.php\/2019\/08\/07\/stage-dinitiation-a-la-coutellerie-joseph-backes\/050-3\/\" data-orig-file=\"https:\/\/www.cvl-coutelier.be\/wp-content\/uploads\/2019\/08\/050-2.jpg\" data-orig-size=\"2317,1726\" data-comments-opened=\"1\" data-image-meta=\"{&quot;aperture&quot;:&quot;0&quot;,&quot;credit&quot;:&quot;&quot;,&quot;camera&quot;:&quot;&quot;,&quot;caption&quot;:&quot;&quot;,&quot;created_timestamp&quot;:&quot;946688445&quot;,&quot;copyright&quot;:&quot;&quot;,&quot;focal_length&quot;:&quot;0&quot;,&quot;iso&quot;:&quot;0&quot;,&quot;shutter_speed&quot;:&quot;0&quot;,&quot;title&quot;:&quot;&quot;,&quot;orientation&quot;:&quot;1&quot;}\" data-image-title=\"050\" data-image-description=\"\" data-image-caption=\"\" data-large-file=\"https:\/\/www.cvl-coutelier.be\/wp-content\/uploads\/2019\/08\/050-2-1024x763.jpg\" class=\"aligncenter size-full wp-image-582\" src=\"http:\/\/www.cvl-coutelier.be\/wp-content\/uploads\/2019\/08\/050-2.jpg\" alt=\"\" width=\"2317\" height=\"1726\" srcset=\"https:\/\/www.cvl-coutelier.be\/wp-content\/uploads\/2019\/08\/050-2.jpg 2317w, https:\/\/www.cvl-coutelier.be\/wp-content\/uploads\/2019\/08\/050-2-300x223.jpg 300w, https:\/\/www.cvl-coutelier.be\/wp-content\/uploads\/2019\/08\/050-2-450x335.jpg 450w, https:\/\/www.cvl-coutelier.be\/wp-content\/uploads\/2019\/08\/050-2-768x572.jpg 768w, https:\/\/www.cvl-coutelier.be\/wp-content\/uploads\/2019\/08\/050-2-1024x763.jpg 1024w\" sizes=\"auto, (max-width: 2317px) 100vw, 2317px\" \/><\/p>\n<p>Bien v\u00e9rifier la plan\u00e9it\u00e9 des plaquettes.<\/p>\n<p><img loading=\"lazy\" decoding=\"async\" data-attachment-id=\"583\" data-permalink=\"https:\/\/www.cvl-coutelier.be\/index.php\/2019\/08\/07\/stage-dinitiation-a-la-coutellerie-joseph-backes\/035-3\/\" data-orig-file=\"https:\/\/www.cvl-coutelier.be\/wp-content\/uploads\/2019\/08\/035-2.jpg\" data-orig-size=\"2175,1838\" data-comments-opened=\"1\" data-image-meta=\"{&quot;aperture&quot;:&quot;0&quot;,&quot;credit&quot;:&quot;&quot;,&quot;camera&quot;:&quot;&quot;,&quot;caption&quot;:&quot;&quot;,&quot;created_timestamp&quot;:&quot;946688539&quot;,&quot;copyright&quot;:&quot;&quot;,&quot;focal_length&quot;:&quot;0&quot;,&quot;iso&quot;:&quot;0&quot;,&quot;shutter_speed&quot;:&quot;0&quot;,&quot;title&quot;:&quot;&quot;,&quot;orientation&quot;:&quot;1&quot;}\" data-image-title=\"035\" data-image-description=\"\" data-image-caption=\"\" data-large-file=\"https:\/\/www.cvl-coutelier.be\/wp-content\/uploads\/2019\/08\/035-2-1024x865.jpg\" class=\"aligncenter size-full wp-image-583\" src=\"http:\/\/www.cvl-coutelier.be\/wp-content\/uploads\/2019\/08\/035-2.jpg\" alt=\"\" width=\"2175\" height=\"1838\" srcset=\"https:\/\/www.cvl-coutelier.be\/wp-content\/uploads\/2019\/08\/035-2.jpg 2175w, https:\/\/www.cvl-coutelier.be\/wp-content\/uploads\/2019\/08\/035-2-300x254.jpg 300w, https:\/\/www.cvl-coutelier.be\/wp-content\/uploads\/2019\/08\/035-2-450x380.jpg 450w, https:\/\/www.cvl-coutelier.be\/wp-content\/uploads\/2019\/08\/035-2-768x649.jpg 768w, https:\/\/www.cvl-coutelier.be\/wp-content\/uploads\/2019\/08\/035-2-1024x865.jpg 1024w\" sizes=\"auto, (max-width: 2175px) 100vw, 2175px\" \/><\/p>\n<p>&nbsp;<\/p>\n<p><img loading=\"lazy\" decoding=\"async\" data-attachment-id=\"584\" data-permalink=\"https:\/\/www.cvl-coutelier.be\/index.php\/2019\/08\/07\/stage-dinitiation-a-la-coutellerie-joseph-backes\/038-3\/\" data-orig-file=\"https:\/\/www.cvl-coutelier.be\/wp-content\/uploads\/2019\/08\/038-2.jpg\" data-orig-size=\"2449,1632\" data-comments-opened=\"1\" data-image-meta=\"{&quot;aperture&quot;:&quot;0&quot;,&quot;credit&quot;:&quot;&quot;,&quot;camera&quot;:&quot;&quot;,&quot;caption&quot;:&quot;&quot;,&quot;created_timestamp&quot;:&quot;946688419&quot;,&quot;copyright&quot;:&quot;&quot;,&quot;focal_length&quot;:&quot;0&quot;,&quot;iso&quot;:&quot;0&quot;,&quot;shutter_speed&quot;:&quot;0&quot;,&quot;title&quot;:&quot;&quot;,&quot;orientation&quot;:&quot;1&quot;}\" data-image-title=\"038\" data-image-description=\"\" data-image-caption=\"\" data-large-file=\"https:\/\/www.cvl-coutelier.be\/wp-content\/uploads\/2019\/08\/038-2-1024x682.jpg\" class=\"aligncenter size-full wp-image-584\" src=\"http:\/\/www.cvl-coutelier.be\/wp-content\/uploads\/2019\/08\/038-2.jpg\" alt=\"\" width=\"2449\" height=\"1632\" srcset=\"https:\/\/www.cvl-coutelier.be\/wp-content\/uploads\/2019\/08\/038-2.jpg 2449w, https:\/\/www.cvl-coutelier.be\/wp-content\/uploads\/2019\/08\/038-2-300x200.jpg 300w, https:\/\/www.cvl-coutelier.be\/wp-content\/uploads\/2019\/08\/038-2-450x300.jpg 450w, https:\/\/www.cvl-coutelier.be\/wp-content\/uploads\/2019\/08\/038-2-768x512.jpg 768w, https:\/\/www.cvl-coutelier.be\/wp-content\/uploads\/2019\/08\/038-2-1024x682.jpg 1024w\" sizes=\"auto, (max-width: 2449px) 100vw, 2449px\" \/><\/p>\n<p>Choix des pins.<\/p>\n<p><img loading=\"lazy\" decoding=\"async\" data-attachment-id=\"585\" data-permalink=\"https:\/\/www.cvl-coutelier.be\/index.php\/2019\/08\/07\/stage-dinitiation-a-la-coutellerie-joseph-backes\/039-3\/\" data-orig-file=\"https:\/\/www.cvl-coutelier.be\/wp-content\/uploads\/2019\/08\/039-2.jpg\" data-orig-size=\"1857,2153\" data-comments-opened=\"1\" data-image-meta=\"{&quot;aperture&quot;:&quot;0&quot;,&quot;credit&quot;:&quot;&quot;,&quot;camera&quot;:&quot;&quot;,&quot;caption&quot;:&quot;&quot;,&quot;created_timestamp&quot;:&quot;946688410&quot;,&quot;copyright&quot;:&quot;&quot;,&quot;focal_length&quot;:&quot;0&quot;,&quot;iso&quot;:&quot;0&quot;,&quot;shutter_speed&quot;:&quot;0&quot;,&quot;title&quot;:&quot;&quot;,&quot;orientation&quot;:&quot;1&quot;}\" data-image-title=\"039\" data-image-description=\"\" data-image-caption=\"\" data-large-file=\"https:\/\/www.cvl-coutelier.be\/wp-content\/uploads\/2019\/08\/039-2-883x1024.jpg\" class=\"aligncenter size-full wp-image-585\" src=\"http:\/\/www.cvl-coutelier.be\/wp-content\/uploads\/2019\/08\/039-2.jpg\" alt=\"\" width=\"1857\" height=\"2153\" srcset=\"https:\/\/www.cvl-coutelier.be\/wp-content\/uploads\/2019\/08\/039-2.jpg 1857w, https:\/\/www.cvl-coutelier.be\/wp-content\/uploads\/2019\/08\/039-2-259x300.jpg 259w, https:\/\/www.cvl-coutelier.be\/wp-content\/uploads\/2019\/08\/039-2-388x450.jpg 388w, https:\/\/www.cvl-coutelier.be\/wp-content\/uploads\/2019\/08\/039-2-768x890.jpg 768w, https:\/\/www.cvl-coutelier.be\/wp-content\/uploads\/2019\/08\/039-2-883x1024.jpg 883w\" sizes=\"auto, (max-width: 1857px) 100vw, 1857px\" \/><\/p>\n<p>Mise \u00e0 longueur des pins.<\/p>\n<p><img loading=\"lazy\" decoding=\"async\" data-attachment-id=\"586\" data-permalink=\"https:\/\/www.cvl-coutelier.be\/index.php\/2019\/08\/07\/stage-dinitiation-a-la-coutellerie-joseph-backes\/047-3\/\" data-orig-file=\"https:\/\/www.cvl-coutelier.be\/wp-content\/uploads\/2019\/08\/047-2.jpg\" data-orig-size=\"1632,2449\" data-comments-opened=\"1\" data-image-meta=\"{&quot;aperture&quot;:&quot;0&quot;,&quot;credit&quot;:&quot;&quot;,&quot;camera&quot;:&quot;&quot;,&quot;caption&quot;:&quot;&quot;,&quot;created_timestamp&quot;:&quot;946688407&quot;,&quot;copyright&quot;:&quot;&quot;,&quot;focal_length&quot;:&quot;0&quot;,&quot;iso&quot;:&quot;0&quot;,&quot;shutter_speed&quot;:&quot;0&quot;,&quot;title&quot;:&quot;&quot;,&quot;orientation&quot;:&quot;1&quot;}\" data-image-title=\"047\" data-image-description=\"\" data-image-caption=\"\" data-large-file=\"https:\/\/www.cvl-coutelier.be\/wp-content\/uploads\/2019\/08\/047-2-682x1024.jpg\" class=\"aligncenter size-full wp-image-586\" src=\"http:\/\/www.cvl-coutelier.be\/wp-content\/uploads\/2019\/08\/047-2.jpg\" alt=\"\" width=\"1632\" height=\"2449\" srcset=\"https:\/\/www.cvl-coutelier.be\/wp-content\/uploads\/2019\/08\/047-2.jpg 1632w, https:\/\/www.cvl-coutelier.be\/wp-content\/uploads\/2019\/08\/047-2-200x300.jpg 200w, https:\/\/www.cvl-coutelier.be\/wp-content\/uploads\/2019\/08\/047-2-300x450.jpg 300w, https:\/\/www.cvl-coutelier.be\/wp-content\/uploads\/2019\/08\/047-2-768x1152.jpg 768w, https:\/\/www.cvl-coutelier.be\/wp-content\/uploads\/2019\/08\/047-2-682x1024.jpg 682w\" sizes=\"auto, (max-width: 1632px) 100vw, 1632px\" \/><\/p>\n<p>Mise en forme des plaquettes au backstand.<\/p>\n<p><img loading=\"lazy\" decoding=\"async\" data-attachment-id=\"587\" data-permalink=\"https:\/\/www.cvl-coutelier.be\/index.php\/2019\/08\/07\/stage-dinitiation-a-la-coutellerie-joseph-backes\/046-3\/\" data-orig-file=\"https:\/\/www.cvl-coutelier.be\/wp-content\/uploads\/2019\/08\/046-2.jpg\" data-orig-size=\"1632,2449\" data-comments-opened=\"1\" data-image-meta=\"{&quot;aperture&quot;:&quot;0&quot;,&quot;credit&quot;:&quot;&quot;,&quot;camera&quot;:&quot;&quot;,&quot;caption&quot;:&quot;&quot;,&quot;created_timestamp&quot;:&quot;946688410&quot;,&quot;copyright&quot;:&quot;&quot;,&quot;focal_length&quot;:&quot;0&quot;,&quot;iso&quot;:&quot;0&quot;,&quot;shutter_speed&quot;:&quot;0&quot;,&quot;title&quot;:&quot;&quot;,&quot;orientation&quot;:&quot;1&quot;}\" data-image-title=\"046\" data-image-description=\"\" data-image-caption=\"\" data-large-file=\"https:\/\/www.cvl-coutelier.be\/wp-content\/uploads\/2019\/08\/046-2-682x1024.jpg\" class=\"aligncenter size-full wp-image-587\" src=\"http:\/\/www.cvl-coutelier.be\/wp-content\/uploads\/2019\/08\/046-2.jpg\" alt=\"\" width=\"1632\" height=\"2449\" srcset=\"https:\/\/www.cvl-coutelier.be\/wp-content\/uploads\/2019\/08\/046-2.jpg 1632w, https:\/\/www.cvl-coutelier.be\/wp-content\/uploads\/2019\/08\/046-2-200x300.jpg 200w, https:\/\/www.cvl-coutelier.be\/wp-content\/uploads\/2019\/08\/046-2-300x450.jpg 300w, https:\/\/www.cvl-coutelier.be\/wp-content\/uploads\/2019\/08\/046-2-768x1152.jpg 768w, https:\/\/www.cvl-coutelier.be\/wp-content\/uploads\/2019\/08\/046-2-682x1024.jpg 682w\" sizes=\"auto, (max-width: 1632px) 100vw, 1632px\" \/><\/p>\n<p><img loading=\"lazy\" decoding=\"async\" data-attachment-id=\"588\" data-permalink=\"https:\/\/www.cvl-coutelier.be\/index.php\/2019\/08\/07\/stage-dinitiation-a-la-coutellerie-joseph-backes\/045-3\/\" data-orig-file=\"https:\/\/www.cvl-coutelier.be\/wp-content\/uploads\/2019\/08\/045-2.jpg\" data-orig-size=\"1632,2449\" data-comments-opened=\"1\" data-image-meta=\"{&quot;aperture&quot;:&quot;0&quot;,&quot;credit&quot;:&quot;&quot;,&quot;camera&quot;:&quot;&quot;,&quot;caption&quot;:&quot;&quot;,&quot;created_timestamp&quot;:&quot;946688413&quot;,&quot;copyright&quot;:&quot;&quot;,&quot;focal_length&quot;:&quot;0&quot;,&quot;iso&quot;:&quot;0&quot;,&quot;shutter_speed&quot;:&quot;0&quot;,&quot;title&quot;:&quot;&quot;,&quot;orientation&quot;:&quot;1&quot;}\" data-image-title=\"045\" data-image-description=\"\" data-image-caption=\"\" data-large-file=\"https:\/\/www.cvl-coutelier.be\/wp-content\/uploads\/2019\/08\/045-2-682x1024.jpg\" class=\"aligncenter size-full wp-image-588\" src=\"http:\/\/www.cvl-coutelier.be\/wp-content\/uploads\/2019\/08\/045-2.jpg\" alt=\"\" width=\"1632\" height=\"2449\" srcset=\"https:\/\/www.cvl-coutelier.be\/wp-content\/uploads\/2019\/08\/045-2.jpg 1632w, https:\/\/www.cvl-coutelier.be\/wp-content\/uploads\/2019\/08\/045-2-200x300.jpg 200w, https:\/\/www.cvl-coutelier.be\/wp-content\/uploads\/2019\/08\/045-2-300x450.jpg 300w, https:\/\/www.cvl-coutelier.be\/wp-content\/uploads\/2019\/08\/045-2-768x1152.jpg 768w, https:\/\/www.cvl-coutelier.be\/wp-content\/uploads\/2019\/08\/045-2-682x1024.jpg 682w\" sizes=\"auto, (max-width: 1632px) 100vw, 1632px\" \/><\/p>\n<p>&nbsp;<\/p>\n<p><img loading=\"lazy\" decoding=\"async\" data-attachment-id=\"589\" data-permalink=\"https:\/\/www.cvl-coutelier.be\/index.php\/2019\/08\/07\/stage-dinitiation-a-la-coutellerie-joseph-backes\/043-3\/\" data-orig-file=\"https:\/\/www.cvl-coutelier.be\/wp-content\/uploads\/2019\/08\/043-2.jpg\" data-orig-size=\"2449,1632\" data-comments-opened=\"1\" data-image-meta=\"{&quot;aperture&quot;:&quot;0&quot;,&quot;credit&quot;:&quot;&quot;,&quot;camera&quot;:&quot;&quot;,&quot;caption&quot;:&quot;&quot;,&quot;created_timestamp&quot;:&quot;946688424&quot;,&quot;copyright&quot;:&quot;&quot;,&quot;focal_length&quot;:&quot;0&quot;,&quot;iso&quot;:&quot;0&quot;,&quot;shutter_speed&quot;:&quot;0&quot;,&quot;title&quot;:&quot;&quot;,&quot;orientation&quot;:&quot;1&quot;}\" data-image-title=\"043\" data-image-description=\"\" data-image-caption=\"\" data-large-file=\"https:\/\/www.cvl-coutelier.be\/wp-content\/uploads\/2019\/08\/043-2-1024x682.jpg\" class=\"aligncenter size-full wp-image-589\" src=\"http:\/\/www.cvl-coutelier.be\/wp-content\/uploads\/2019\/08\/043-2.jpg\" alt=\"\" width=\"2449\" height=\"1632\" srcset=\"https:\/\/www.cvl-coutelier.be\/wp-content\/uploads\/2019\/08\/043-2.jpg 2449w, https:\/\/www.cvl-coutelier.be\/wp-content\/uploads\/2019\/08\/043-2-300x200.jpg 300w, https:\/\/www.cvl-coutelier.be\/wp-content\/uploads\/2019\/08\/043-2-450x300.jpg 450w, https:\/\/www.cvl-coutelier.be\/wp-content\/uploads\/2019\/08\/043-2-768x512.jpg 768w, https:\/\/www.cvl-coutelier.be\/wp-content\/uploads\/2019\/08\/043-2-1024x682.jpg 1024w\" sizes=\"auto, (max-width: 2449px) 100vw, 2449px\" \/><\/p>\n<p>Bien pr\u00e9parer l&rsquo;avant des plaquettes avant collage.<\/p>\n<p><img loading=\"lazy\" decoding=\"async\" data-attachment-id=\"590\" data-permalink=\"https:\/\/www.cvl-coutelier.be\/index.php\/2019\/08\/07\/stage-dinitiation-a-la-coutellerie-joseph-backes\/attachment\/041\/\" data-orig-file=\"https:\/\/www.cvl-coutelier.be\/wp-content\/uploads\/2019\/08\/041.jpg\" data-orig-size=\"2449,1632\" data-comments-opened=\"1\" data-image-meta=\"{&quot;aperture&quot;:&quot;0&quot;,&quot;credit&quot;:&quot;&quot;,&quot;camera&quot;:&quot;&quot;,&quot;caption&quot;:&quot;&quot;,&quot;created_timestamp&quot;:&quot;946688409&quot;,&quot;copyright&quot;:&quot;&quot;,&quot;focal_length&quot;:&quot;0&quot;,&quot;iso&quot;:&quot;0&quot;,&quot;shutter_speed&quot;:&quot;0&quot;,&quot;title&quot;:&quot;&quot;,&quot;orientation&quot;:&quot;1&quot;}\" data-image-title=\"041\" data-image-description=\"\" data-image-caption=\"\" data-large-file=\"https:\/\/www.cvl-coutelier.be\/wp-content\/uploads\/2019\/08\/041-1024x682.jpg\" class=\"aligncenter size-full wp-image-590\" src=\"http:\/\/www.cvl-coutelier.be\/wp-content\/uploads\/2019\/08\/041.jpg\" alt=\"\" width=\"2449\" height=\"1632\" srcset=\"https:\/\/www.cvl-coutelier.be\/wp-content\/uploads\/2019\/08\/041.jpg 2449w, https:\/\/www.cvl-coutelier.be\/wp-content\/uploads\/2019\/08\/041-300x200.jpg 300w, https:\/\/www.cvl-coutelier.be\/wp-content\/uploads\/2019\/08\/041-450x300.jpg 450w, https:\/\/www.cvl-coutelier.be\/wp-content\/uploads\/2019\/08\/041-768x512.jpg 768w, https:\/\/www.cvl-coutelier.be\/wp-content\/uploads\/2019\/08\/041-1024x682.jpg 1024w\" sizes=\"auto, (max-width: 2449px) 100vw, 2449px\" \/><\/p>\n<p>Pon\u00e7age et finition de l&rsquo;avant des plaquettes.<\/p>\n<p><img loading=\"lazy\" decoding=\"async\" data-attachment-id=\"591\" data-permalink=\"https:\/\/www.cvl-coutelier.be\/index.php\/2019\/08\/07\/stage-dinitiation-a-la-coutellerie-joseph-backes\/attachment\/042\/\" data-orig-file=\"https:\/\/www.cvl-coutelier.be\/wp-content\/uploads\/2019\/08\/042.jpg\" data-orig-size=\"2017,1982\" data-comments-opened=\"1\" data-image-meta=\"{&quot;aperture&quot;:&quot;0&quot;,&quot;credit&quot;:&quot;&quot;,&quot;camera&quot;:&quot;&quot;,&quot;caption&quot;:&quot;&quot;,&quot;created_timestamp&quot;:&quot;946688405&quot;,&quot;copyright&quot;:&quot;&quot;,&quot;focal_length&quot;:&quot;0&quot;,&quot;iso&quot;:&quot;0&quot;,&quot;shutter_speed&quot;:&quot;0&quot;,&quot;title&quot;:&quot;&quot;,&quot;orientation&quot;:&quot;1&quot;}\" data-image-title=\"042\" data-image-description=\"\" data-image-caption=\"\" data-large-file=\"https:\/\/www.cvl-coutelier.be\/wp-content\/uploads\/2019\/08\/042-1024x1006.jpg\" class=\"aligncenter size-full wp-image-591\" src=\"http:\/\/www.cvl-coutelier.be\/wp-content\/uploads\/2019\/08\/042.jpg\" alt=\"\" width=\"2017\" height=\"1982\" srcset=\"https:\/\/www.cvl-coutelier.be\/wp-content\/uploads\/2019\/08\/042.jpg 2017w, https:\/\/www.cvl-coutelier.be\/wp-content\/uploads\/2019\/08\/042-300x295.jpg 300w, https:\/\/www.cvl-coutelier.be\/wp-content\/uploads\/2019\/08\/042-450x442.jpg 450w, https:\/\/www.cvl-coutelier.be\/wp-content\/uploads\/2019\/08\/042-768x755.jpg 768w, https:\/\/www.cvl-coutelier.be\/wp-content\/uploads\/2019\/08\/042-1024x1006.jpg 1024w\" sizes=\"auto, (max-width: 2017px) 100vw, 2017px\" \/><\/p>\n<p>Finition au grain 800.<\/p>\n<p><img loading=\"lazy\" decoding=\"async\" data-attachment-id=\"592\" data-permalink=\"https:\/\/www.cvl-coutelier.be\/index.php\/2019\/08\/07\/stage-dinitiation-a-la-coutellerie-joseph-backes\/040-3\/\" data-orig-file=\"https:\/\/www.cvl-coutelier.be\/wp-content\/uploads\/2019\/08\/040-2.jpg\" data-orig-size=\"2265,1765\" data-comments-opened=\"1\" data-image-meta=\"{&quot;aperture&quot;:&quot;0&quot;,&quot;credit&quot;:&quot;&quot;,&quot;camera&quot;:&quot;&quot;,&quot;caption&quot;:&quot;&quot;,&quot;created_timestamp&quot;:&quot;946688437&quot;,&quot;copyright&quot;:&quot;&quot;,&quot;focal_length&quot;:&quot;0&quot;,&quot;iso&quot;:&quot;0&quot;,&quot;shutter_speed&quot;:&quot;0&quot;,&quot;title&quot;:&quot;&quot;,&quot;orientation&quot;:&quot;1&quot;}\" data-image-title=\"040\" data-image-description=\"\" data-image-caption=\"\" data-large-file=\"https:\/\/www.cvl-coutelier.be\/wp-content\/uploads\/2019\/08\/040-2-1024x798.jpg\" class=\"aligncenter size-full wp-image-592\" src=\"http:\/\/www.cvl-coutelier.be\/wp-content\/uploads\/2019\/08\/040-2.jpg\" alt=\"\" width=\"2265\" height=\"1765\" srcset=\"https:\/\/www.cvl-coutelier.be\/wp-content\/uploads\/2019\/08\/040-2.jpg 2265w, https:\/\/www.cvl-coutelier.be\/wp-content\/uploads\/2019\/08\/040-2-300x234.jpg 300w, https:\/\/www.cvl-coutelier.be\/wp-content\/uploads\/2019\/08\/040-2-450x351.jpg 450w, https:\/\/www.cvl-coutelier.be\/wp-content\/uploads\/2019\/08\/040-2-768x598.jpg 768w, https:\/\/www.cvl-coutelier.be\/wp-content\/uploads\/2019\/08\/040-2-1024x798.jpg 1024w\" sizes=\"auto, (max-width: 2265px) 100vw, 2265px\" \/><\/p>\n<p>Collage des intercalaires rouge.<\/p>\n<p><img loading=\"lazy\" decoding=\"async\" data-attachment-id=\"593\" data-permalink=\"https:\/\/www.cvl-coutelier.be\/index.php\/2019\/08\/07\/stage-dinitiation-a-la-coutellerie-joseph-backes\/085-3\/\" data-orig-file=\"https:\/\/www.cvl-coutelier.be\/wp-content\/uploads\/2019\/08\/085-2.jpg\" data-orig-size=\"1729,2312\" data-comments-opened=\"1\" data-image-meta=\"{&quot;aperture&quot;:&quot;0&quot;,&quot;credit&quot;:&quot;&quot;,&quot;camera&quot;:&quot;&quot;,&quot;caption&quot;:&quot;&quot;,&quot;created_timestamp&quot;:&quot;946688503&quot;,&quot;copyright&quot;:&quot;&quot;,&quot;focal_length&quot;:&quot;0&quot;,&quot;iso&quot;:&quot;0&quot;,&quot;shutter_speed&quot;:&quot;0&quot;,&quot;title&quot;:&quot;&quot;,&quot;orientation&quot;:&quot;1&quot;}\" data-image-title=\"085\" data-image-description=\"\" data-image-caption=\"\" data-large-file=\"https:\/\/www.cvl-coutelier.be\/wp-content\/uploads\/2019\/08\/085-2-766x1024.jpg\" class=\"aligncenter size-full wp-image-593\" src=\"http:\/\/www.cvl-coutelier.be\/wp-content\/uploads\/2019\/08\/085-2.jpg\" alt=\"\" width=\"1729\" height=\"2312\" srcset=\"https:\/\/www.cvl-coutelier.be\/wp-content\/uploads\/2019\/08\/085-2.jpg 1729w, https:\/\/www.cvl-coutelier.be\/wp-content\/uploads\/2019\/08\/085-2-224x300.jpg 224w, https:\/\/www.cvl-coutelier.be\/wp-content\/uploads\/2019\/08\/085-2-337x450.jpg 337w, https:\/\/www.cvl-coutelier.be\/wp-content\/uploads\/2019\/08\/085-2-768x1027.jpg 768w, https:\/\/www.cvl-coutelier.be\/wp-content\/uploads\/2019\/08\/085-2-766x1024.jpg 766w\" sizes=\"auto, (max-width: 1729px) 100vw, 1729px\" \/><\/p>\n<p>Collage des plaquettes&#8230;. un peu steampunk ?<\/p>\n<p><img loading=\"lazy\" decoding=\"async\" data-attachment-id=\"594\" data-permalink=\"https:\/\/www.cvl-coutelier.be\/index.php\/2019\/08\/07\/stage-dinitiation-a-la-coutellerie-joseph-backes\/080-3\/\" data-orig-file=\"https:\/\/www.cvl-coutelier.be\/wp-content\/uploads\/2019\/08\/080-2.jpg\" data-orig-size=\"2167,1845\" data-comments-opened=\"1\" data-image-meta=\"{&quot;aperture&quot;:&quot;0&quot;,&quot;credit&quot;:&quot;&quot;,&quot;camera&quot;:&quot;&quot;,&quot;caption&quot;:&quot;&quot;,&quot;created_timestamp&quot;:&quot;946688431&quot;,&quot;copyright&quot;:&quot;&quot;,&quot;focal_length&quot;:&quot;0&quot;,&quot;iso&quot;:&quot;0&quot;,&quot;shutter_speed&quot;:&quot;0&quot;,&quot;title&quot;:&quot;&quot;,&quot;orientation&quot;:&quot;1&quot;}\" data-image-title=\"080\" data-image-description=\"\" data-image-caption=\"\" data-large-file=\"https:\/\/www.cvl-coutelier.be\/wp-content\/uploads\/2019\/08\/080-2-1024x872.jpg\" class=\"aligncenter size-full wp-image-594\" src=\"http:\/\/www.cvl-coutelier.be\/wp-content\/uploads\/2019\/08\/080-2.jpg\" alt=\"\" width=\"2167\" height=\"1845\" srcset=\"https:\/\/www.cvl-coutelier.be\/wp-content\/uploads\/2019\/08\/080-2.jpg 2167w, https:\/\/www.cvl-coutelier.be\/wp-content\/uploads\/2019\/08\/080-2-300x255.jpg 300w, https:\/\/www.cvl-coutelier.be\/wp-content\/uploads\/2019\/08\/080-2-450x383.jpg 450w, https:\/\/www.cvl-coutelier.be\/wp-content\/uploads\/2019\/08\/080-2-768x654.jpg 768w, https:\/\/www.cvl-coutelier.be\/wp-content\/uploads\/2019\/08\/080-2-1024x872.jpg 1024w\" sizes=\"auto, (max-width: 2167px) 100vw, 2167px\" \/><\/p>\n<p>Mise en forme du manche au backstand.<\/p>\n<p><img loading=\"lazy\" decoding=\"async\" data-attachment-id=\"595\" data-permalink=\"https:\/\/www.cvl-coutelier.be\/index.php\/2019\/08\/07\/stage-dinitiation-a-la-coutellerie-joseph-backes\/078-3\/\" data-orig-file=\"https:\/\/www.cvl-coutelier.be\/wp-content\/uploads\/2019\/08\/078-2.jpg\" data-orig-size=\"2077,1925\" data-comments-opened=\"1\" data-image-meta=\"{&quot;aperture&quot;:&quot;0&quot;,&quot;credit&quot;:&quot;&quot;,&quot;camera&quot;:&quot;&quot;,&quot;caption&quot;:&quot;&quot;,&quot;created_timestamp&quot;:&quot;946688418&quot;,&quot;copyright&quot;:&quot;&quot;,&quot;focal_length&quot;:&quot;0&quot;,&quot;iso&quot;:&quot;0&quot;,&quot;shutter_speed&quot;:&quot;0&quot;,&quot;title&quot;:&quot;&quot;,&quot;orientation&quot;:&quot;1&quot;}\" data-image-title=\"078\" data-image-description=\"\" data-image-caption=\"\" data-large-file=\"https:\/\/www.cvl-coutelier.be\/wp-content\/uploads\/2019\/08\/078-2-1024x949.jpg\" class=\"aligncenter size-full wp-image-595\" src=\"http:\/\/www.cvl-coutelier.be\/wp-content\/uploads\/2019\/08\/078-2.jpg\" alt=\"\" width=\"2077\" height=\"1925\" srcset=\"https:\/\/www.cvl-coutelier.be\/wp-content\/uploads\/2019\/08\/078-2.jpg 2077w, https:\/\/www.cvl-coutelier.be\/wp-content\/uploads\/2019\/08\/078-2-300x278.jpg 300w, https:\/\/www.cvl-coutelier.be\/wp-content\/uploads\/2019\/08\/078-2-450x417.jpg 450w, https:\/\/www.cvl-coutelier.be\/wp-content\/uploads\/2019\/08\/078-2-768x712.jpg 768w, https:\/\/www.cvl-coutelier.be\/wp-content\/uploads\/2019\/08\/078-2-1024x949.jpg 1024w\" sizes=\"auto, (max-width: 2077px) 100vw, 2077px\" \/><\/p>\n<p>Pon\u00e7age \u00e0 la main du manche.<\/p>\n<p><img loading=\"lazy\" decoding=\"async\" data-attachment-id=\"596\" data-permalink=\"https:\/\/www.cvl-coutelier.be\/index.php\/2019\/08\/07\/stage-dinitiation-a-la-coutellerie-joseph-backes\/077-3\/\" data-orig-file=\"https:\/\/www.cvl-coutelier.be\/wp-content\/uploads\/2019\/08\/077-2.jpg\" data-orig-size=\"1962,2038\" data-comments-opened=\"1\" data-image-meta=\"{&quot;aperture&quot;:&quot;0&quot;,&quot;credit&quot;:&quot;&quot;,&quot;camera&quot;:&quot;&quot;,&quot;caption&quot;:&quot;&quot;,&quot;created_timestamp&quot;:&quot;946688451&quot;,&quot;copyright&quot;:&quot;&quot;,&quot;focal_length&quot;:&quot;0&quot;,&quot;iso&quot;:&quot;0&quot;,&quot;shutter_speed&quot;:&quot;0&quot;,&quot;title&quot;:&quot;&quot;,&quot;orientation&quot;:&quot;1&quot;}\" data-image-title=\"077\" data-image-description=\"\" data-image-caption=\"\" data-large-file=\"https:\/\/www.cvl-coutelier.be\/wp-content\/uploads\/2019\/08\/077-2-986x1024.jpg\" class=\"aligncenter size-full wp-image-596\" src=\"http:\/\/www.cvl-coutelier.be\/wp-content\/uploads\/2019\/08\/077-2.jpg\" alt=\"\" width=\"1962\" height=\"2038\" srcset=\"https:\/\/www.cvl-coutelier.be\/wp-content\/uploads\/2019\/08\/077-2.jpg 1962w, https:\/\/www.cvl-coutelier.be\/wp-content\/uploads\/2019\/08\/077-2-289x300.jpg 289w, https:\/\/www.cvl-coutelier.be\/wp-content\/uploads\/2019\/08\/077-2-433x450.jpg 433w, https:\/\/www.cvl-coutelier.be\/wp-content\/uploads\/2019\/08\/077-2-768x798.jpg 768w, https:\/\/www.cvl-coutelier.be\/wp-content\/uploads\/2019\/08\/077-2-986x1024.jpg 986w\" sizes=\"auto, (max-width: 1962px) 100vw, 1962px\" \/><\/p>\n<p>Inspection et finition.<\/p>\n<p><img loading=\"lazy\" decoding=\"async\" data-attachment-id=\"597\" data-permalink=\"https:\/\/www.cvl-coutelier.be\/index.php\/2019\/08\/07\/stage-dinitiation-a-la-coutellerie-joseph-backes\/076-3\/\" data-orig-file=\"https:\/\/www.cvl-coutelier.be\/wp-content\/uploads\/2019\/08\/076-2.jpg\" data-orig-size=\"1990,2009\" data-comments-opened=\"1\" data-image-meta=\"{&quot;aperture&quot;:&quot;0&quot;,&quot;credit&quot;:&quot;&quot;,&quot;camera&quot;:&quot;&quot;,&quot;caption&quot;:&quot;&quot;,&quot;created_timestamp&quot;:&quot;946688487&quot;,&quot;copyright&quot;:&quot;&quot;,&quot;focal_length&quot;:&quot;0&quot;,&quot;iso&quot;:&quot;0&quot;,&quot;shutter_speed&quot;:&quot;0&quot;,&quot;title&quot;:&quot;&quot;,&quot;orientation&quot;:&quot;1&quot;}\" data-image-title=\"076\" data-image-description=\"\" data-image-caption=\"\" data-large-file=\"https:\/\/www.cvl-coutelier.be\/wp-content\/uploads\/2019\/08\/076-2-1014x1024.jpg\" class=\"aligncenter size-full wp-image-597\" src=\"http:\/\/www.cvl-coutelier.be\/wp-content\/uploads\/2019\/08\/076-2.jpg\" alt=\"\" width=\"1990\" height=\"2009\" srcset=\"https:\/\/www.cvl-coutelier.be\/wp-content\/uploads\/2019\/08\/076-2.jpg 1990w, https:\/\/www.cvl-coutelier.be\/wp-content\/uploads\/2019\/08\/076-2-297x300.jpg 297w, https:\/\/www.cvl-coutelier.be\/wp-content\/uploads\/2019\/08\/076-2-446x450.jpg 446w, https:\/\/www.cvl-coutelier.be\/wp-content\/uploads\/2019\/08\/076-2-768x775.jpg 768w, https:\/\/www.cvl-coutelier.be\/wp-content\/uploads\/2019\/08\/076-2-1014x1024.jpg 1014w\" sizes=\"auto, (max-width: 1990px) 100vw, 1990px\" \/><\/p>\n<p>Inspection&#8230;<\/p>\n<p><img loading=\"lazy\" decoding=\"async\" data-attachment-id=\"598\" data-permalink=\"https:\/\/www.cvl-coutelier.be\/index.php\/2019\/08\/07\/stage-dinitiation-a-la-coutellerie-joseph-backes\/083-3\/\" data-orig-file=\"https:\/\/www.cvl-coutelier.be\/wp-content\/uploads\/2019\/08\/083-2.jpg\" data-orig-size=\"2568,1557\" data-comments-opened=\"1\" data-image-meta=\"{&quot;aperture&quot;:&quot;0&quot;,&quot;credit&quot;:&quot;&quot;,&quot;camera&quot;:&quot;&quot;,&quot;caption&quot;:&quot;&quot;,&quot;created_timestamp&quot;:&quot;946688403&quot;,&quot;copyright&quot;:&quot;&quot;,&quot;focal_length&quot;:&quot;0&quot;,&quot;iso&quot;:&quot;0&quot;,&quot;shutter_speed&quot;:&quot;0&quot;,&quot;title&quot;:&quot;&quot;,&quot;orientation&quot;:&quot;1&quot;}\" data-image-title=\"083\" data-image-description=\"\" data-image-caption=\"\" data-large-file=\"https:\/\/www.cvl-coutelier.be\/wp-content\/uploads\/2019\/08\/083-2-1024x621.jpg\" class=\"aligncenter size-full wp-image-598\" src=\"http:\/\/www.cvl-coutelier.be\/wp-content\/uploads\/2019\/08\/083-2.jpg\" alt=\"\" width=\"2568\" height=\"1557\" srcset=\"https:\/\/www.cvl-coutelier.be\/wp-content\/uploads\/2019\/08\/083-2.jpg 2568w, https:\/\/www.cvl-coutelier.be\/wp-content\/uploads\/2019\/08\/083-2-300x182.jpg 300w, https:\/\/www.cvl-coutelier.be\/wp-content\/uploads\/2019\/08\/083-2-450x273.jpg 450w, https:\/\/www.cvl-coutelier.be\/wp-content\/uploads\/2019\/08\/083-2-768x466.jpg 768w, https:\/\/www.cvl-coutelier.be\/wp-content\/uploads\/2019\/08\/083-2-1024x621.jpg 1024w\" sizes=\"auto, (max-width: 2568px) 100vw, 2568px\" \/><\/p>\n<p>Cuisson des paillettes de cire de carnauba.<\/p>\n<p><img loading=\"lazy\" decoding=\"async\" data-attachment-id=\"599\" data-permalink=\"https:\/\/www.cvl-coutelier.be\/index.php\/2019\/08\/07\/stage-dinitiation-a-la-coutellerie-joseph-backes\/075-3\/\" data-orig-file=\"https:\/\/www.cvl-coutelier.be\/wp-content\/uploads\/2019\/08\/075-2.jpg\" data-orig-size=\"1657,2413\" data-comments-opened=\"1\" data-image-meta=\"{&quot;aperture&quot;:&quot;0&quot;,&quot;credit&quot;:&quot;&quot;,&quot;camera&quot;:&quot;&quot;,&quot;caption&quot;:&quot;&quot;,&quot;created_timestamp&quot;:&quot;946688423&quot;,&quot;copyright&quot;:&quot;&quot;,&quot;focal_length&quot;:&quot;0&quot;,&quot;iso&quot;:&quot;0&quot;,&quot;shutter_speed&quot;:&quot;0&quot;,&quot;title&quot;:&quot;&quot;,&quot;orientation&quot;:&quot;1&quot;}\" data-image-title=\"075\" data-image-description=\"\" data-image-caption=\"\" data-large-file=\"https:\/\/www.cvl-coutelier.be\/wp-content\/uploads\/2019\/08\/075-2-703x1024.jpg\" class=\"aligncenter size-full wp-image-599\" src=\"http:\/\/www.cvl-coutelier.be\/wp-content\/uploads\/2019\/08\/075-2.jpg\" alt=\"\" width=\"1657\" height=\"2413\" srcset=\"https:\/\/www.cvl-coutelier.be\/wp-content\/uploads\/2019\/08\/075-2.jpg 1657w, https:\/\/www.cvl-coutelier.be\/wp-content\/uploads\/2019\/08\/075-2-206x300.jpg 206w, https:\/\/www.cvl-coutelier.be\/wp-content\/uploads\/2019\/08\/075-2-309x450.jpg 309w, https:\/\/www.cvl-coutelier.be\/wp-content\/uploads\/2019\/08\/075-2-768x1118.jpg 768w, https:\/\/www.cvl-coutelier.be\/wp-content\/uploads\/2019\/08\/075-2-703x1024.jpg 703w\" sizes=\"auto, (max-width: 1657px) 100vw, 1657px\" \/><\/p>\n<p>Polissage du manche \u00e0 la cire.<\/p>\n<p><img loading=\"lazy\" decoding=\"async\" data-attachment-id=\"600\" data-permalink=\"https:\/\/www.cvl-coutelier.be\/index.php\/2019\/08\/07\/stage-dinitiation-a-la-coutellerie-joseph-backes\/074-3\/\" data-orig-file=\"https:\/\/www.cvl-coutelier.be\/wp-content\/uploads\/2019\/08\/074-2.jpg\" data-orig-size=\"2449,1632\" data-comments-opened=\"1\" data-image-meta=\"{&quot;aperture&quot;:&quot;0&quot;,&quot;credit&quot;:&quot;&quot;,&quot;camera&quot;:&quot;&quot;,&quot;caption&quot;:&quot;&quot;,&quot;created_timestamp&quot;:&quot;946688419&quot;,&quot;copyright&quot;:&quot;&quot;,&quot;focal_length&quot;:&quot;0&quot;,&quot;iso&quot;:&quot;0&quot;,&quot;shutter_speed&quot;:&quot;0&quot;,&quot;title&quot;:&quot;&quot;,&quot;orientation&quot;:&quot;1&quot;}\" data-image-title=\"074\" data-image-description=\"\" data-image-caption=\"\" data-large-file=\"https:\/\/www.cvl-coutelier.be\/wp-content\/uploads\/2019\/08\/074-2-1024x682.jpg\" class=\"aligncenter size-full wp-image-600\" src=\"http:\/\/www.cvl-coutelier.be\/wp-content\/uploads\/2019\/08\/074-2.jpg\" alt=\"\" width=\"2449\" height=\"1632\" srcset=\"https:\/\/www.cvl-coutelier.be\/wp-content\/uploads\/2019\/08\/074-2.jpg 2449w, https:\/\/www.cvl-coutelier.be\/wp-content\/uploads\/2019\/08\/074-2-300x200.jpg 300w, https:\/\/www.cvl-coutelier.be\/wp-content\/uploads\/2019\/08\/074-2-450x300.jpg 450w, https:\/\/www.cvl-coutelier.be\/wp-content\/uploads\/2019\/08\/074-2-768x512.jpg 768w, https:\/\/www.cvl-coutelier.be\/wp-content\/uploads\/2019\/08\/074-2-1024x682.jpg 1024w\" sizes=\"auto, (max-width: 2449px) 100vw, 2449px\" \/><\/p>\n<p>Aiguisage de la lame \u00e0 la pierre guid\u00e9e.<\/p>\n<p><img loading=\"lazy\" decoding=\"async\" data-attachment-id=\"601\" data-permalink=\"https:\/\/www.cvl-coutelier.be\/index.php\/2019\/08\/07\/stage-dinitiation-a-la-coutellerie-joseph-backes\/072-3\/\" data-orig-file=\"https:\/\/www.cvl-coutelier.be\/wp-content\/uploads\/2019\/08\/072-2.jpg\" data-orig-size=\"1618,2471\" data-comments-opened=\"1\" data-image-meta=\"{&quot;aperture&quot;:&quot;0&quot;,&quot;credit&quot;:&quot;&quot;,&quot;camera&quot;:&quot;&quot;,&quot;caption&quot;:&quot;&quot;,&quot;created_timestamp&quot;:&quot;946688415&quot;,&quot;copyright&quot;:&quot;&quot;,&quot;focal_length&quot;:&quot;0&quot;,&quot;iso&quot;:&quot;0&quot;,&quot;shutter_speed&quot;:&quot;0&quot;,&quot;title&quot;:&quot;&quot;,&quot;orientation&quot;:&quot;1&quot;}\" data-image-title=\"072\" data-image-description=\"\" data-image-caption=\"\" data-large-file=\"https:\/\/www.cvl-coutelier.be\/wp-content\/uploads\/2019\/08\/072-2-671x1024.jpg\" class=\"aligncenter size-full wp-image-601\" src=\"http:\/\/www.cvl-coutelier.be\/wp-content\/uploads\/2019\/08\/072-2.jpg\" alt=\"\" width=\"1618\" height=\"2471\" srcset=\"https:\/\/www.cvl-coutelier.be\/wp-content\/uploads\/2019\/08\/072-2.jpg 1618w, https:\/\/www.cvl-coutelier.be\/wp-content\/uploads\/2019\/08\/072-2-196x300.jpg 196w, https:\/\/www.cvl-coutelier.be\/wp-content\/uploads\/2019\/08\/072-2-295x450.jpg 295w, https:\/\/www.cvl-coutelier.be\/wp-content\/uploads\/2019\/08\/072-2-768x1173.jpg 768w, https:\/\/www.cvl-coutelier.be\/wp-content\/uploads\/2019\/08\/072-2-671x1024.jpg 671w\" sizes=\"auto, (max-width: 1618px) 100vw, 1618px\" \/><\/p>\n<p>Aiguisage de la lame.<\/p>\n<p><img loading=\"lazy\" decoding=\"async\" data-attachment-id=\"602\" data-permalink=\"https:\/\/www.cvl-coutelier.be\/index.php\/2019\/08\/07\/stage-dinitiation-a-la-coutellerie-joseph-backes\/073-3\/\" data-orig-file=\"https:\/\/www.cvl-coutelier.be\/wp-content\/uploads\/2019\/08\/073-2.jpg\" data-orig-size=\"2449,1632\" data-comments-opened=\"1\" data-image-meta=\"{&quot;aperture&quot;:&quot;0&quot;,&quot;credit&quot;:&quot;&quot;,&quot;camera&quot;:&quot;&quot;,&quot;caption&quot;:&quot;&quot;,&quot;created_timestamp&quot;:&quot;946688438&quot;,&quot;copyright&quot;:&quot;&quot;,&quot;focal_length&quot;:&quot;0&quot;,&quot;iso&quot;:&quot;0&quot;,&quot;shutter_speed&quot;:&quot;0&quot;,&quot;title&quot;:&quot;&quot;,&quot;orientation&quot;:&quot;1&quot;}\" data-image-title=\"073\" data-image-description=\"\" data-image-caption=\"\" data-large-file=\"https:\/\/www.cvl-coutelier.be\/wp-content\/uploads\/2019\/08\/073-2-1024x682.jpg\" class=\"aligncenter size-full wp-image-602\" src=\"http:\/\/www.cvl-coutelier.be\/wp-content\/uploads\/2019\/08\/073-2.jpg\" alt=\"\" width=\"2449\" height=\"1632\" srcset=\"https:\/\/www.cvl-coutelier.be\/wp-content\/uploads\/2019\/08\/073-2.jpg 2449w, https:\/\/www.cvl-coutelier.be\/wp-content\/uploads\/2019\/08\/073-2-300x200.jpg 300w, https:\/\/www.cvl-coutelier.be\/wp-content\/uploads\/2019\/08\/073-2-450x300.jpg 450w, https:\/\/www.cvl-coutelier.be\/wp-content\/uploads\/2019\/08\/073-2-768x512.jpg 768w, https:\/\/www.cvl-coutelier.be\/wp-content\/uploads\/2019\/08\/073-2-1024x682.jpg 1024w\" sizes=\"auto, (max-width: 2449px) 100vw, 2449px\" \/><\/p>\n<p>Will it cut ? &#8230;<\/p>\n<p><img loading=\"lazy\" decoding=\"async\" data-attachment-id=\"603\" data-permalink=\"https:\/\/www.cvl-coutelier.be\/index.php\/2019\/08\/07\/stage-dinitiation-a-la-coutellerie-joseph-backes\/071-3\/\" data-orig-file=\"https:\/\/www.cvl-coutelier.be\/wp-content\/uploads\/2019\/08\/071-2.jpg\" data-orig-size=\"1632,2449\" data-comments-opened=\"1\" data-image-meta=\"{&quot;aperture&quot;:&quot;0&quot;,&quot;credit&quot;:&quot;&quot;,&quot;camera&quot;:&quot;&quot;,&quot;caption&quot;:&quot;&quot;,&quot;created_timestamp&quot;:&quot;946688440&quot;,&quot;copyright&quot;:&quot;&quot;,&quot;focal_length&quot;:&quot;0&quot;,&quot;iso&quot;:&quot;0&quot;,&quot;shutter_speed&quot;:&quot;0&quot;,&quot;title&quot;:&quot;&quot;,&quot;orientation&quot;:&quot;1&quot;}\" data-image-title=\"071\" data-image-description=\"\" data-image-caption=\"\" data-large-file=\"https:\/\/www.cvl-coutelier.be\/wp-content\/uploads\/2019\/08\/071-2-682x1024.jpg\" class=\"aligncenter size-full wp-image-603\" src=\"http:\/\/www.cvl-coutelier.be\/wp-content\/uploads\/2019\/08\/071-2.jpg\" alt=\"\" width=\"1632\" height=\"2449\" srcset=\"https:\/\/www.cvl-coutelier.be\/wp-content\/uploads\/2019\/08\/071-2.jpg 1632w, https:\/\/www.cvl-coutelier.be\/wp-content\/uploads\/2019\/08\/071-2-200x300.jpg 200w, https:\/\/www.cvl-coutelier.be\/wp-content\/uploads\/2019\/08\/071-2-300x450.jpg 300w, https:\/\/www.cvl-coutelier.be\/wp-content\/uploads\/2019\/08\/071-2-768x1152.jpg 768w, https:\/\/www.cvl-coutelier.be\/wp-content\/uploads\/2019\/08\/071-2-682x1024.jpg 682w\" sizes=\"auto, (max-width: 1632px) 100vw, 1632px\" \/><\/p>\n<p>It will cut &#8230;.!<\/p>\n<p><img loading=\"lazy\" decoding=\"async\" data-attachment-id=\"604\" data-permalink=\"https:\/\/www.cvl-coutelier.be\/index.php\/2019\/08\/07\/stage-dinitiation-a-la-coutellerie-joseph-backes\/062-3\/\" data-orig-file=\"https:\/\/www.cvl-coutelier.be\/wp-content\/uploads\/2019\/08\/062-2.jpg\" data-orig-size=\"2842,1407\" data-comments-opened=\"1\" data-image-meta=\"{&quot;aperture&quot;:&quot;0&quot;,&quot;credit&quot;:&quot;&quot;,&quot;camera&quot;:&quot;&quot;,&quot;caption&quot;:&quot;&quot;,&quot;created_timestamp&quot;:&quot;946688461&quot;,&quot;copyright&quot;:&quot;&quot;,&quot;focal_length&quot;:&quot;0&quot;,&quot;iso&quot;:&quot;0&quot;,&quot;shutter_speed&quot;:&quot;0&quot;,&quot;title&quot;:&quot;&quot;,&quot;orientation&quot;:&quot;1&quot;}\" data-image-title=\"062\" data-image-description=\"\" data-image-caption=\"\" data-large-file=\"https:\/\/www.cvl-coutelier.be\/wp-content\/uploads\/2019\/08\/062-2-1024x507.jpg\" class=\"aligncenter size-full wp-image-604\" src=\"http:\/\/www.cvl-coutelier.be\/wp-content\/uploads\/2019\/08\/062-2.jpg\" alt=\"\" width=\"2842\" height=\"1407\" srcset=\"https:\/\/www.cvl-coutelier.be\/wp-content\/uploads\/2019\/08\/062-2.jpg 2842w, https:\/\/www.cvl-coutelier.be\/wp-content\/uploads\/2019\/08\/062-2-300x150.jpg 300w, https:\/\/www.cvl-coutelier.be\/wp-content\/uploads\/2019\/08\/062-2-450x223.jpg 450w, https:\/\/www.cvl-coutelier.be\/wp-content\/uploads\/2019\/08\/062-2-768x380.jpg 768w, https:\/\/www.cvl-coutelier.be\/wp-content\/uploads\/2019\/08\/062-2-1024x507.jpg 1024w\" sizes=\"auto, (max-width: 2842px) 100vw, 2842px\" \/><\/p>\n<p>Bon \u00e9quilibre de la lame.<\/p>\n<p><img loading=\"lazy\" decoding=\"async\" data-attachment-id=\"605\" data-permalink=\"https:\/\/www.cvl-coutelier.be\/index.php\/2019\/08\/07\/stage-dinitiation-a-la-coutellerie-joseph-backes\/a064-3\/\" data-orig-file=\"https:\/\/www.cvl-coutelier.be\/wp-content\/uploads\/2019\/08\/a064-2.jpg\" data-orig-size=\"3242,1233\" data-comments-opened=\"1\" data-image-meta=\"{&quot;aperture&quot;:&quot;0&quot;,&quot;credit&quot;:&quot;&quot;,&quot;camera&quot;:&quot;&quot;,&quot;caption&quot;:&quot;&quot;,&quot;created_timestamp&quot;:&quot;946688445&quot;,&quot;copyright&quot;:&quot;&quot;,&quot;focal_length&quot;:&quot;0&quot;,&quot;iso&quot;:&quot;0&quot;,&quot;shutter_speed&quot;:&quot;0&quot;,&quot;title&quot;:&quot;&quot;,&quot;orientation&quot;:&quot;1&quot;}\" data-image-title=\"a064\" data-image-description=\"\" data-image-caption=\"\" data-large-file=\"https:\/\/www.cvl-coutelier.be\/wp-content\/uploads\/2019\/08\/a064-2-1024x389.jpg\" class=\"aligncenter size-full wp-image-605\" src=\"http:\/\/www.cvl-coutelier.be\/wp-content\/uploads\/2019\/08\/a064-2.jpg\" alt=\"\" width=\"3242\" height=\"1233\" srcset=\"https:\/\/www.cvl-coutelier.be\/wp-content\/uploads\/2019\/08\/a064-2.jpg 3242w, https:\/\/www.cvl-coutelier.be\/wp-content\/uploads\/2019\/08\/a064-2-300x114.jpg 300w, https:\/\/www.cvl-coutelier.be\/wp-content\/uploads\/2019\/08\/a064-2-450x171.jpg 450w, https:\/\/www.cvl-coutelier.be\/wp-content\/uploads\/2019\/08\/a064-2-768x292.jpg 768w, https:\/\/www.cvl-coutelier.be\/wp-content\/uploads\/2019\/08\/a064-2-1024x389.jpg 1024w\" sizes=\"auto, (max-width: 3242px) 100vw, 3242px\" \/><\/p>\n<p>et voici le couteau de Joseph.<\/p>\n<p><img loading=\"lazy\" decoding=\"async\" data-attachment-id=\"606\" data-permalink=\"https:\/\/www.cvl-coutelier.be\/index.php\/2019\/08\/07\/stage-dinitiation-a-la-coutellerie-joseph-backes\/a066-3\/\" data-orig-file=\"https:\/\/www.cvl-coutelier.be\/wp-content\/uploads\/2019\/08\/a066-2.jpg\" data-orig-size=\"2697,1482\" data-comments-opened=\"1\" data-image-meta=\"{&quot;aperture&quot;:&quot;0&quot;,&quot;credit&quot;:&quot;&quot;,&quot;camera&quot;:&quot;&quot;,&quot;caption&quot;:&quot;&quot;,&quot;created_timestamp&quot;:&quot;946688619&quot;,&quot;copyright&quot;:&quot;&quot;,&quot;focal_length&quot;:&quot;0&quot;,&quot;iso&quot;:&quot;0&quot;,&quot;shutter_speed&quot;:&quot;0&quot;,&quot;title&quot;:&quot;&quot;,&quot;orientation&quot;:&quot;1&quot;}\" data-image-title=\"a066\" data-image-description=\"\" data-image-caption=\"\" data-large-file=\"https:\/\/www.cvl-coutelier.be\/wp-content\/uploads\/2019\/08\/a066-2-1024x563.jpg\" class=\"aligncenter size-full wp-image-606\" src=\"http:\/\/www.cvl-coutelier.be\/wp-content\/uploads\/2019\/08\/a066-2.jpg\" alt=\"\" width=\"2697\" height=\"1482\" srcset=\"https:\/\/www.cvl-coutelier.be\/wp-content\/uploads\/2019\/08\/a066-2.jpg 2697w, https:\/\/www.cvl-coutelier.be\/wp-content\/uploads\/2019\/08\/a066-2-300x165.jpg 300w, https:\/\/www.cvl-coutelier.be\/wp-content\/uploads\/2019\/08\/a066-2-450x247.jpg 450w, https:\/\/www.cvl-coutelier.be\/wp-content\/uploads\/2019\/08\/a066-2-768x422.jpg 768w, https:\/\/www.cvl-coutelier.be\/wp-content\/uploads\/2019\/08\/a066-2-1024x563.jpg 1024w\" sizes=\"auto, (max-width: 2697px) 100vw, 2697px\" \/><\/p>\n<p>Well done Jo !<\/p>\n<p>&nbsp;<\/p>\n<p>&nbsp;<\/p>\n<p>&nbsp;<\/p>\n<p>&nbsp;<\/p>\n<p>&nbsp;<\/p>\n<p>&nbsp;<\/p>\n<p>&nbsp;<\/p>\n<p>&nbsp;<\/p>\n<p>&nbsp;<\/p>\n<p>&nbsp;<\/p>\n<p>&nbsp;<\/p>\n<p>&nbsp;<\/p>\n<p>&nbsp;<\/p>\n<p>&nbsp;<\/p>\n<p>&nbsp;<\/p>\n<p>&nbsp;<\/p>\n<p>&nbsp;<\/p>\n<p>&nbsp;<\/p>\n<p>&nbsp;<\/p>\n<p>&nbsp;<\/p>\n<p>&nbsp;<\/p>\n<p>&nbsp;<\/p>\n<p>&nbsp;<\/p>\n<p>&nbsp;<\/p>\n<p>&nbsp;<\/p>\n<p>&nbsp;<\/p>\n<p>&nbsp;<\/p>\n<p>&nbsp;<\/p>\n<p>&nbsp;<\/p>\n<p>&nbsp;<\/p>\n<p>&nbsp;<\/p>\n","protected":false},"excerpt":{"rendered":"<p>Cadeau de sa femme Stefanie, un stage d&rsquo;initiation \u00e0 la coutellerie pour Joseph. Apr\u00e8s deux jours de travail il a forg\u00e9 et r\u00e9alis\u00e9 ce magnifique couteau en 1.2842, manche en &#8230;<\/p>\n","protected":false},"author":1,"featured_media":367,"comment_status":"open","ping_status":"open","sticky":false,"template":"","format":"standard","meta":{"jetpack_post_was_ever_published":false,"_jetpack_newsletter_access":"","_jetpack_dont_email_post_to_subs":false,"_jetpack_newsletter_tier_id":0,"_jetpack_memberships_contains_paywalled_content":false,"_jetpack_memberships_contains_paid_content":false,"footnotes":"","jetpack_publicize_message":"","jetpack_publicize_feature_enabled":true,"jetpack_social_post_already_shared":true,"jetpack_social_options":{"image_generator_settings":{"template":"highway","default_image_id":0,"font":"","enabled":false},"version":2}},"categories":[4,7],"tags":[],"class_list":["post-302","post","type-post","status-publish","format-standard","has-post-thumbnail","hentry","category-couteaux","category-en-direct-de-la-forge"],"jetpack_publicize_connections":[],"jetpack_featured_media_url":"https:\/\/www.cvl-coutelier.be\/wp-content\/uploads\/2019\/08\/a066.jpg","jetpack_sharing_enabled":true,"jetpack_shortlink":"https:\/\/wp.me\/p8hx1A-4S","jetpack-related-posts":[{"id":817,"url":"https:\/\/www.cvl-coutelier.be\/index.php\/2021\/06\/02\/stage-de-coutellerie-frederic-dierkens\/","url_meta":{"origin":302,"position":0},"title":"Stage de Coutellerie &#8211; Frederic Dierkens","author":"Christophe van Lochem","date":"2 juin 2021","format":false,"excerpt":"Stage d'initiation \u00e0 la coutellerie avec Frederic Dierkens pour la r\u00e9alisation d'un couteau de cuisine en acier 125SC. Manche en loupe de bois de fer et initiales grav\u00e9es dans la lame. Super week-end et tr\u00e8s belle rencontre. On s'est trouv\u00e9 pas mal d'affinit\u00e9s et on a eu de belles discussions\u2026","rel":"","context":"Dans &quot;Couteaux&quot;","block_context":{"text":"Couteaux","link":"https:\/\/www.cvl-coutelier.be\/index.php\/category\/couteaux\/"},"img":{"alt_text":"","src":"https:\/\/i0.wp.com\/www.cvl-coutelier.be\/wp-content\/uploads\/2021\/06\/FD-forge-4-scaled.jpg?resize=350%2C200&ssl=1","width":350,"height":200,"srcset":"https:\/\/i0.wp.com\/www.cvl-coutelier.be\/wp-content\/uploads\/2021\/06\/FD-forge-4-scaled.jpg?resize=350%2C200&ssl=1 1x, https:\/\/i0.wp.com\/www.cvl-coutelier.be\/wp-content\/uploads\/2021\/06\/FD-forge-4-scaled.jpg?resize=525%2C300&ssl=1 1.5x, https:\/\/i0.wp.com\/www.cvl-coutelier.be\/wp-content\/uploads\/2021\/06\/FD-forge-4-scaled.jpg?resize=700%2C400&ssl=1 2x, https:\/\/i0.wp.com\/www.cvl-coutelier.be\/wp-content\/uploads\/2021\/06\/FD-forge-4-scaled.jpg?resize=1050%2C600&ssl=1 3x, https:\/\/i0.wp.com\/www.cvl-coutelier.be\/wp-content\/uploads\/2021\/06\/FD-forge-4-scaled.jpg?resize=1400%2C800&ssl=1 4x"},"classes":[]},{"id":286,"url":"https:\/\/www.cvl-coutelier.be\/index.php\/2019\/06\/24\/stage-dinitiation-a-la-coutellerie-michel-gillet\/","url_meta":{"origin":302,"position":1},"title":"Stage d&rsquo;initiation \u00e0 la coutellerie &#8211; Michel Gillet","author":"Christophe van Lochem","date":"24 juin 2019","format":false,"excerpt":"Stage de deux jours pour Michel Gillet, amateur de couteaux et collectionneur. tr\u00e8s sympathique rencontre et beaucoup d'\u00e9changes. Tr\u00e8s belle r\u00e9alisation pour ce couteau forg\u00e9 en 1.2842 et manche en loupe de marronnier teint\u00e9 noir et stabilis\u00e9.","rel":"","context":"Dans &quot;Couteaux&quot;","block_context":{"text":"Couteaux","link":"https:\/\/www.cvl-coutelier.be\/index.php\/category\/couteaux\/"},"img":{"alt_text":"","src":"https:\/\/i0.wp.com\/www.cvl-coutelier.be\/wp-content\/uploads\/2019\/06\/IMG_6887-1-1.jpg?resize=350%2C200&ssl=1","width":350,"height":200,"srcset":"https:\/\/i0.wp.com\/www.cvl-coutelier.be\/wp-content\/uploads\/2019\/06\/IMG_6887-1-1.jpg?resize=350%2C200&ssl=1 1x, https:\/\/i0.wp.com\/www.cvl-coutelier.be\/wp-content\/uploads\/2019\/06\/IMG_6887-1-1.jpg?resize=525%2C300&ssl=1 1.5x, https:\/\/i0.wp.com\/www.cvl-coutelier.be\/wp-content\/uploads\/2019\/06\/IMG_6887-1-1.jpg?resize=700%2C400&ssl=1 2x"},"classes":[]},{"id":268,"url":"https:\/\/www.cvl-coutelier.be\/index.php\/2019\/06\/04\/stage-dinitiation-a-la-coutellerie-avec-fabian-duchesne-et-bruno-argentin\/","url_meta":{"origin":302,"position":2},"title":"Stage d&rsquo;initiation \u00e0 la coutellerie avec Fabian Duchesne et Bruno Argentin.","author":"Christophe van Lochem","date":"4 juin 2019","format":false,"excerpt":"Fabian et Bruno ont travaill\u00e9 deux jours \u00e0 leurs couteaux. Forge, backstand, traitements thermiques, fa\u00e7onnage du manche et finitions. Rien ne leur a \u00e9t\u00e9 \u00e9pargn\u00e9 \u2026 et le r\u00e9sultat en vaut vraiment la peine ! \u00a0 \u00a0","rel":"","context":"Dans &quot;Couteaux&quot;","block_context":{"text":"Couteaux","link":"https:\/\/www.cvl-coutelier.be\/index.php\/category\/couteaux\/"},"img":{"alt_text":"","src":"https:\/\/i0.wp.com\/www.cvl-coutelier.be\/wp-content\/uploads\/2019\/06\/stage-1.jpg?resize=350%2C200&ssl=1","width":350,"height":200},"classes":[]},{"id":922,"url":"https:\/\/www.cvl-coutelier.be\/index.php\/2023\/07\/26\/stage-de-coutellerie-informations\/","url_meta":{"origin":302,"position":3},"title":"Stage de coutellerie &#8211; Informations","author":"Christophe van Lochem","date":"26 juillet 2023","format":false,"excerpt":"Les stages que j'organise sont des stages individuels et se font sur deux jours (de pr\u00e9f\u00e9rence sur deux samedis ou un week-end), les dates sont \u00e0 d\u00e9finir ensemble. Le nombre maximum de stagiaires est de 2. Le stagiaire\u00a0va forger et r\u00e9aliser enti\u00e8rement son couteau en passant par toutes les \u00e9tapes\u2026","rel":"","context":"Dans &quot;En direct de la forge&quot;","block_context":{"text":"En direct de la forge","link":"https:\/\/www.cvl-coutelier.be\/index.php\/category\/en-direct-de-la-forge\/"},"img":{"alt_text":"","src":"https:\/\/i0.wp.com\/www.cvl-coutelier.be\/wp-content\/uploads\/2023\/07\/IMG_5430-scaled.jpg?resize=350%2C200&ssl=1","width":350,"height":200,"srcset":"https:\/\/i0.wp.com\/www.cvl-coutelier.be\/wp-content\/uploads\/2023\/07\/IMG_5430-scaled.jpg?resize=350%2C200&ssl=1 1x, https:\/\/i0.wp.com\/www.cvl-coutelier.be\/wp-content\/uploads\/2023\/07\/IMG_5430-scaled.jpg?resize=525%2C300&ssl=1 1.5x, https:\/\/i0.wp.com\/www.cvl-coutelier.be\/wp-content\/uploads\/2023\/07\/IMG_5430-scaled.jpg?resize=700%2C400&ssl=1 2x, https:\/\/i0.wp.com\/www.cvl-coutelier.be\/wp-content\/uploads\/2023\/07\/IMG_5430-scaled.jpg?resize=1050%2C600&ssl=1 3x, https:\/\/i0.wp.com\/www.cvl-coutelier.be\/wp-content\/uploads\/2023\/07\/IMG_5430-scaled.jpg?resize=1400%2C800&ssl=1 4x"},"classes":[]},{"id":672,"url":"https:\/\/www.cvl-coutelier.be\/index.php\/2020\/07\/29\/covid-19-stage-de-coutellerie-desire-marron\/","url_meta":{"origin":302,"position":4},"title":"Covid -19 : Stage de coutellerie &#8211; D\u00e9sir\u00e9 Marron","author":"Christophe van Lochem","date":"29 juillet 2020","format":false,"excerpt":"Stage de coutellerie pour D\u00e9sir\u00e9 Marron. Probablement, \u00e0 ce jour, avec ses 65 ans, le stagiaire le plus \u00e2g\u00e9 qui est venu faire son couteau. D\u00e9sir\u00e9 a d\u00e9j\u00e0 une tr\u00e8s bonne exp\u00e9rience de la forge et de la fabrication de couteaux. Forge de la pointe. D\u00e9sir\u00e9 sait y faire.... La\u2026","rel":"","context":"Dans &quot;En direct de la forge&quot;","block_context":{"text":"En direct de la forge","link":"https:\/\/www.cvl-coutelier.be\/index.php\/category\/en-direct-de-la-forge\/"},"img":{"alt_text":"","src":"https:\/\/i0.wp.com\/www.cvl-coutelier.be\/wp-content\/uploads\/2020\/07\/IMG_4047.jpg?resize=350%2C200&ssl=1","width":350,"height":200,"srcset":"https:\/\/i0.wp.com\/www.cvl-coutelier.be\/wp-content\/uploads\/2020\/07\/IMG_4047.jpg?resize=350%2C200&ssl=1 1x, https:\/\/i0.wp.com\/www.cvl-coutelier.be\/wp-content\/uploads\/2020\/07\/IMG_4047.jpg?resize=525%2C300&ssl=1 1.5x, https:\/\/i0.wp.com\/www.cvl-coutelier.be\/wp-content\/uploads\/2020\/07\/IMG_4047.jpg?resize=700%2C400&ssl=1 2x, https:\/\/i0.wp.com\/www.cvl-coutelier.be\/wp-content\/uploads\/2020\/07\/IMG_4047.jpg?resize=1050%2C600&ssl=1 3x, https:\/\/i0.wp.com\/www.cvl-coutelier.be\/wp-content\/uploads\/2020\/07\/IMG_4047.jpg?resize=1400%2C800&ssl=1 4x"},"classes":[]},{"id":903,"url":"https:\/\/www.cvl-coutelier.be\/index.php\/2024\/03\/25\/rencontres-printanieres-06-avril-2024\/","url_meta":{"origin":302,"position":5},"title":"Rencontres printani\u00e8res &#8211; 06 avril 2024","author":"Christophe van Lochem","date":"25 mars 2024","format":false,"excerpt":"\u00a0 Le 6 avril auront lieu les rencontres printani\u00e8res, organis\u00e9es par \u00ab batir l\u2019avenir \u00bb. De nombreux artisans r\u00e9gionaux y participeront. Je serai pr\u00e9sent pour vous pr\u00e9senter mes cr\u00e9ations en coutellerie. Je me r\u00e9jouit de vous y rencontrer et discuter de ma passion et qui sait\u2026. De votre projet de\u2026","rel":"","context":"Dans &quot;En direct de la forge&quot;","block_context":{"text":"En direct de la forge","link":"https:\/\/www.cvl-coutelier.be\/index.php\/category\/en-direct-de-la-forge\/"},"img":{"alt_text":"","src":"https:\/\/i0.wp.com\/www.cvl-coutelier.be\/wp-content\/uploads\/2023\/07\/batir.jpg?resize=350%2C200&ssl=1","width":350,"height":200,"srcset":"https:\/\/i0.wp.com\/www.cvl-coutelier.be\/wp-content\/uploads\/2023\/07\/batir.jpg?resize=350%2C200&ssl=1 1x, https:\/\/i0.wp.com\/www.cvl-coutelier.be\/wp-content\/uploads\/2023\/07\/batir.jpg?resize=525%2C300&ssl=1 1.5x, https:\/\/i0.wp.com\/www.cvl-coutelier.be\/wp-content\/uploads\/2023\/07\/batir.jpg?resize=700%2C400&ssl=1 2x, https:\/\/i0.wp.com\/www.cvl-coutelier.be\/wp-content\/uploads\/2023\/07\/batir.jpg?resize=1050%2C600&ssl=1 3x, https:\/\/i0.wp.com\/www.cvl-coutelier.be\/wp-content\/uploads\/2023\/07\/batir.jpg?resize=1400%2C800&ssl=1 4x"},"classes":[]}],"_links":{"self":[{"href":"https:\/\/www.cvl-coutelier.be\/index.php\/wp-json\/wp\/v2\/posts\/302","targetHints":{"allow":["GET"]}}],"collection":[{"href":"https:\/\/www.cvl-coutelier.be\/index.php\/wp-json\/wp\/v2\/posts"}],"about":[{"href":"https:\/\/www.cvl-coutelier.be\/index.php\/wp-json\/wp\/v2\/types\/post"}],"author":[{"embeddable":true,"href":"https:\/\/www.cvl-coutelier.be\/index.php\/wp-json\/wp\/v2\/users\/1"}],"replies":[{"embeddable":true,"href":"https:\/\/www.cvl-coutelier.be\/index.php\/wp-json\/wp\/v2\/comments?post=302"}],"version-history":[{"count":18,"href":"https:\/\/www.cvl-coutelier.be\/index.php\/wp-json\/wp\/v2\/posts\/302\/revisions"}],"predecessor-version":[{"id":394,"href":"https:\/\/www.cvl-coutelier.be\/index.php\/wp-json\/wp\/v2\/posts\/302\/revisions\/394"}],"wp:featuredmedia":[{"embeddable":true,"href":"https:\/\/www.cvl-coutelier.be\/index.php\/wp-json\/wp\/v2\/media\/367"}],"wp:attachment":[{"href":"https:\/\/www.cvl-coutelier.be\/index.php\/wp-json\/wp\/v2\/media?parent=302"}],"wp:term":[{"taxonomy":"category","embeddable":true,"href":"https:\/\/www.cvl-coutelier.be\/index.php\/wp-json\/wp\/v2\/categories?post=302"},{"taxonomy":"post_tag","embeddable":true,"href":"https:\/\/www.cvl-coutelier.be\/index.php\/wp-json\/wp\/v2\/tags?post=302"}],"curies":[{"name":"wp","href":"https:\/\/api.w.org\/{rel}","templated":true}]}}