{"id":620,"date":"2020-07-13T13:35:57","date_gmt":"2020-07-13T11:35:57","guid":{"rendered":"http:\/\/www.cvl-coutelier.be\/?p=620"},"modified":"2020-07-13T13:35:57","modified_gmt":"2020-07-13T11:35:57","slug":"covid-19-premier-stage-apres-le-lockdown-filippo-dal-maso","status":"publish","type":"post","link":"https:\/\/www.cvl-coutelier.be\/index.php\/2020\/07\/13\/covid-19-premier-stage-apres-le-lockdown-filippo-dal-maso\/","title":{"rendered":"Covid -19 : Premier Stage apr\u00e8s le Lockdown : Filippo Dal Maso"},"content":{"rendered":"<p style=\"text-align: left;\">Premier stagiaire apr\u00e8s le Lockdown, Filippo dal Maso, est venu r\u00e9aliser son couteau. L&rsquo;atelier est suffisamment spacieux pour\u00a0 pouvoir garder les distances. En deux jours il a r\u00e9alis\u00e9 une petite merveille.<img loading=\"lazy\" decoding=\"async\" data-attachment-id=\"649\" data-permalink=\"https:\/\/www.cvl-coutelier.be\/index.php\/2020\/07\/13\/covid-19-premier-stage-apres-le-lockdown-filippo-dal-maso\/img_3326b\/\" data-orig-file=\"https:\/\/www.cvl-coutelier.be\/wp-content\/uploads\/2020\/06\/IMG_3326b.jpg\" data-orig-size=\"4032,3024\" data-comments-opened=\"1\" data-image-meta=\"{&quot;aperture&quot;:&quot;1.8&quot;,&quot;credit&quot;:&quot;&quot;,&quot;camera&quot;:&quot;iPhone 8 Plus&quot;,&quot;caption&quot;:&quot;&quot;,&quot;created_timestamp&quot;:&quot;1590163975&quot;,&quot;copyright&quot;:&quot;&quot;,&quot;focal_length&quot;:&quot;3.99&quot;,&quot;iso&quot;:&quot;20&quot;,&quot;shutter_speed&quot;:&quot;0.0075187969924812&quot;,&quot;title&quot;:&quot;&quot;,&quot;orientation&quot;:&quot;1&quot;}\" data-image-title=\"IMG_3326b\" data-image-description=\"\" data-image-caption=\"\" data-large-file=\"https:\/\/www.cvl-coutelier.be\/wp-content\/uploads\/2020\/06\/IMG_3326b-1024x768.jpg\" class=\"aligncenter size-full wp-image-649\" src=\"http:\/\/www.cvl-coutelier.be\/wp-content\/uploads\/2020\/06\/IMG_3326b.jpg\" alt=\"\" width=\"4032\" height=\"3024\" srcset=\"https:\/\/www.cvl-coutelier.be\/wp-content\/uploads\/2020\/06\/IMG_3326b.jpg 4032w, https:\/\/www.cvl-coutelier.be\/wp-content\/uploads\/2020\/06\/IMG_3326b-300x225.jpg 300w, https:\/\/www.cvl-coutelier.be\/wp-content\/uploads\/2020\/06\/IMG_3326b-450x338.jpg 450w, https:\/\/www.cvl-coutelier.be\/wp-content\/uploads\/2020\/06\/IMG_3326b-768x576.jpg 768w, https:\/\/www.cvl-coutelier.be\/wp-content\/uploads\/2020\/06\/IMG_3326b-1024x768.jpg 1024w\" sizes=\"auto, (max-width: 4032px) 100vw, 4032px\" \/><\/p>\n<p>Enti\u00e8rement \u00e9quip\u00e9. Lunettes de protection et masque.<\/p>\n<p><img loading=\"lazy\" decoding=\"async\" data-attachment-id=\"622\" data-permalink=\"https:\/\/www.cvl-coutelier.be\/index.php\/2020\/07\/13\/covid-19-premier-stage-apres-le-lockdown-filippo-dal-maso\/img_2490\/\" data-orig-file=\"https:\/\/www.cvl-coutelier.be\/wp-content\/uploads\/2020\/06\/IMG_2490.jpg\" data-orig-size=\"3088,2320\" data-comments-opened=\"1\" data-image-meta=\"{&quot;aperture&quot;:&quot;2.2&quot;,&quot;credit&quot;:&quot;&quot;,&quot;camera&quot;:&quot;iPhone 7&quot;,&quot;caption&quot;:&quot;&quot;,&quot;created_timestamp&quot;:&quot;1590068873&quot;,&quot;copyright&quot;:&quot;&quot;,&quot;focal_length&quot;:&quot;2.87&quot;,&quot;iso&quot;:&quot;40&quot;,&quot;shutter_speed&quot;:&quot;0.03030303030303&quot;,&quot;title&quot;:&quot;&quot;,&quot;orientation&quot;:&quot;6&quot;}\" data-image-title=\"IMG_2490\" data-image-description=\"\" data-image-caption=\"\" data-large-file=\"https:\/\/www.cvl-coutelier.be\/wp-content\/uploads\/2020\/06\/IMG_2490-1024x769.jpg\" class=\"aligncenter size-full wp-image-622\" src=\"http:\/\/www.cvl-coutelier.be\/wp-content\/uploads\/2020\/06\/IMG_2490.jpg\" alt=\"Equipement de s\u00e9curit\u00e9 oblig\u00e9\" width=\"3088\" height=\"2320\" srcset=\"https:\/\/www.cvl-coutelier.be\/wp-content\/uploads\/2020\/06\/IMG_2490.jpg 3088w, https:\/\/www.cvl-coutelier.be\/wp-content\/uploads\/2020\/06\/IMG_2490-300x225.jpg 300w, https:\/\/www.cvl-coutelier.be\/wp-content\/uploads\/2020\/06\/IMG_2490-450x338.jpg 450w, https:\/\/www.cvl-coutelier.be\/wp-content\/uploads\/2020\/06\/IMG_2490-768x577.jpg 768w, https:\/\/www.cvl-coutelier.be\/wp-content\/uploads\/2020\/06\/IMG_2490-1024x769.jpg 1024w\" sizes=\"auto, (max-width: 3088px) 100vw, 3088px\" \/><\/p>\n<p>Notre chien Kira, adores les caresses et abuse des stagiaires d\u00e8s qu&rsquo;elle peut \ud83d\ude42<\/p>\n<p><img loading=\"lazy\" decoding=\"async\" data-attachment-id=\"640\" data-permalink=\"https:\/\/www.cvl-coutelier.be\/index.php\/2020\/07\/13\/covid-19-premier-stage-apres-le-lockdown-filippo-dal-maso\/img_3273\/\" data-orig-file=\"https:\/\/www.cvl-coutelier.be\/wp-content\/uploads\/2020\/06\/IMG_3273.jpg\" data-orig-size=\"4032,3024\" data-comments-opened=\"1\" data-image-meta=\"{&quot;aperture&quot;:&quot;1.8&quot;,&quot;credit&quot;:&quot;&quot;,&quot;camera&quot;:&quot;iPhone 8 Plus&quot;,&quot;caption&quot;:&quot;&quot;,&quot;created_timestamp&quot;:&quot;1590138335&quot;,&quot;copyright&quot;:&quot;&quot;,&quot;focal_length&quot;:&quot;3.99&quot;,&quot;iso&quot;:&quot;100&quot;,&quot;shutter_speed&quot;:&quot;0.058823529411765&quot;,&quot;title&quot;:&quot;&quot;,&quot;orientation&quot;:&quot;6&quot;}\" data-image-title=\"IMG_3273\" data-image-description=\"\" data-image-caption=\"\" data-large-file=\"https:\/\/www.cvl-coutelier.be\/wp-content\/uploads\/2020\/06\/IMG_3273-1024x768.jpg\" class=\"aligncenter size-full wp-image-640\" src=\"http:\/\/www.cvl-coutelier.be\/wp-content\/uploads\/2020\/06\/IMG_3273.jpg\" alt=\"Kira qui se r\u00e9jouit de revoir Filippo\" width=\"4032\" height=\"3024\" srcset=\"https:\/\/www.cvl-coutelier.be\/wp-content\/uploads\/2020\/06\/IMG_3273.jpg 4032w, https:\/\/www.cvl-coutelier.be\/wp-content\/uploads\/2020\/06\/IMG_3273-300x225.jpg 300w, https:\/\/www.cvl-coutelier.be\/wp-content\/uploads\/2020\/06\/IMG_3273-450x338.jpg 450w, https:\/\/www.cvl-coutelier.be\/wp-content\/uploads\/2020\/06\/IMG_3273-768x576.jpg 768w, https:\/\/www.cvl-coutelier.be\/wp-content\/uploads\/2020\/06\/IMG_3273-1024x768.jpg 1024w\" sizes=\"auto, (max-width: 4032px) 100vw, 4032px\" \/><\/p>\n<p>Quelques exercices pour appr\u00e9hender les diff\u00e9rents outils et techniques.<\/p>\n<p><img loading=\"lazy\" decoding=\"async\" data-attachment-id=\"655\" data-permalink=\"https:\/\/www.cvl-coutelier.be\/index.php\/2020\/07\/13\/covid-19-premier-stage-apres-le-lockdown-filippo-dal-maso\/img_3118\/\" data-orig-file=\"https:\/\/www.cvl-coutelier.be\/wp-content\/uploads\/2020\/07\/IMG_3118.jpg\" data-orig-size=\"4032,3024\" data-comments-opened=\"1\" data-image-meta=\"{&quot;aperture&quot;:&quot;1.8&quot;,&quot;credit&quot;:&quot;&quot;,&quot;camera&quot;:&quot;iPhone 8 Plus&quot;,&quot;caption&quot;:&quot;&quot;,&quot;created_timestamp&quot;:&quot;1590054561&quot;,&quot;copyright&quot;:&quot;&quot;,&quot;focal_length&quot;:&quot;3.99&quot;,&quot;iso&quot;:&quot;40&quot;,&quot;shutter_speed&quot;:&quot;0.04&quot;,&quot;title&quot;:&quot;&quot;,&quot;orientation&quot;:&quot;1&quot;}\" data-image-title=\"IMG_3118\" data-image-description=\"\" data-image-caption=\"\" data-large-file=\"https:\/\/www.cvl-coutelier.be\/wp-content\/uploads\/2020\/07\/IMG_3118-1024x768.jpg\" class=\"aligncenter size-full wp-image-655\" src=\"http:\/\/www.cvl-coutelier.be\/wp-content\/uploads\/2020\/07\/IMG_3118.jpg\" alt=\"\" width=\"4032\" height=\"3024\" srcset=\"https:\/\/www.cvl-coutelier.be\/wp-content\/uploads\/2020\/07\/IMG_3118.jpg 4032w, https:\/\/www.cvl-coutelier.be\/wp-content\/uploads\/2020\/07\/IMG_3118-300x225.jpg 300w, https:\/\/www.cvl-coutelier.be\/wp-content\/uploads\/2020\/07\/IMG_3118-450x338.jpg 450w, https:\/\/www.cvl-coutelier.be\/wp-content\/uploads\/2020\/07\/IMG_3118-768x576.jpg 768w, https:\/\/www.cvl-coutelier.be\/wp-content\/uploads\/2020\/07\/IMG_3118-1024x768.jpg 1024w\" sizes=\"auto, (max-width: 4032px) 100vw, 4032px\" \/><\/p>\n<p>Travail de la pointe.<\/p>\n<p>&nbsp;<\/p>\n<p>&nbsp;<\/p>\n<p>&nbsp;<\/p>\n<p><img loading=\"lazy\" decoding=\"async\" data-attachment-id=\"657\" data-permalink=\"https:\/\/www.cvl-coutelier.be\/index.php\/2020\/07\/13\/covid-19-premier-stage-apres-le-lockdown-filippo-dal-maso\/img_3147\/\" data-orig-file=\"https:\/\/www.cvl-coutelier.be\/wp-content\/uploads\/2020\/07\/IMG_3147.jpg\" data-orig-size=\"4032,3024\" data-comments-opened=\"1\" data-image-meta=\"{&quot;aperture&quot;:&quot;1.8&quot;,&quot;credit&quot;:&quot;&quot;,&quot;camera&quot;:&quot;iPhone 8 Plus&quot;,&quot;caption&quot;:&quot;&quot;,&quot;created_timestamp&quot;:&quot;1590057935&quot;,&quot;copyright&quot;:&quot;&quot;,&quot;focal_length&quot;:&quot;3.99&quot;,&quot;iso&quot;:&quot;40&quot;,&quot;shutter_speed&quot;:&quot;0.04&quot;,&quot;title&quot;:&quot;&quot;,&quot;orientation&quot;:&quot;6&quot;}\" data-image-title=\"IMG_3147\" data-image-description=\"\" data-image-caption=\"\" data-large-file=\"https:\/\/www.cvl-coutelier.be\/wp-content\/uploads\/2020\/07\/IMG_3147-1024x768.jpg\" class=\"aligncenter size-full wp-image-657\" src=\"http:\/\/www.cvl-coutelier.be\/wp-content\/uploads\/2020\/07\/IMG_3147.jpg\" alt=\"\" width=\"4032\" height=\"3024\" srcset=\"https:\/\/www.cvl-coutelier.be\/wp-content\/uploads\/2020\/07\/IMG_3147.jpg 4032w, https:\/\/www.cvl-coutelier.be\/wp-content\/uploads\/2020\/07\/IMG_3147-300x225.jpg 300w, https:\/\/www.cvl-coutelier.be\/wp-content\/uploads\/2020\/07\/IMG_3147-450x338.jpg 450w, https:\/\/www.cvl-coutelier.be\/wp-content\/uploads\/2020\/07\/IMG_3147-768x576.jpg 768w, https:\/\/www.cvl-coutelier.be\/wp-content\/uploads\/2020\/07\/IMG_3147-1024x768.jpg 1024w\" sizes=\"auto, (max-width: 4032px) 100vw, 4032px\" \/><\/p>\n<p>Lame forg\u00e9e et pr\u00e8s recuit.<\/p>\n<p><img loading=\"lazy\" decoding=\"async\" data-attachment-id=\"659\" data-permalink=\"https:\/\/www.cvl-coutelier.be\/index.php\/2020\/07\/13\/covid-19-premier-stage-apres-le-lockdown-filippo-dal-maso\/img_2489\/\" data-orig-file=\"https:\/\/www.cvl-coutelier.be\/wp-content\/uploads\/2020\/07\/IMG_2489.jpg\" data-orig-size=\"4032,3024\" data-comments-opened=\"1\" data-image-meta=\"{&quot;aperture&quot;:&quot;1.8&quot;,&quot;credit&quot;:&quot;&quot;,&quot;camera&quot;:&quot;iPhone 7&quot;,&quot;caption&quot;:&quot;&quot;,&quot;created_timestamp&quot;:&quot;1590068574&quot;,&quot;copyright&quot;:&quot;&quot;,&quot;focal_length&quot;:&quot;3.99&quot;,&quot;iso&quot;:&quot;32&quot;,&quot;shutter_speed&quot;:&quot;0.03030303030303&quot;,&quot;title&quot;:&quot;&quot;,&quot;orientation&quot;:&quot;6&quot;}\" data-image-title=\"IMG_2489\" data-image-description=\"\" data-image-caption=\"\" data-large-file=\"https:\/\/www.cvl-coutelier.be\/wp-content\/uploads\/2020\/07\/IMG_2489-1024x768.jpg\" class=\"aligncenter size-full wp-image-659\" src=\"http:\/\/www.cvl-coutelier.be\/wp-content\/uploads\/2020\/07\/IMG_2489.jpg\" alt=\"\" width=\"4032\" height=\"3024\" srcset=\"https:\/\/www.cvl-coutelier.be\/wp-content\/uploads\/2020\/07\/IMG_2489.jpg 4032w, https:\/\/www.cvl-coutelier.be\/wp-content\/uploads\/2020\/07\/IMG_2489-300x225.jpg 300w, https:\/\/www.cvl-coutelier.be\/wp-content\/uploads\/2020\/07\/IMG_2489-450x338.jpg 450w, https:\/\/www.cvl-coutelier.be\/wp-content\/uploads\/2020\/07\/IMG_2489-768x576.jpg 768w, https:\/\/www.cvl-coutelier.be\/wp-content\/uploads\/2020\/07\/IMG_2489-1024x768.jpg 1024w\" sizes=\"auto, (max-width: 4032px) 100vw, 4032px\" \/><\/p>\n<p>Emouture de la lame.<\/p>\n<p><img loading=\"lazy\" decoding=\"async\" data-attachment-id=\"660\" data-permalink=\"https:\/\/www.cvl-coutelier.be\/index.php\/2020\/07\/13\/covid-19-premier-stage-apres-le-lockdown-filippo-dal-maso\/img_3158-2\/\" data-orig-file=\"https:\/\/www.cvl-coutelier.be\/wp-content\/uploads\/2020\/07\/IMG_3158.jpg\" data-orig-size=\"4032,3024\" data-comments-opened=\"1\" data-image-meta=\"{&quot;aperture&quot;:&quot;1.8&quot;,&quot;credit&quot;:&quot;&quot;,&quot;camera&quot;:&quot;iPhone 8 Plus&quot;,&quot;caption&quot;:&quot;&quot;,&quot;created_timestamp&quot;:&quot;1590072618&quot;,&quot;copyright&quot;:&quot;&quot;,&quot;focal_length&quot;:&quot;3.99&quot;,&quot;iso&quot;:&quot;32&quot;,&quot;shutter_speed&quot;:&quot;0.03030303030303&quot;,&quot;title&quot;:&quot;&quot;,&quot;orientation&quot;:&quot;6&quot;}\" data-image-title=\"IMG_3158\" data-image-description=\"\" data-image-caption=\"\" data-large-file=\"https:\/\/www.cvl-coutelier.be\/wp-content\/uploads\/2020\/07\/IMG_3158-1024x768.jpg\" class=\"aligncenter size-full wp-image-660\" src=\"http:\/\/www.cvl-coutelier.be\/wp-content\/uploads\/2020\/07\/IMG_3158.jpg\" alt=\"\" width=\"4032\" height=\"3024\" srcset=\"https:\/\/www.cvl-coutelier.be\/wp-content\/uploads\/2020\/07\/IMG_3158.jpg 4032w, https:\/\/www.cvl-coutelier.be\/wp-content\/uploads\/2020\/07\/IMG_3158-300x225.jpg 300w, https:\/\/www.cvl-coutelier.be\/wp-content\/uploads\/2020\/07\/IMG_3158-450x338.jpg 450w, https:\/\/www.cvl-coutelier.be\/wp-content\/uploads\/2020\/07\/IMG_3158-768x576.jpg 768w, https:\/\/www.cvl-coutelier.be\/wp-content\/uploads\/2020\/07\/IMG_3158-1024x768.jpg 1024w\" sizes=\"auto, (max-width: 4032px) 100vw, 4032px\" \/>Collage des plaquettes<\/p>\n<p><img loading=\"lazy\" decoding=\"async\" data-attachment-id=\"661\" data-permalink=\"https:\/\/www.cvl-coutelier.be\/index.php\/2020\/07\/13\/covid-19-premier-stage-apres-le-lockdown-filippo-dal-maso\/img_2625-2\/\" data-orig-file=\"https:\/\/www.cvl-coutelier.be\/wp-content\/uploads\/2020\/07\/IMG_2625.jpg\" data-orig-size=\"4032,3024\" data-comments-opened=\"1\" data-image-meta=\"{&quot;aperture&quot;:&quot;1.8&quot;,&quot;credit&quot;:&quot;&quot;,&quot;camera&quot;:&quot;iPhone 7&quot;,&quot;caption&quot;:&quot;&quot;,&quot;created_timestamp&quot;:&quot;1590144251&quot;,&quot;copyright&quot;:&quot;&quot;,&quot;focal_length&quot;:&quot;3.99&quot;,&quot;iso&quot;:&quot;40&quot;,&quot;shutter_speed&quot;:&quot;0.05&quot;,&quot;title&quot;:&quot;&quot;,&quot;orientation&quot;:&quot;6&quot;}\" data-image-title=\"IMG_2625\" data-image-description=\"\" data-image-caption=\"\" data-large-file=\"https:\/\/www.cvl-coutelier.be\/wp-content\/uploads\/2020\/07\/IMG_2625-1024x768.jpg\" class=\"aligncenter size-full wp-image-661\" src=\"http:\/\/www.cvl-coutelier.be\/wp-content\/uploads\/2020\/07\/IMG_2625.jpg\" alt=\"\" width=\"4032\" height=\"3024\" srcset=\"https:\/\/www.cvl-coutelier.be\/wp-content\/uploads\/2020\/07\/IMG_2625.jpg 4032w, https:\/\/www.cvl-coutelier.be\/wp-content\/uploads\/2020\/07\/IMG_2625-300x225.jpg 300w, https:\/\/www.cvl-coutelier.be\/wp-content\/uploads\/2020\/07\/IMG_2625-450x338.jpg 450w, https:\/\/www.cvl-coutelier.be\/wp-content\/uploads\/2020\/07\/IMG_2625-768x576.jpg 768w, https:\/\/www.cvl-coutelier.be\/wp-content\/uploads\/2020\/07\/IMG_2625-1024x768.jpg 1024w\" sizes=\"auto, (max-width: 4032px) 100vw, 4032px\" \/><\/p>\n<p>Finition de la lame.<\/p>\n<p><img loading=\"lazy\" decoding=\"async\" data-attachment-id=\"662\" data-permalink=\"https:\/\/www.cvl-coutelier.be\/index.php\/2020\/07\/13\/covid-19-premier-stage-apres-le-lockdown-filippo-dal-maso\/img_3176\/\" data-orig-file=\"https:\/\/www.cvl-coutelier.be\/wp-content\/uploads\/2020\/07\/IMG_3176.jpg\" data-orig-size=\"3024,4032\" data-comments-opened=\"1\" data-image-meta=\"{&quot;aperture&quot;:&quot;2.8&quot;,&quot;credit&quot;:&quot;&quot;,&quot;camera&quot;:&quot;iPhone 8 Plus&quot;,&quot;caption&quot;:&quot;&quot;,&quot;created_timestamp&quot;:&quot;1590077534&quot;,&quot;copyright&quot;:&quot;&quot;,&quot;focal_length&quot;:&quot;6.6&quot;,&quot;iso&quot;:&quot;32&quot;,&quot;shutter_speed&quot;:&quot;0.03030303030303&quot;,&quot;title&quot;:&quot;&quot;,&quot;orientation&quot;:&quot;1&quot;}\" data-image-title=\"IMG_3176\" data-image-description=\"\" data-image-caption=\"\" data-large-file=\"https:\/\/www.cvl-coutelier.be\/wp-content\/uploads\/2020\/07\/IMG_3176-768x1024.jpg\" class=\"aligncenter size-full wp-image-662\" src=\"http:\/\/www.cvl-coutelier.be\/wp-content\/uploads\/2020\/07\/IMG_3176.jpg\" alt=\"\" width=\"3024\" height=\"4032\" srcset=\"https:\/\/www.cvl-coutelier.be\/wp-content\/uploads\/2020\/07\/IMG_3176.jpg 3024w, https:\/\/www.cvl-coutelier.be\/wp-content\/uploads\/2020\/07\/IMG_3176-225x300.jpg 225w, https:\/\/www.cvl-coutelier.be\/wp-content\/uploads\/2020\/07\/IMG_3176-338x450.jpg 338w, https:\/\/www.cvl-coutelier.be\/wp-content\/uploads\/2020\/07\/IMG_3176-768x1024.jpg 768w\" sizes=\"auto, (max-width: 3024px) 100vw, 3024px\" \/><\/p>\n<p><img loading=\"lazy\" decoding=\"async\" data-attachment-id=\"663\" data-permalink=\"https:\/\/www.cvl-coutelier.be\/index.php\/2020\/07\/13\/covid-19-premier-stage-apres-le-lockdown-filippo-dal-maso\/img_3215-2\/\" data-orig-file=\"https:\/\/www.cvl-coutelier.be\/wp-content\/uploads\/2020\/07\/IMG_3215.jpg\" data-orig-size=\"4032,3024\" data-comments-opened=\"1\" data-image-meta=\"{&quot;aperture&quot;:&quot;1.8&quot;,&quot;credit&quot;:&quot;&quot;,&quot;camera&quot;:&quot;iPhone 8 Plus&quot;,&quot;caption&quot;:&quot;&quot;,&quot;created_timestamp&quot;:&quot;1590079935&quot;,&quot;copyright&quot;:&quot;&quot;,&quot;focal_length&quot;:&quot;3.99&quot;,&quot;iso&quot;:&quot;20&quot;,&quot;shutter_speed&quot;:&quot;0.0031645569620253&quot;,&quot;title&quot;:&quot;&quot;,&quot;orientation&quot;:&quot;6&quot;}\" data-image-title=\"IMG_3215\" data-image-description=\"\" data-image-caption=\"\" data-large-file=\"https:\/\/www.cvl-coutelier.be\/wp-content\/uploads\/2020\/07\/IMG_3215-1024x768.jpg\" class=\"aligncenter size-full wp-image-663\" src=\"http:\/\/www.cvl-coutelier.be\/wp-content\/uploads\/2020\/07\/IMG_3215.jpg\" alt=\"\" width=\"4032\" height=\"3024\" srcset=\"https:\/\/www.cvl-coutelier.be\/wp-content\/uploads\/2020\/07\/IMG_3215.jpg 4032w, https:\/\/www.cvl-coutelier.be\/wp-content\/uploads\/2020\/07\/IMG_3215-300x225.jpg 300w, https:\/\/www.cvl-coutelier.be\/wp-content\/uploads\/2020\/07\/IMG_3215-450x338.jpg 450w, https:\/\/www.cvl-coutelier.be\/wp-content\/uploads\/2020\/07\/IMG_3215-768x576.jpg 768w, https:\/\/www.cvl-coutelier.be\/wp-content\/uploads\/2020\/07\/IMG_3215-1024x768.jpg 1024w\" sizes=\"auto, (max-width: 4032px) 100vw, 4032px\" \/><\/p>\n<p>Trempe de la lame.<\/p>\n<p><img loading=\"lazy\" decoding=\"async\" data-attachment-id=\"664\" data-permalink=\"https:\/\/www.cvl-coutelier.be\/index.php\/2020\/07\/13\/covid-19-premier-stage-apres-le-lockdown-filippo-dal-maso\/img_3242\/\" data-orig-file=\"https:\/\/www.cvl-coutelier.be\/wp-content\/uploads\/2020\/07\/IMG_3242.jpg\" data-orig-size=\"4032,3024\" data-comments-opened=\"1\" data-image-meta=\"{&quot;aperture&quot;:&quot;1.8&quot;,&quot;credit&quot;:&quot;&quot;,&quot;camera&quot;:&quot;iPhone 8 Plus&quot;,&quot;caption&quot;:&quot;&quot;,&quot;created_timestamp&quot;:&quot;1590082351&quot;,&quot;copyright&quot;:&quot;&quot;,&quot;focal_length&quot;:&quot;3.99&quot;,&quot;iso&quot;:&quot;125&quot;,&quot;shutter_speed&quot;:&quot;0.01&quot;,&quot;title&quot;:&quot;&quot;,&quot;orientation&quot;:&quot;1&quot;}\" data-image-title=\"IMG_3242\" data-image-description=\"\" data-image-caption=\"\" data-large-file=\"https:\/\/www.cvl-coutelier.be\/wp-content\/uploads\/2020\/07\/IMG_3242-1024x768.jpg\" class=\"aligncenter size-full wp-image-664\" src=\"http:\/\/www.cvl-coutelier.be\/wp-content\/uploads\/2020\/07\/IMG_3242.jpg\" alt=\"\" width=\"4032\" height=\"3024\" srcset=\"https:\/\/www.cvl-coutelier.be\/wp-content\/uploads\/2020\/07\/IMG_3242.jpg 4032w, https:\/\/www.cvl-coutelier.be\/wp-content\/uploads\/2020\/07\/IMG_3242-300x225.jpg 300w, https:\/\/www.cvl-coutelier.be\/wp-content\/uploads\/2020\/07\/IMG_3242-450x338.jpg 450w, https:\/\/www.cvl-coutelier.be\/wp-content\/uploads\/2020\/07\/IMG_3242-768x576.jpg 768w, https:\/\/www.cvl-coutelier.be\/wp-content\/uploads\/2020\/07\/IMG_3242-1024x768.jpg 1024w\" sizes=\"auto, (max-width: 4032px) 100vw, 4032px\" \/><\/p>\n<p>Filippo d\u00e9couvre son couteau le lendemain apr\u00e8s revenu.<\/p>\n<p><img loading=\"lazy\" decoding=\"async\" data-attachment-id=\"665\" data-permalink=\"https:\/\/www.cvl-coutelier.be\/index.php\/2020\/07\/13\/covid-19-premier-stage-apres-le-lockdown-filippo-dal-maso\/img_3259\/\" data-orig-file=\"https:\/\/www.cvl-coutelier.be\/wp-content\/uploads\/2020\/07\/IMG_3259.jpg\" data-orig-size=\"4032,3024\" data-comments-opened=\"1\" data-image-meta=\"{&quot;aperture&quot;:&quot;1.8&quot;,&quot;credit&quot;:&quot;&quot;,&quot;camera&quot;:&quot;iPhone 8 Plus&quot;,&quot;caption&quot;:&quot;&quot;,&quot;created_timestamp&quot;:&quot;1590083446&quot;,&quot;copyright&quot;:&quot;&quot;,&quot;focal_length&quot;:&quot;3.99&quot;,&quot;iso&quot;:&quot;25&quot;,&quot;shutter_speed&quot;:&quot;0.0083333333333333&quot;,&quot;title&quot;:&quot;&quot;,&quot;orientation&quot;:&quot;6&quot;}\" data-image-title=\"IMG_3259\" data-image-description=\"\" data-image-caption=\"\" data-large-file=\"https:\/\/www.cvl-coutelier.be\/wp-content\/uploads\/2020\/07\/IMG_3259-1024x768.jpg\" class=\"aligncenter size-full wp-image-665\" src=\"http:\/\/www.cvl-coutelier.be\/wp-content\/uploads\/2020\/07\/IMG_3259.jpg\" alt=\"\" width=\"4032\" height=\"3024\" srcset=\"https:\/\/www.cvl-coutelier.be\/wp-content\/uploads\/2020\/07\/IMG_3259.jpg 4032w, https:\/\/www.cvl-coutelier.be\/wp-content\/uploads\/2020\/07\/IMG_3259-300x225.jpg 300w, https:\/\/www.cvl-coutelier.be\/wp-content\/uploads\/2020\/07\/IMG_3259-450x338.jpg 450w, https:\/\/www.cvl-coutelier.be\/wp-content\/uploads\/2020\/07\/IMG_3259-768x576.jpg 768w, https:\/\/www.cvl-coutelier.be\/wp-content\/uploads\/2020\/07\/IMG_3259-1024x768.jpg 1024w\" sizes=\"auto, (max-width: 4032px) 100vw, 4032px\" \/><\/p>\n<p>Fa\u00e7onnage du manche apr\u00e8s collage.<img loading=\"lazy\" decoding=\"async\" data-attachment-id=\"666\" data-permalink=\"https:\/\/www.cvl-coutelier.be\/index.php\/2020\/07\/13\/covid-19-premier-stage-apres-le-lockdown-filippo-dal-maso\/img_3288\/\" data-orig-file=\"https:\/\/www.cvl-coutelier.be\/wp-content\/uploads\/2020\/07\/IMG_3288.jpg\" data-orig-size=\"4032,3024\" data-comments-opened=\"1\" data-image-meta=\"{&quot;aperture&quot;:&quot;1.8&quot;,&quot;credit&quot;:&quot;&quot;,&quot;camera&quot;:&quot;iPhone 8 Plus&quot;,&quot;caption&quot;:&quot;&quot;,&quot;created_timestamp&quot;:&quot;1590155802&quot;,&quot;copyright&quot;:&quot;&quot;,&quot;focal_length&quot;:&quot;3.99&quot;,&quot;iso&quot;:&quot;40&quot;,&quot;shutter_speed&quot;:&quot;0.03030303030303&quot;,&quot;title&quot;:&quot;&quot;,&quot;orientation&quot;:&quot;6&quot;}\" data-image-title=\"IMG_3288\" data-image-description=\"\" data-image-caption=\"\" data-large-file=\"https:\/\/www.cvl-coutelier.be\/wp-content\/uploads\/2020\/07\/IMG_3288-1024x768.jpg\" class=\"aligncenter size-full wp-image-666\" src=\"http:\/\/www.cvl-coutelier.be\/wp-content\/uploads\/2020\/07\/IMG_3288.jpg\" alt=\"\" width=\"4032\" height=\"3024\" srcset=\"https:\/\/www.cvl-coutelier.be\/wp-content\/uploads\/2020\/07\/IMG_3288.jpg 4032w, https:\/\/www.cvl-coutelier.be\/wp-content\/uploads\/2020\/07\/IMG_3288-300x225.jpg 300w, https:\/\/www.cvl-coutelier.be\/wp-content\/uploads\/2020\/07\/IMG_3288-450x338.jpg 450w, https:\/\/www.cvl-coutelier.be\/wp-content\/uploads\/2020\/07\/IMG_3288-768x576.jpg 768w, https:\/\/www.cvl-coutelier.be\/wp-content\/uploads\/2020\/07\/IMG_3288-1024x768.jpg 1024w\" sizes=\"auto, (max-width: 4032px) 100vw, 4032px\" \/><\/p>\n<p>Finition du manche \u00e0 la main.<\/p>\n<p><img loading=\"lazy\" decoding=\"async\" data-attachment-id=\"667\" data-permalink=\"https:\/\/www.cvl-coutelier.be\/index.php\/2020\/07\/13\/covid-19-premier-stage-apres-le-lockdown-filippo-dal-maso\/img_3304-2\/\" data-orig-file=\"https:\/\/www.cvl-coutelier.be\/wp-content\/uploads\/2020\/07\/IMG_3304.jpg\" data-orig-size=\"4032,3024\" data-comments-opened=\"1\" data-image-meta=\"{&quot;aperture&quot;:&quot;2.8&quot;,&quot;credit&quot;:&quot;&quot;,&quot;camera&quot;:&quot;iPhone 8 Plus&quot;,&quot;caption&quot;:&quot;&quot;,&quot;created_timestamp&quot;:&quot;1590159645&quot;,&quot;copyright&quot;:&quot;&quot;,&quot;focal_length&quot;:&quot;6.6&quot;,&quot;iso&quot;:&quot;32&quot;,&quot;shutter_speed&quot;:&quot;0.0083333333333333&quot;,&quot;title&quot;:&quot;&quot;,&quot;orientation&quot;:&quot;6&quot;}\" data-image-title=\"IMG_3304\" data-image-description=\"\" data-image-caption=\"\" data-large-file=\"https:\/\/www.cvl-coutelier.be\/wp-content\/uploads\/2020\/07\/IMG_3304-1024x768.jpg\" class=\"aligncenter size-full wp-image-667\" src=\"http:\/\/www.cvl-coutelier.be\/wp-content\/uploads\/2020\/07\/IMG_3304.jpg\" alt=\"\" width=\"4032\" height=\"3024\" srcset=\"https:\/\/www.cvl-coutelier.be\/wp-content\/uploads\/2020\/07\/IMG_3304.jpg 4032w, https:\/\/www.cvl-coutelier.be\/wp-content\/uploads\/2020\/07\/IMG_3304-300x225.jpg 300w, https:\/\/www.cvl-coutelier.be\/wp-content\/uploads\/2020\/07\/IMG_3304-450x338.jpg 450w, https:\/\/www.cvl-coutelier.be\/wp-content\/uploads\/2020\/07\/IMG_3304-768x576.jpg 768w, https:\/\/www.cvl-coutelier.be\/wp-content\/uploads\/2020\/07\/IMG_3304-1024x768.jpg 1024w\" sizes=\"auto, (max-width: 4032px) 100vw, 4032px\" \/><\/p>\n<p>Aiguisage et aff\u00fbtage du couteau.<\/p>\n<p><img loading=\"lazy\" decoding=\"async\" data-attachment-id=\"668\" data-permalink=\"https:\/\/www.cvl-coutelier.be\/index.php\/2020\/07\/13\/covid-19-premier-stage-apres-le-lockdown-filippo-dal-maso\/img_3317\/\" data-orig-file=\"https:\/\/www.cvl-coutelier.be\/wp-content\/uploads\/2020\/07\/IMG_3317.jpg\" data-orig-size=\"4032,3024\" data-comments-opened=\"1\" data-image-meta=\"{&quot;aperture&quot;:&quot;1.8&quot;,&quot;credit&quot;:&quot;&quot;,&quot;camera&quot;:&quot;iPhone 8 Plus&quot;,&quot;caption&quot;:&quot;&quot;,&quot;created_timestamp&quot;:&quot;1590163025&quot;,&quot;copyright&quot;:&quot;&quot;,&quot;focal_length&quot;:&quot;3.99&quot;,&quot;iso&quot;:&quot;20&quot;,&quot;shutter_speed&quot;:&quot;0.0011037527593819&quot;,&quot;title&quot;:&quot;&quot;,&quot;orientation&quot;:&quot;6&quot;}\" data-image-title=\"IMG_3317\" data-image-description=\"\" data-image-caption=\"\" data-large-file=\"https:\/\/www.cvl-coutelier.be\/wp-content\/uploads\/2020\/07\/IMG_3317-1024x768.jpg\" class=\"aligncenter size-full wp-image-668\" src=\"http:\/\/www.cvl-coutelier.be\/wp-content\/uploads\/2020\/07\/IMG_3317.jpg\" alt=\"\" width=\"4032\" height=\"3024\" srcset=\"https:\/\/www.cvl-coutelier.be\/wp-content\/uploads\/2020\/07\/IMG_3317.jpg 4032w, https:\/\/www.cvl-coutelier.be\/wp-content\/uploads\/2020\/07\/IMG_3317-300x225.jpg 300w, https:\/\/www.cvl-coutelier.be\/wp-content\/uploads\/2020\/07\/IMG_3317-450x338.jpg 450w, https:\/\/www.cvl-coutelier.be\/wp-content\/uploads\/2020\/07\/IMG_3317-768x576.jpg 768w, https:\/\/www.cvl-coutelier.be\/wp-content\/uploads\/2020\/07\/IMG_3317-1024x768.jpg 1024w\" sizes=\"auto, (max-width: 4032px) 100vw, 4032px\" \/><\/p>\n<p>Filippo et son couteau termin\u00e9.<\/p>\n<p><img loading=\"lazy\" decoding=\"async\" data-attachment-id=\"669\" data-permalink=\"https:\/\/www.cvl-coutelier.be\/index.php\/2020\/07\/13\/covid-19-premier-stage-apres-le-lockdown-filippo-dal-maso\/img_3323\/\" data-orig-file=\"https:\/\/www.cvl-coutelier.be\/wp-content\/uploads\/2020\/07\/IMG_3323.jpg\" data-orig-size=\"4032,3024\" data-comments-opened=\"1\" data-image-meta=\"{&quot;aperture&quot;:&quot;1.8&quot;,&quot;credit&quot;:&quot;&quot;,&quot;camera&quot;:&quot;iPhone 8 Plus&quot;,&quot;caption&quot;:&quot;&quot;,&quot;created_timestamp&quot;:&quot;1590163824&quot;,&quot;copyright&quot;:&quot;&quot;,&quot;focal_length&quot;:&quot;3.99&quot;,&quot;iso&quot;:&quot;20&quot;,&quot;shutter_speed&quot;:&quot;0.0083333333333333&quot;,&quot;title&quot;:&quot;&quot;,&quot;orientation&quot;:&quot;6&quot;}\" data-image-title=\"IMG_3323\" data-image-description=\"\" data-image-caption=\"\" data-large-file=\"https:\/\/www.cvl-coutelier.be\/wp-content\/uploads\/2020\/07\/IMG_3323-1024x768.jpg\" class=\"aligncenter size-full wp-image-669\" src=\"http:\/\/www.cvl-coutelier.be\/wp-content\/uploads\/2020\/07\/IMG_3323.jpg\" alt=\"\" width=\"4032\" height=\"3024\" srcset=\"https:\/\/www.cvl-coutelier.be\/wp-content\/uploads\/2020\/07\/IMG_3323.jpg 4032w, https:\/\/www.cvl-coutelier.be\/wp-content\/uploads\/2020\/07\/IMG_3323-300x225.jpg 300w, https:\/\/www.cvl-coutelier.be\/wp-content\/uploads\/2020\/07\/IMG_3323-450x338.jpg 450w, https:\/\/www.cvl-coutelier.be\/wp-content\/uploads\/2020\/07\/IMG_3323-768x576.jpg 768w, https:\/\/www.cvl-coutelier.be\/wp-content\/uploads\/2020\/07\/IMG_3323-1024x768.jpg 1024w\" sizes=\"auto, (max-width: 4032px) 100vw, 4032px\" \/><\/p>\n","protected":false},"excerpt":{"rendered":"<p>Premier stagiaire apr\u00e8s le Lockdown, Filippo dal Maso, est venu r\u00e9aliser son couteau. L&rsquo;atelier est suffisamment spacieux pour\u00a0 pouvoir garder les distances. En deux jours il a r\u00e9alis\u00e9 une petite &#8230;<\/p>\n","protected":false},"author":1,"featured_media":648,"comment_status":"open","ping_status":"open","sticky":false,"template":"","format":"standard","meta":{"jetpack_post_was_ever_published":false,"_jetpack_newsletter_access":"","_jetpack_dont_email_post_to_subs":false,"_jetpack_newsletter_tier_id":0,"_jetpack_memberships_contains_paywalled_content":false,"_jetpack_memberships_contains_paid_content":false,"footnotes":"","jetpack_publicize_message":"","jetpack_publicize_feature_enabled":true,"jetpack_social_post_already_shared":true,"jetpack_social_options":{"image_generator_settings":{"template":"highway","default_image_id":0,"font":"","enabled":false},"version":2}},"categories":[7],"tags":[],"class_list":["post-620","post","type-post","status-publish","format-standard","has-post-thumbnail","hentry","category-en-direct-de-la-forge"],"jetpack_publicize_connections":[],"jetpack_featured_media_url":"https:\/\/www.cvl-coutelier.be\/wp-content\/uploads\/2020\/06\/IMG_3322.jpg","jetpack_sharing_enabled":true,"jetpack_shortlink":"https:\/\/wp.me\/p8hx1A-a0","jetpack-related-posts":[{"id":922,"url":"https:\/\/www.cvl-coutelier.be\/index.php\/2023\/07\/26\/stage-de-coutellerie-informations\/","url_meta":{"origin":620,"position":0},"title":"Stage de coutellerie &#8211; Informations","author":"Christophe van Lochem","date":"26 juillet 2023","format":false,"excerpt":"Les stages que j'organise sont des stages individuels et se font sur deux jours (de pr\u00e9f\u00e9rence sur deux samedis ou un week-end), les dates sont \u00e0 d\u00e9finir ensemble. Le nombre maximum de stagiaires est de 2. Le stagiaire\u00a0va forger et r\u00e9aliser enti\u00e8rement son couteau en passant par toutes les \u00e9tapes\u2026","rel":"","context":"Dans &quot;En direct de la forge&quot;","block_context":{"text":"En direct de la forge","link":"https:\/\/www.cvl-coutelier.be\/index.php\/category\/en-direct-de-la-forge\/"},"img":{"alt_text":"","src":"https:\/\/i0.wp.com\/www.cvl-coutelier.be\/wp-content\/uploads\/2023\/07\/IMG_5430-scaled.jpg?resize=350%2C200&ssl=1","width":350,"height":200,"srcset":"https:\/\/i0.wp.com\/www.cvl-coutelier.be\/wp-content\/uploads\/2023\/07\/IMG_5430-scaled.jpg?resize=350%2C200&ssl=1 1x, https:\/\/i0.wp.com\/www.cvl-coutelier.be\/wp-content\/uploads\/2023\/07\/IMG_5430-scaled.jpg?resize=525%2C300&ssl=1 1.5x, https:\/\/i0.wp.com\/www.cvl-coutelier.be\/wp-content\/uploads\/2023\/07\/IMG_5430-scaled.jpg?resize=700%2C400&ssl=1 2x, https:\/\/i0.wp.com\/www.cvl-coutelier.be\/wp-content\/uploads\/2023\/07\/IMG_5430-scaled.jpg?resize=1050%2C600&ssl=1 3x, https:\/\/i0.wp.com\/www.cvl-coutelier.be\/wp-content\/uploads\/2023\/07\/IMG_5430-scaled.jpg?resize=1400%2C800&ssl=1 4x"},"classes":[]},{"id":302,"url":"https:\/\/www.cvl-coutelier.be\/index.php\/2019\/08\/07\/stage-dinitiation-a-la-coutellerie-joseph-backes\/","url_meta":{"origin":620,"position":1},"title":"Stage d&rsquo;initiation \u00e0 la coutellerie &#8211; Joseph Backes","author":"Christophe van Lochem","date":"7 ao\u00fbt 2019","format":false,"excerpt":"Cadeau de sa femme Stefanie, un stage d'initiation \u00e0 la coutellerie pour Joseph. Apr\u00e8s deux jours de travail il a forg\u00e9 et r\u00e9alis\u00e9 ce magnifique couteau en 1.2842, manche en loupe d'orme stabilis\u00e9 et teint\u00e9 jaune, intercalaires rouge et pin mosa\u00efque - rose des vents. Well done Jo ! \u00a0\u2026","rel":"","context":"Dans &quot;Couteaux&quot;","block_context":{"text":"Couteaux","link":"https:\/\/www.cvl-coutelier.be\/index.php\/category\/couteaux\/"},"img":{"alt_text":"","src":"https:\/\/i0.wp.com\/www.cvl-coutelier.be\/wp-content\/uploads\/2019\/08\/a066.jpg?resize=350%2C200&ssl=1","width":350,"height":200,"srcset":"https:\/\/i0.wp.com\/www.cvl-coutelier.be\/wp-content\/uploads\/2019\/08\/a066.jpg?resize=350%2C200&ssl=1 1x, https:\/\/i0.wp.com\/www.cvl-coutelier.be\/wp-content\/uploads\/2019\/08\/a066.jpg?resize=525%2C300&ssl=1 1.5x, https:\/\/i0.wp.com\/www.cvl-coutelier.be\/wp-content\/uploads\/2019\/08\/a066.jpg?resize=700%2C400&ssl=1 2x, https:\/\/i0.wp.com\/www.cvl-coutelier.be\/wp-content\/uploads\/2019\/08\/a066.jpg?resize=1050%2C600&ssl=1 3x, https:\/\/i0.wp.com\/www.cvl-coutelier.be\/wp-content\/uploads\/2019\/08\/a066.jpg?resize=1400%2C800&ssl=1 4x"},"classes":[]},{"id":672,"url":"https:\/\/www.cvl-coutelier.be\/index.php\/2020\/07\/29\/covid-19-stage-de-coutellerie-desire-marron\/","url_meta":{"origin":620,"position":2},"title":"Covid -19 : Stage de coutellerie &#8211; D\u00e9sir\u00e9 Marron","author":"Christophe van Lochem","date":"29 juillet 2020","format":false,"excerpt":"Stage de coutellerie pour D\u00e9sir\u00e9 Marron. Probablement, \u00e0 ce jour, avec ses 65 ans, le stagiaire le plus \u00e2g\u00e9 qui est venu faire son couteau. D\u00e9sir\u00e9 a d\u00e9j\u00e0 une tr\u00e8s bonne exp\u00e9rience de la forge et de la fabrication de couteaux. Forge de la pointe. D\u00e9sir\u00e9 sait y faire.... La\u2026","rel":"","context":"Dans &quot;En direct de la forge&quot;","block_context":{"text":"En direct de la forge","link":"https:\/\/www.cvl-coutelier.be\/index.php\/category\/en-direct-de-la-forge\/"},"img":{"alt_text":"","src":"https:\/\/i0.wp.com\/www.cvl-coutelier.be\/wp-content\/uploads\/2020\/07\/IMG_4047.jpg?resize=350%2C200&ssl=1","width":350,"height":200,"srcset":"https:\/\/i0.wp.com\/www.cvl-coutelier.be\/wp-content\/uploads\/2020\/07\/IMG_4047.jpg?resize=350%2C200&ssl=1 1x, https:\/\/i0.wp.com\/www.cvl-coutelier.be\/wp-content\/uploads\/2020\/07\/IMG_4047.jpg?resize=525%2C300&ssl=1 1.5x, https:\/\/i0.wp.com\/www.cvl-coutelier.be\/wp-content\/uploads\/2020\/07\/IMG_4047.jpg?resize=700%2C400&ssl=1 2x, https:\/\/i0.wp.com\/www.cvl-coutelier.be\/wp-content\/uploads\/2020\/07\/IMG_4047.jpg?resize=1050%2C600&ssl=1 3x, https:\/\/i0.wp.com\/www.cvl-coutelier.be\/wp-content\/uploads\/2020\/07\/IMG_4047.jpg?resize=1400%2C800&ssl=1 4x"},"classes":[]},{"id":798,"url":"https:\/\/www.cvl-coutelier.be\/index.php\/2021\/01\/28\/liner-lock-14c28n-et-plaquettes-en-bois-gidgee\/","url_meta":{"origin":620,"position":3},"title":"Liner-lock 14C28N et plaquettes en bois gidgee","author":"Christophe van Lochem","date":"28 janvier 2021","format":false,"excerpt":"Dernier couteau pliant liner-lock en acier 14C28N, traitement post trempe \u00e0 l'azote liquide. Plaquettes en bois gidgee. Ce couteau est tr\u00e8s particulier pour moi et il m'a fallut pas mal de temps pour le sortir. Pas pour l'aspect technique, mais bien parce que ce couteau \u00e9tait command\u00e9 par un ancien\u2026","rel":"","context":"Dans &quot;Couteaux&quot;","block_context":{"text":"Couteaux","link":"https:\/\/www.cvl-coutelier.be\/index.php\/category\/couteaux\/"},"img":{"alt_text":"","src":"https:\/\/i0.wp.com\/www.cvl-coutelier.be\/wp-content\/uploads\/2021\/01\/FC13-2.jpg?resize=350%2C200&ssl=1","width":350,"height":200,"srcset":"https:\/\/i0.wp.com\/www.cvl-coutelier.be\/wp-content\/uploads\/2021\/01\/FC13-2.jpg?resize=350%2C200&ssl=1 1x, https:\/\/i0.wp.com\/www.cvl-coutelier.be\/wp-content\/uploads\/2021\/01\/FC13-2.jpg?resize=525%2C300&ssl=1 1.5x, https:\/\/i0.wp.com\/www.cvl-coutelier.be\/wp-content\/uploads\/2021\/01\/FC13-2.jpg?resize=700%2C400&ssl=1 2x, https:\/\/i0.wp.com\/www.cvl-coutelier.be\/wp-content\/uploads\/2021\/01\/FC13-2.jpg?resize=1050%2C600&ssl=1 3x, https:\/\/i0.wp.com\/www.cvl-coutelier.be\/wp-content\/uploads\/2021\/01\/FC13-2.jpg?resize=1400%2C800&ssl=1 4x"},"classes":[]},{"id":955,"url":"https:\/\/www.cvl-coutelier.be\/index.php\/2023\/09\/13\/ils-se-sont-dis-oui\/","url_meta":{"origin":620,"position":4},"title":"Ils se sont dis Oui !","author":"Christophe van Lochem","date":"13 septembre 2023","format":false,"excerpt":"Au lieu de vous parler de ce couteau pliant du point de vue technique, mat\u00e9riaux utilis\u00e9s, damas forg\u00e9\u2026. Je pr\u00e9f\u00e8re vous parler de l\u2019amour d\u2019Emmanuelle pour Rudy, qui a accept\u00e9 que ce couteau devienne le symbole de leur union\u2026 car Rudy ne porte pas de bijoux, pas de montres, pas\u2026","rel":"","context":"Dans &quot;Bijoux&quot;","block_context":{"text":"Bijoux","link":"https:\/\/www.cvl-coutelier.be\/index.php\/category\/bijoux\/"},"img":{"alt_text":"","src":"https:\/\/i0.wp.com\/www.cvl-coutelier.be\/wp-content\/uploads\/2023\/09\/IMG-20230913-WA0009.jpg?resize=350%2C200&ssl=1","width":350,"height":200,"srcset":"https:\/\/i0.wp.com\/www.cvl-coutelier.be\/wp-content\/uploads\/2023\/09\/IMG-20230913-WA0009.jpg?resize=350%2C200&ssl=1 1x, https:\/\/i0.wp.com\/www.cvl-coutelier.be\/wp-content\/uploads\/2023\/09\/IMG-20230913-WA0009.jpg?resize=525%2C300&ssl=1 1.5x, https:\/\/i0.wp.com\/www.cvl-coutelier.be\/wp-content\/uploads\/2023\/09\/IMG-20230913-WA0009.jpg?resize=700%2C400&ssl=1 2x, https:\/\/i0.wp.com\/www.cvl-coutelier.be\/wp-content\/uploads\/2023\/09\/IMG-20230913-WA0009.jpg?resize=1050%2C600&ssl=1 3x"},"classes":[]},{"id":1,"url":"https:\/\/www.cvl-coutelier.be\/index.php\/2017\/01\/09\/bienvenue\/","url_meta":{"origin":620,"position":5},"title":"Bienvenue sur mon site !","author":"Christophe van Lochem","date":"9 janvier 2017","format":false,"excerpt":"Tr\u00e8s t\u00f4t le feu de la forge a allum\u00e9 un reflet particulier dans mon \u0153il. Comme d\u2019autres ont r\u00eav\u00e9 d\u2019\u00eatre pompier ou pilote d\u2019avion, je r\u00eavais d\u2019\u00eatre forgeron. C\u2019est la passion pour le travail manuel de mat\u00e9riaux bruts qui m\u2019a amen\u00e9 \u00e0 construire ma propre forge pour apprendre \u00e0 en\u2026","rel":"","context":"Dans &quot;En direct de la forge&quot;","block_context":{"text":"En direct de la forge","link":"https:\/\/www.cvl-coutelier.be\/index.php\/category\/en-direct-de-la-forge\/"},"img":{"alt_text":"","src":"https:\/\/i0.wp.com\/www.cvl-coutelier.be\/wp-content\/uploads\/2017\/01\/2Z3A0211-10.jpg?resize=350%2C200&ssl=1","width":350,"height":200,"srcset":"https:\/\/i0.wp.com\/www.cvl-coutelier.be\/wp-content\/uploads\/2017\/01\/2Z3A0211-10.jpg?resize=350%2C200&ssl=1 1x, https:\/\/i0.wp.com\/www.cvl-coutelier.be\/wp-content\/uploads\/2017\/01\/2Z3A0211-10.jpg?resize=525%2C300&ssl=1 1.5x, https:\/\/i0.wp.com\/www.cvl-coutelier.be\/wp-content\/uploads\/2017\/01\/2Z3A0211-10.jpg?resize=700%2C400&ssl=1 2x, https:\/\/i0.wp.com\/www.cvl-coutelier.be\/wp-content\/uploads\/2017\/01\/2Z3A0211-10.jpg?resize=1050%2C600&ssl=1 3x, https:\/\/i0.wp.com\/www.cvl-coutelier.be\/wp-content\/uploads\/2017\/01\/2Z3A0211-10.jpg?resize=1400%2C800&ssl=1 4x"},"classes":[]}],"_links":{"self":[{"href":"https:\/\/www.cvl-coutelier.be\/index.php\/wp-json\/wp\/v2\/posts\/620","targetHints":{"allow":["GET"]}}],"collection":[{"href":"https:\/\/www.cvl-coutelier.be\/index.php\/wp-json\/wp\/v2\/posts"}],"about":[{"href":"https:\/\/www.cvl-coutelier.be\/index.php\/wp-json\/wp\/v2\/types\/post"}],"author":[{"embeddable":true,"href":"https:\/\/www.cvl-coutelier.be\/index.php\/wp-json\/wp\/v2\/users\/1"}],"replies":[{"embeddable":true,"href":"https:\/\/www.cvl-coutelier.be\/index.php\/wp-json\/wp\/v2\/comments?post=620"}],"version-history":[{"count":3,"href":"https:\/\/www.cvl-coutelier.be\/index.php\/wp-json\/wp\/v2\/posts\/620\/revisions"}],"predecessor-version":[{"id":670,"href":"https:\/\/www.cvl-coutelier.be\/index.php\/wp-json\/wp\/v2\/posts\/620\/revisions\/670"}],"wp:featuredmedia":[{"embeddable":true,"href":"https:\/\/www.cvl-coutelier.be\/index.php\/wp-json\/wp\/v2\/media\/648"}],"wp:attachment":[{"href":"https:\/\/www.cvl-coutelier.be\/index.php\/wp-json\/wp\/v2\/media?parent=620"}],"wp:term":[{"taxonomy":"category","embeddable":true,"href":"https:\/\/www.cvl-coutelier.be\/index.php\/wp-json\/wp\/v2\/categories?post=620"},{"taxonomy":"post_tag","embeddable":true,"href":"https:\/\/www.cvl-coutelier.be\/index.php\/wp-json\/wp\/v2\/tags?post=620"}],"curies":[{"name":"wp","href":"https:\/\/api.w.org\/{rel}","templated":true}]}}