{"id":672,"date":"2020-07-29T12:11:22","date_gmt":"2020-07-29T10:11:22","guid":{"rendered":"http:\/\/www.cvl-coutelier.be\/?p=672"},"modified":"2020-07-30T15:03:45","modified_gmt":"2020-07-30T13:03:45","slug":"covid-19-stage-de-coutellerie-desire-marron","status":"publish","type":"post","link":"https:\/\/www.cvl-coutelier.be\/index.php\/2020\/07\/29\/covid-19-stage-de-coutellerie-desire-marron\/","title":{"rendered":"Covid -19 : Stage de coutellerie &#8211; D\u00e9sir\u00e9 Marron"},"content":{"rendered":"<p>Stage de coutellerie pour D\u00e9sir\u00e9 Marron. Probablement, \u00e0 ce jour, avec ses 65 ans, le stagiaire le plus \u00e2g\u00e9 qui est venu faire son couteau. D\u00e9sir\u00e9 a d\u00e9j\u00e0 une tr\u00e8s bonne exp\u00e9rience de la forge et de la fabrication de couteaux.<\/p>\n<p><img loading=\"lazy\" decoding=\"async\" data-attachment-id=\"673\" data-permalink=\"https:\/\/www.cvl-coutelier.be\/index.php\/2020\/07\/29\/covid-19-stage-de-coutellerie-desire-marron\/img_3957\/\" data-orig-file=\"https:\/\/www.cvl-coutelier.be\/wp-content\/uploads\/2020\/07\/IMG_3957.jpg\" data-orig-size=\"3024,4032\" data-comments-opened=\"1\" data-image-meta=\"{&quot;aperture&quot;:&quot;2.8&quot;,&quot;credit&quot;:&quot;&quot;,&quot;camera&quot;:&quot;iPhone 8 Plus&quot;,&quot;caption&quot;:&quot;&quot;,&quot;created_timestamp&quot;:&quot;1592044913&quot;,&quot;copyright&quot;:&quot;&quot;,&quot;focal_length&quot;:&quot;6.6&quot;,&quot;iso&quot;:&quot;125&quot;,&quot;shutter_speed&quot;:&quot;0.03030303030303&quot;,&quot;title&quot;:&quot;&quot;,&quot;orientation&quot;:&quot;1&quot;}\" data-image-title=\"IMG_3957\" data-image-description=\"\" data-image-caption=\"\" data-large-file=\"https:\/\/www.cvl-coutelier.be\/wp-content\/uploads\/2020\/07\/IMG_3957-768x1024.jpg\" class=\"aligncenter size-full wp-image-673\" src=\"http:\/\/www.cvl-coutelier.be\/wp-content\/uploads\/2020\/07\/IMG_3957.jpg\" alt=\"\" width=\"3024\" height=\"4032\" srcset=\"https:\/\/www.cvl-coutelier.be\/wp-content\/uploads\/2020\/07\/IMG_3957.jpg 3024w, https:\/\/www.cvl-coutelier.be\/wp-content\/uploads\/2020\/07\/IMG_3957-225x300.jpg 225w, https:\/\/www.cvl-coutelier.be\/wp-content\/uploads\/2020\/07\/IMG_3957-338x450.jpg 338w, https:\/\/www.cvl-coutelier.be\/wp-content\/uploads\/2020\/07\/IMG_3957-768x1024.jpg 768w\" sizes=\"auto, (max-width: 3024px) 100vw, 3024px\" \/><\/p>\n<p>Forge de la pointe. D\u00e9sir\u00e9 sait y faire&#8230;.<\/p>\n<p><img loading=\"lazy\" decoding=\"async\" data-attachment-id=\"674\" data-permalink=\"https:\/\/www.cvl-coutelier.be\/index.php\/2020\/07\/29\/covid-19-stage-de-coutellerie-desire-marron\/img_3942\/\" data-orig-file=\"https:\/\/www.cvl-coutelier.be\/wp-content\/uploads\/2020\/07\/IMG_3942-e1596013239890.jpg\" data-orig-size=\"3024,4032\" data-comments-opened=\"1\" data-image-meta=\"{&quot;aperture&quot;:&quot;1.8&quot;,&quot;credit&quot;:&quot;&quot;,&quot;camera&quot;:&quot;iPhone 8 Plus&quot;,&quot;caption&quot;:&quot;&quot;,&quot;created_timestamp&quot;:&quot;1592042655&quot;,&quot;copyright&quot;:&quot;&quot;,&quot;focal_length&quot;:&quot;3.99&quot;,&quot;iso&quot;:&quot;50&quot;,&quot;shutter_speed&quot;:&quot;0.066666666666667&quot;,&quot;title&quot;:&quot;&quot;,&quot;orientation&quot;:&quot;6&quot;}\" data-image-title=\"IMG_3942\" data-image-description=\"\" data-image-caption=\"\" data-large-file=\"https:\/\/www.cvl-coutelier.be\/wp-content\/uploads\/2020\/07\/IMG_3942-e1596013239890-768x1024.jpg\" class=\"aligncenter wp-image-674 size-full\" src=\"http:\/\/www.cvl-coutelier.be\/wp-content\/uploads\/2020\/07\/IMG_3942-e1596013239890.jpg\" alt=\"\" width=\"3024\" height=\"4032\" srcset=\"https:\/\/www.cvl-coutelier.be\/wp-content\/uploads\/2020\/07\/IMG_3942-e1596013239890.jpg 3024w, https:\/\/www.cvl-coutelier.be\/wp-content\/uploads\/2020\/07\/IMG_3942-e1596013239890-225x300.jpg 225w, https:\/\/www.cvl-coutelier.be\/wp-content\/uploads\/2020\/07\/IMG_3942-e1596013239890-338x450.jpg 338w, https:\/\/www.cvl-coutelier.be\/wp-content\/uploads\/2020\/07\/IMG_3942-e1596013239890-768x1024.jpg 768w, https:\/\/www.cvl-coutelier.be\/wp-content\/uploads\/2020\/07\/IMG_3942-e1596013239890-1152x1536.jpg 1152w, https:\/\/www.cvl-coutelier.be\/wp-content\/uploads\/2020\/07\/IMG_3942-e1596013239890-1536x2048.jpg 1536w\" sizes=\"auto, (max-width: 3024px) 100vw, 3024px\" \/><\/p>\n<p>La pointe prend forme&#8230;.<\/p>\n<p><img loading=\"lazy\" decoding=\"async\" data-attachment-id=\"675\" data-permalink=\"https:\/\/www.cvl-coutelier.be\/index.php\/2020\/07\/29\/covid-19-stage-de-coutellerie-desire-marron\/img_3945\/\" data-orig-file=\"https:\/\/www.cvl-coutelier.be\/wp-content\/uploads\/2020\/07\/IMG_3945-e1596013291311.jpg\" data-orig-size=\"3024,4032\" data-comments-opened=\"1\" data-image-meta=\"{&quot;aperture&quot;:&quot;1.8&quot;,&quot;credit&quot;:&quot;&quot;,&quot;camera&quot;:&quot;iPhone 8 Plus&quot;,&quot;caption&quot;:&quot;&quot;,&quot;created_timestamp&quot;:&quot;1592042918&quot;,&quot;copyright&quot;:&quot;&quot;,&quot;focal_length&quot;:&quot;3.99&quot;,&quot;iso&quot;:&quot;32&quot;,&quot;shutter_speed&quot;:&quot;0.01&quot;,&quot;title&quot;:&quot;&quot;,&quot;orientation&quot;:&quot;6&quot;}\" data-image-title=\"IMG_3945\" data-image-description=\"\" data-image-caption=\"\" data-large-file=\"https:\/\/www.cvl-coutelier.be\/wp-content\/uploads\/2020\/07\/IMG_3945-e1596013291311-768x1024.jpg\" class=\"aligncenter wp-image-675 size-full\" src=\"http:\/\/www.cvl-coutelier.be\/wp-content\/uploads\/2020\/07\/IMG_3945-e1596013291311.jpg\" alt=\"\" width=\"3024\" height=\"4032\" srcset=\"https:\/\/www.cvl-coutelier.be\/wp-content\/uploads\/2020\/07\/IMG_3945-e1596013291311.jpg 3024w, https:\/\/www.cvl-coutelier.be\/wp-content\/uploads\/2020\/07\/IMG_3945-e1596013291311-225x300.jpg 225w, https:\/\/www.cvl-coutelier.be\/wp-content\/uploads\/2020\/07\/IMG_3945-e1596013291311-338x450.jpg 338w, https:\/\/www.cvl-coutelier.be\/wp-content\/uploads\/2020\/07\/IMG_3945-e1596013291311-768x1024.jpg 768w, https:\/\/www.cvl-coutelier.be\/wp-content\/uploads\/2020\/07\/IMG_3945-e1596013291311-1152x1536.jpg 1152w, https:\/\/www.cvl-coutelier.be\/wp-content\/uploads\/2020\/07\/IMG_3945-e1596013291311-1536x2048.jpg 1536w\" sizes=\"auto, (max-width: 3024px) 100vw, 3024px\" \/><\/p>\n<p>Pointe forg\u00e9e et lame redress\u00e9e&#8230;<\/p>\n<p><img loading=\"lazy\" decoding=\"async\" data-attachment-id=\"676\" data-permalink=\"https:\/\/www.cvl-coutelier.be\/index.php\/2020\/07\/29\/covid-19-stage-de-coutellerie-desire-marron\/img_3955\/\" data-orig-file=\"https:\/\/www.cvl-coutelier.be\/wp-content\/uploads\/2020\/07\/IMG_3955-e1596114653360.jpg\" data-orig-size=\"4032,3024\" data-comments-opened=\"1\" data-image-meta=\"{&quot;aperture&quot;:&quot;1.8&quot;,&quot;credit&quot;:&quot;&quot;,&quot;camera&quot;:&quot;iPhone 8 Plus&quot;,&quot;caption&quot;:&quot;&quot;,&quot;created_timestamp&quot;:&quot;1592043897&quot;,&quot;copyright&quot;:&quot;&quot;,&quot;focal_length&quot;:&quot;3.99&quot;,&quot;iso&quot;:&quot;80&quot;,&quot;shutter_speed&quot;:&quot;0.02&quot;,&quot;title&quot;:&quot;&quot;,&quot;orientation&quot;:&quot;6&quot;}\" data-image-title=\"IMG_3955\" data-image-description=\"\" data-image-caption=\"\" data-large-file=\"https:\/\/www.cvl-coutelier.be\/wp-content\/uploads\/2020\/07\/IMG_3955-e1596114653360-1024x768.jpg\" class=\"aligncenter size-full wp-image-676\" src=\"http:\/\/www.cvl-coutelier.be\/wp-content\/uploads\/2020\/07\/IMG_3955-e1596114108539.jpg\" alt=\"\" width=\"4032\" height=\"3024\" \/><\/p>\n<p>&nbsp;<\/p>\n<p>Apr\u00e8s le recuit de la lame dans la vermiculite, l&rsquo;\u00e9mouture est faite au backstand.<\/p>\n<p><img loading=\"lazy\" decoding=\"async\" data-attachment-id=\"679\" data-permalink=\"https:\/\/www.cvl-coutelier.be\/index.php\/2020\/07\/29\/covid-19-stage-de-coutellerie-desire-marron\/img_3978\/\" data-orig-file=\"https:\/\/www.cvl-coutelier.be\/wp-content\/uploads\/2020\/07\/IMG_3978.jpg\" data-orig-size=\"3024,4032\" data-comments-opened=\"1\" data-image-meta=\"{&quot;aperture&quot;:&quot;2.8&quot;,&quot;credit&quot;:&quot;&quot;,&quot;camera&quot;:&quot;iPhone 8 Plus&quot;,&quot;caption&quot;:&quot;&quot;,&quot;created_timestamp&quot;:&quot;1592057661&quot;,&quot;copyright&quot;:&quot;&quot;,&quot;focal_length&quot;:&quot;6.6&quot;,&quot;iso&quot;:&quot;160&quot;,&quot;shutter_speed&quot;:&quot;0.03030303030303&quot;,&quot;title&quot;:&quot;&quot;,&quot;orientation&quot;:&quot;1&quot;}\" data-image-title=\"IMG_3978\" data-image-description=\"\" data-image-caption=\"\" data-large-file=\"https:\/\/www.cvl-coutelier.be\/wp-content\/uploads\/2020\/07\/IMG_3978-768x1024.jpg\" class=\"aligncenter size-full wp-image-679\" src=\"http:\/\/www.cvl-coutelier.be\/wp-content\/uploads\/2020\/07\/IMG_3978.jpg\" alt=\"\" width=\"3024\" height=\"4032\" srcset=\"https:\/\/www.cvl-coutelier.be\/wp-content\/uploads\/2020\/07\/IMG_3978.jpg 3024w, https:\/\/www.cvl-coutelier.be\/wp-content\/uploads\/2020\/07\/IMG_3978-225x300.jpg 225w, https:\/\/www.cvl-coutelier.be\/wp-content\/uploads\/2020\/07\/IMG_3978-338x450.jpg 338w, https:\/\/www.cvl-coutelier.be\/wp-content\/uploads\/2020\/07\/IMG_3978-768x1024.jpg 768w\" sizes=\"auto, (max-width: 3024px) 100vw, 3024px\" \/><\/p>\n<p>&nbsp;<\/p>\n<p>Puis finition de la lame \u00e0 la main avant trempe.<\/p>\n<p><img loading=\"lazy\" decoding=\"async\" data-attachment-id=\"680\" data-permalink=\"https:\/\/www.cvl-coutelier.be\/index.php\/2020\/07\/29\/covid-19-stage-de-coutellerie-desire-marron\/img_3982\/\" data-orig-file=\"https:\/\/www.cvl-coutelier.be\/wp-content\/uploads\/2020\/07\/IMG_3982.jpg\" data-orig-size=\"3024,4032\" data-comments-opened=\"1\" data-image-meta=\"{&quot;aperture&quot;:&quot;2.8&quot;,&quot;credit&quot;:&quot;&quot;,&quot;camera&quot;:&quot;iPhone 8 Plus&quot;,&quot;caption&quot;:&quot;&quot;,&quot;created_timestamp&quot;:&quot;1592062281&quot;,&quot;copyright&quot;:&quot;&quot;,&quot;focal_length&quot;:&quot;6.6&quot;,&quot;iso&quot;:&quot;25&quot;,&quot;shutter_speed&quot;:&quot;0.02&quot;,&quot;title&quot;:&quot;&quot;,&quot;orientation&quot;:&quot;1&quot;}\" data-image-title=\"IMG_3982\" data-image-description=\"\" data-image-caption=\"\" data-large-file=\"https:\/\/www.cvl-coutelier.be\/wp-content\/uploads\/2020\/07\/IMG_3982-768x1024.jpg\" class=\"aligncenter size-full wp-image-680\" src=\"http:\/\/www.cvl-coutelier.be\/wp-content\/uploads\/2020\/07\/IMG_3982.jpg\" alt=\"\" width=\"3024\" height=\"4032\" srcset=\"https:\/\/www.cvl-coutelier.be\/wp-content\/uploads\/2020\/07\/IMG_3982.jpg 3024w, https:\/\/www.cvl-coutelier.be\/wp-content\/uploads\/2020\/07\/IMG_3982-225x300.jpg 225w, https:\/\/www.cvl-coutelier.be\/wp-content\/uploads\/2020\/07\/IMG_3982-338x450.jpg 338w, https:\/\/www.cvl-coutelier.be\/wp-content\/uploads\/2020\/07\/IMG_3982-768x1024.jpg 768w\" sizes=\"auto, (max-width: 3024px) 100vw, 3024px\" \/><\/p>\n<p>et encore poncer&#8230;. du 180 au 800, en changeant de direction \u00e0 chaque changement de grain.<\/p>\n<p><img loading=\"lazy\" decoding=\"async\" data-attachment-id=\"681\" data-permalink=\"https:\/\/www.cvl-coutelier.be\/index.php\/2020\/07\/29\/covid-19-stage-de-coutellerie-desire-marron\/img_3986\/\" data-orig-file=\"https:\/\/www.cvl-coutelier.be\/wp-content\/uploads\/2020\/07\/IMG_3986.jpg\" data-orig-size=\"4032,3024\" data-comments-opened=\"1\" data-image-meta=\"{&quot;aperture&quot;:&quot;1.8&quot;,&quot;credit&quot;:&quot;&quot;,&quot;camera&quot;:&quot;iPhone 8 Plus&quot;,&quot;caption&quot;:&quot;&quot;,&quot;created_timestamp&quot;:&quot;1592062347&quot;,&quot;copyright&quot;:&quot;&quot;,&quot;focal_length&quot;:&quot;3.99&quot;,&quot;iso&quot;:&quot;20&quot;,&quot;shutter_speed&quot;:&quot;0.0086206896551724&quot;,&quot;title&quot;:&quot;&quot;,&quot;orientation&quot;:&quot;6&quot;}\" data-image-title=\"IMG_3986\" data-image-description=\"\" data-image-caption=\"\" data-large-file=\"https:\/\/www.cvl-coutelier.be\/wp-content\/uploads\/2020\/07\/IMG_3986-1024x768.jpg\" class=\"aligncenter size-full wp-image-681\" src=\"http:\/\/www.cvl-coutelier.be\/wp-content\/uploads\/2020\/07\/IMG_3986.jpg\" alt=\"\" width=\"4032\" height=\"3024\" srcset=\"https:\/\/www.cvl-coutelier.be\/wp-content\/uploads\/2020\/07\/IMG_3986.jpg 4032w, https:\/\/www.cvl-coutelier.be\/wp-content\/uploads\/2020\/07\/IMG_3986-300x225.jpg 300w, https:\/\/www.cvl-coutelier.be\/wp-content\/uploads\/2020\/07\/IMG_3986-450x338.jpg 450w, https:\/\/www.cvl-coutelier.be\/wp-content\/uploads\/2020\/07\/IMG_3986-768x576.jpg 768w, https:\/\/www.cvl-coutelier.be\/wp-content\/uploads\/2020\/07\/IMG_3986-1024x768.jpg 1024w\" sizes=\"auto, (max-width: 4032px) 100vw, 4032px\" \/><\/p>\n<p>&nbsp;<\/p>\n<p>Tr\u00e8s belle ligne de la lame<\/p>\n<p><img loading=\"lazy\" decoding=\"async\" data-attachment-id=\"682\" data-permalink=\"https:\/\/www.cvl-coutelier.be\/index.php\/2020\/07\/29\/covid-19-stage-de-coutellerie-desire-marron\/img_3990\/\" data-orig-file=\"https:\/\/www.cvl-coutelier.be\/wp-content\/uploads\/2020\/07\/IMG_3990.jpg\" data-orig-size=\"3024,4032\" data-comments-opened=\"1\" data-image-meta=\"{&quot;aperture&quot;:&quot;2.8&quot;,&quot;credit&quot;:&quot;&quot;,&quot;camera&quot;:&quot;iPhone 8 Plus&quot;,&quot;caption&quot;:&quot;&quot;,&quot;created_timestamp&quot;:&quot;1592065431&quot;,&quot;copyright&quot;:&quot;&quot;,&quot;focal_length&quot;:&quot;6.6&quot;,&quot;iso&quot;:&quot;20&quot;,&quot;shutter_speed&quot;:&quot;0.02&quot;,&quot;title&quot;:&quot;&quot;,&quot;orientation&quot;:&quot;1&quot;}\" data-image-title=\"IMG_3990\" data-image-description=\"\" data-image-caption=\"\" data-large-file=\"https:\/\/www.cvl-coutelier.be\/wp-content\/uploads\/2020\/07\/IMG_3990-768x1024.jpg\" class=\"aligncenter size-full wp-image-682\" src=\"http:\/\/www.cvl-coutelier.be\/wp-content\/uploads\/2020\/07\/IMG_3990.jpg\" alt=\"\" width=\"3024\" height=\"4032\" srcset=\"https:\/\/www.cvl-coutelier.be\/wp-content\/uploads\/2020\/07\/IMG_3990.jpg 3024w, https:\/\/www.cvl-coutelier.be\/wp-content\/uploads\/2020\/07\/IMG_3990-225x300.jpg 225w, https:\/\/www.cvl-coutelier.be\/wp-content\/uploads\/2020\/07\/IMG_3990-338x450.jpg 338w, https:\/\/www.cvl-coutelier.be\/wp-content\/uploads\/2020\/07\/IMG_3990-768x1024.jpg 768w\" sizes=\"auto, (max-width: 3024px) 100vw, 3024px\" \/><\/p>\n<p>&nbsp;<\/p>\n<p>V\u00e9rifier si la lame est bien droite &#8230;.<br \/>\n<img loading=\"lazy\" decoding=\"async\" data-attachment-id=\"685\" data-permalink=\"https:\/\/www.cvl-coutelier.be\/index.php\/2020\/07\/29\/covid-19-stage-de-coutellerie-desire-marron\/img_3993\/\" data-orig-file=\"https:\/\/www.cvl-coutelier.be\/wp-content\/uploads\/2020\/07\/IMG_3993.jpg\" data-orig-size=\"3024,4032\" data-comments-opened=\"1\" data-image-meta=\"{&quot;aperture&quot;:&quot;2.8&quot;,&quot;credit&quot;:&quot;&quot;,&quot;camera&quot;:&quot;iPhone 8 Plus&quot;,&quot;caption&quot;:&quot;&quot;,&quot;created_timestamp&quot;:&quot;1592065438&quot;,&quot;copyright&quot;:&quot;&quot;,&quot;focal_length&quot;:&quot;6.6&quot;,&quot;iso&quot;:&quot;25&quot;,&quot;shutter_speed&quot;:&quot;0.02&quot;,&quot;title&quot;:&quot;&quot;,&quot;orientation&quot;:&quot;1&quot;}\" data-image-title=\"IMG_3993\" data-image-description=\"\" data-image-caption=\"\" data-large-file=\"https:\/\/www.cvl-coutelier.be\/wp-content\/uploads\/2020\/07\/IMG_3993-768x1024.jpg\" class=\"aligncenter size-full wp-image-685\" src=\"http:\/\/www.cvl-coutelier.be\/wp-content\/uploads\/2020\/07\/IMG_3993.jpg\" alt=\"\" width=\"3024\" height=\"4032\" srcset=\"https:\/\/www.cvl-coutelier.be\/wp-content\/uploads\/2020\/07\/IMG_3993.jpg 3024w, https:\/\/www.cvl-coutelier.be\/wp-content\/uploads\/2020\/07\/IMG_3993-225x300.jpg 225w, https:\/\/www.cvl-coutelier.be\/wp-content\/uploads\/2020\/07\/IMG_3993-338x450.jpg 338w, https:\/\/www.cvl-coutelier.be\/wp-content\/uploads\/2020\/07\/IMG_3993-768x1024.jpg 768w\" sizes=\"auto, (max-width: 3024px) 100vw, 3024px\" \/><\/p>\n<p>&nbsp;<\/p>\n<p>Bonne prise en main !<\/p>\n<p><img loading=\"lazy\" decoding=\"async\" data-attachment-id=\"686\" data-permalink=\"https:\/\/www.cvl-coutelier.be\/index.php\/2020\/07\/29\/covid-19-stage-de-coutellerie-desire-marron\/img_3996\/\" data-orig-file=\"https:\/\/www.cvl-coutelier.be\/wp-content\/uploads\/2020\/07\/IMG_3996.jpg\" data-orig-size=\"3024,4032\" data-comments-opened=\"1\" data-image-meta=\"{&quot;aperture&quot;:&quot;2.8&quot;,&quot;credit&quot;:&quot;&quot;,&quot;camera&quot;:&quot;iPhone 8 Plus&quot;,&quot;caption&quot;:&quot;&quot;,&quot;created_timestamp&quot;:&quot;1592065454&quot;,&quot;copyright&quot;:&quot;&quot;,&quot;focal_length&quot;:&quot;6.6&quot;,&quot;iso&quot;:&quot;20&quot;,&quot;shutter_speed&quot;:&quot;0.02&quot;,&quot;title&quot;:&quot;&quot;,&quot;orientation&quot;:&quot;1&quot;}\" data-image-title=\"IMG_3996\" data-image-description=\"\" data-image-caption=\"\" data-large-file=\"https:\/\/www.cvl-coutelier.be\/wp-content\/uploads\/2020\/07\/IMG_3996-768x1024.jpg\" class=\"aligncenter size-full wp-image-686\" src=\"http:\/\/www.cvl-coutelier.be\/wp-content\/uploads\/2020\/07\/IMG_3996.jpg\" alt=\"\" width=\"3024\" height=\"4032\" srcset=\"https:\/\/www.cvl-coutelier.be\/wp-content\/uploads\/2020\/07\/IMG_3996.jpg 3024w, https:\/\/www.cvl-coutelier.be\/wp-content\/uploads\/2020\/07\/IMG_3996-225x300.jpg 225w, https:\/\/www.cvl-coutelier.be\/wp-content\/uploads\/2020\/07\/IMG_3996-338x450.jpg 338w, https:\/\/www.cvl-coutelier.be\/wp-content\/uploads\/2020\/07\/IMG_3996-768x1024.jpg 768w\" sizes=\"auto, (max-width: 3024px) 100vw, 3024px\" \/><\/p>\n<p>&nbsp;<\/p>\n<p>La lame part dans le four pour la trempe.<br \/>\n<img loading=\"lazy\" decoding=\"async\" data-attachment-id=\"687\" data-permalink=\"https:\/\/www.cvl-coutelier.be\/index.php\/2020\/07\/29\/covid-19-stage-de-coutellerie-desire-marron\/img_3998\/\" data-orig-file=\"https:\/\/www.cvl-coutelier.be\/wp-content\/uploads\/2020\/07\/IMG_3998.jpg\" data-orig-size=\"4032,3024\" data-comments-opened=\"1\" data-image-meta=\"{&quot;aperture&quot;:&quot;1.8&quot;,&quot;credit&quot;:&quot;&quot;,&quot;camera&quot;:&quot;iPhone 8 Plus&quot;,&quot;caption&quot;:&quot;&quot;,&quot;created_timestamp&quot;:&quot;1592066162&quot;,&quot;copyright&quot;:&quot;&quot;,&quot;focal_length&quot;:&quot;3.99&quot;,&quot;iso&quot;:&quot;40&quot;,&quot;shutter_speed&quot;:&quot;0.03030303030303&quot;,&quot;title&quot;:&quot;&quot;,&quot;orientation&quot;:&quot;1&quot;}\" data-image-title=\"IMG_3998\" data-image-description=\"\" data-image-caption=\"\" data-large-file=\"https:\/\/www.cvl-coutelier.be\/wp-content\/uploads\/2020\/07\/IMG_3998-1024x768.jpg\" class=\"aligncenter size-full wp-image-687\" src=\"http:\/\/www.cvl-coutelier.be\/wp-content\/uploads\/2020\/07\/IMG_3998.jpg\" alt=\"\" width=\"4032\" height=\"3024\" srcset=\"https:\/\/www.cvl-coutelier.be\/wp-content\/uploads\/2020\/07\/IMG_3998.jpg 4032w, https:\/\/www.cvl-coutelier.be\/wp-content\/uploads\/2020\/07\/IMG_3998-300x225.jpg 300w, https:\/\/www.cvl-coutelier.be\/wp-content\/uploads\/2020\/07\/IMG_3998-450x338.jpg 450w, https:\/\/www.cvl-coutelier.be\/wp-content\/uploads\/2020\/07\/IMG_3998-768x576.jpg 768w, https:\/\/www.cvl-coutelier.be\/wp-content\/uploads\/2020\/07\/IMG_3998-1024x768.jpg 1024w\" sizes=\"auto, (max-width: 4032px) 100vw, 4032px\" \/><\/p>\n<p>Trempe \u00e0 l&rsquo;huile<\/p>\n<p>&nbsp;<\/p>\n<p><img loading=\"lazy\" decoding=\"async\" data-attachment-id=\"688\" data-permalink=\"https:\/\/www.cvl-coutelier.be\/index.php\/2020\/07\/29\/covid-19-stage-de-coutellerie-desire-marron\/img_4007\/\" data-orig-file=\"https:\/\/www.cvl-coutelier.be\/wp-content\/uploads\/2020\/07\/IMG_4007-e1596012935720.jpg\" data-orig-size=\"3024,4032\" data-comments-opened=\"1\" data-image-meta=\"{&quot;aperture&quot;:&quot;1.8&quot;,&quot;credit&quot;:&quot;&quot;,&quot;camera&quot;:&quot;iPhone 8 Plus&quot;,&quot;caption&quot;:&quot;&quot;,&quot;created_timestamp&quot;:&quot;1592066559&quot;,&quot;copyright&quot;:&quot;&quot;,&quot;focal_length&quot;:&quot;3.99&quot;,&quot;iso&quot;:&quot;100&quot;,&quot;shutter_speed&quot;:&quot;0.02&quot;,&quot;title&quot;:&quot;&quot;,&quot;orientation&quot;:&quot;6&quot;}\" data-image-title=\"IMG_4007\" data-image-description=\"\" data-image-caption=\"\" data-large-file=\"https:\/\/www.cvl-coutelier.be\/wp-content\/uploads\/2020\/07\/IMG_4007-e1596012935720-768x1024.jpg\" class=\"aligncenter size-full wp-image-688\" src=\"http:\/\/www.cvl-coutelier.be\/wp-content\/uploads\/2020\/07\/IMG_4007.jpg\" alt=\"\" width=\"4032\" height=\"3024\" \/><\/p>\n<p>&nbsp;<\/p>\n<p>Apr\u00e8s la trempe, le revenu de d\u00e9tente pendant deux heures.<\/p>\n<p><img loading=\"lazy\" decoding=\"async\" data-attachment-id=\"690\" data-permalink=\"https:\/\/www.cvl-coutelier.be\/index.php\/2020\/07\/29\/covid-19-stage-de-coutellerie-desire-marron\/img_4011\/\" data-orig-file=\"https:\/\/www.cvl-coutelier.be\/wp-content\/uploads\/2020\/07\/IMG_4011.jpg\" data-orig-size=\"4032,3024\" data-comments-opened=\"1\" data-image-meta=\"{&quot;aperture&quot;:&quot;1.8&quot;,&quot;credit&quot;:&quot;&quot;,&quot;camera&quot;:&quot;iPhone 8 Plus&quot;,&quot;caption&quot;:&quot;&quot;,&quot;created_timestamp&quot;:&quot;1592067259&quot;,&quot;copyright&quot;:&quot;&quot;,&quot;focal_length&quot;:&quot;3.99&quot;,&quot;iso&quot;:&quot;20&quot;,&quot;shutter_speed&quot;:&quot;0.0031446540880503&quot;,&quot;title&quot;:&quot;&quot;,&quot;orientation&quot;:&quot;6&quot;}\" data-image-title=\"IMG_4011\" data-image-description=\"\" data-image-caption=\"\" data-large-file=\"https:\/\/www.cvl-coutelier.be\/wp-content\/uploads\/2020\/07\/IMG_4011-1024x768.jpg\" class=\"aligncenter size-full wp-image-690\" src=\"http:\/\/www.cvl-coutelier.be\/wp-content\/uploads\/2020\/07\/IMG_4011.jpg\" alt=\"\" width=\"4032\" height=\"3024\" srcset=\"https:\/\/www.cvl-coutelier.be\/wp-content\/uploads\/2020\/07\/IMG_4011.jpg 4032w, https:\/\/www.cvl-coutelier.be\/wp-content\/uploads\/2020\/07\/IMG_4011-300x225.jpg 300w, https:\/\/www.cvl-coutelier.be\/wp-content\/uploads\/2020\/07\/IMG_4011-450x338.jpg 450w, https:\/\/www.cvl-coutelier.be\/wp-content\/uploads\/2020\/07\/IMG_4011-768x576.jpg 768w, https:\/\/www.cvl-coutelier.be\/wp-content\/uploads\/2020\/07\/IMG_4011-1024x768.jpg 1024w\" sizes=\"auto, (max-width: 4032px) 100vw, 4032px\" \/><\/p>\n<p>Nettoyage de la lame, poncer, encore poncer et encore poncer<\/p>\n<p><img loading=\"lazy\" decoding=\"async\" data-attachment-id=\"691\" data-permalink=\"https:\/\/www.cvl-coutelier.be\/index.php\/2020\/07\/29\/covid-19-stage-de-coutellerie-desire-marron\/img_4024\/\" data-orig-file=\"https:\/\/www.cvl-coutelier.be\/wp-content\/uploads\/2020\/07\/IMG_4024.jpg\" data-orig-size=\"3024,4032\" data-comments-opened=\"1\" data-image-meta=\"{&quot;aperture&quot;:&quot;2.8&quot;,&quot;credit&quot;:&quot;&quot;,&quot;camera&quot;:&quot;iPhone 8 Plus&quot;,&quot;caption&quot;:&quot;&quot;,&quot;created_timestamp&quot;:&quot;1592131541&quot;,&quot;copyright&quot;:&quot;&quot;,&quot;focal_length&quot;:&quot;6.6&quot;,&quot;iso&quot;:&quot;40&quot;,&quot;shutter_speed&quot;:&quot;0.03030303030303&quot;,&quot;title&quot;:&quot;&quot;,&quot;orientation&quot;:&quot;0&quot;}\" data-image-title=\"IMG_4024\" data-image-description=\"\" data-image-caption=\"\" data-large-file=\"https:\/\/www.cvl-coutelier.be\/wp-content\/uploads\/2020\/07\/IMG_4024-768x1024.jpg\" class=\"aligncenter size-full wp-image-691\" src=\"http:\/\/www.cvl-coutelier.be\/wp-content\/uploads\/2020\/07\/IMG_4024.jpg\" alt=\"\" width=\"3024\" height=\"4032\" srcset=\"https:\/\/www.cvl-coutelier.be\/wp-content\/uploads\/2020\/07\/IMG_4024.jpg 3024w, https:\/\/www.cvl-coutelier.be\/wp-content\/uploads\/2020\/07\/IMG_4024-225x300.jpg 225w, https:\/\/www.cvl-coutelier.be\/wp-content\/uploads\/2020\/07\/IMG_4024-338x450.jpg 338w, https:\/\/www.cvl-coutelier.be\/wp-content\/uploads\/2020\/07\/IMG_4024-768x1024.jpg 768w\" sizes=\"auto, (max-width: 3024px) 100vw, 3024px\" \/><\/p>\n<p>&nbsp;<\/p>\n<p>Pr\u00e9paration des plaquettes pour le manche. H\u00eatre \u00e9chauff\u00e9 stabilis\u00e9 coll\u00e9 sur intercalaire noir.<\/p>\n<p><img loading=\"lazy\" decoding=\"async\" data-attachment-id=\"692\" data-permalink=\"https:\/\/www.cvl-coutelier.be\/index.php\/2020\/07\/29\/covid-19-stage-de-coutellerie-desire-marron\/img_4031\/\" data-orig-file=\"https:\/\/www.cvl-coutelier.be\/wp-content\/uploads\/2020\/07\/IMG_4031.jpg\" data-orig-size=\"4032,3024\" data-comments-opened=\"1\" data-image-meta=\"{&quot;aperture&quot;:&quot;1.8&quot;,&quot;credit&quot;:&quot;&quot;,&quot;camera&quot;:&quot;iPhone 8 Plus&quot;,&quot;caption&quot;:&quot;&quot;,&quot;created_timestamp&quot;:&quot;1592135922&quot;,&quot;copyright&quot;:&quot;&quot;,&quot;focal_length&quot;:&quot;3.99&quot;,&quot;iso&quot;:&quot;40&quot;,&quot;shutter_speed&quot;:&quot;0.05&quot;,&quot;title&quot;:&quot;&quot;,&quot;orientation&quot;:&quot;6&quot;}\" data-image-title=\"IMG_4031\" data-image-description=\"\" data-image-caption=\"\" data-large-file=\"https:\/\/www.cvl-coutelier.be\/wp-content\/uploads\/2020\/07\/IMG_4031-1024x768.jpg\" class=\"aligncenter size-full wp-image-692\" src=\"http:\/\/www.cvl-coutelier.be\/wp-content\/uploads\/2020\/07\/IMG_4031.jpg\" alt=\"\" width=\"4032\" height=\"3024\" srcset=\"https:\/\/www.cvl-coutelier.be\/wp-content\/uploads\/2020\/07\/IMG_4031.jpg 4032w, https:\/\/www.cvl-coutelier.be\/wp-content\/uploads\/2020\/07\/IMG_4031-300x225.jpg 300w, https:\/\/www.cvl-coutelier.be\/wp-content\/uploads\/2020\/07\/IMG_4031-450x338.jpg 450w, https:\/\/www.cvl-coutelier.be\/wp-content\/uploads\/2020\/07\/IMG_4031-768x576.jpg 768w, https:\/\/www.cvl-coutelier.be\/wp-content\/uploads\/2020\/07\/IMG_4031-1024x768.jpg 1024w\" sizes=\"auto, (max-width: 4032px) 100vw, 4032px\" \/><\/p>\n<p>&nbsp;<\/p>\n<p>Mise en forme et polissage de l&rsquo;avant des plaquettes. Apr\u00e8s collage on y aura plus acc\u00e8s.<\/p>\n<p><img loading=\"lazy\" decoding=\"async\" data-attachment-id=\"693\" data-permalink=\"https:\/\/www.cvl-coutelier.be\/index.php\/2020\/07\/29\/covid-19-stage-de-coutellerie-desire-marron\/img_4033\/\" data-orig-file=\"https:\/\/www.cvl-coutelier.be\/wp-content\/uploads\/2020\/07\/IMG_4033.jpg\" data-orig-size=\"4032,3024\" data-comments-opened=\"1\" data-image-meta=\"{&quot;aperture&quot;:&quot;1.8&quot;,&quot;credit&quot;:&quot;&quot;,&quot;camera&quot;:&quot;iPhone 8 Plus&quot;,&quot;caption&quot;:&quot;&quot;,&quot;created_timestamp&quot;:&quot;1592137459&quot;,&quot;copyright&quot;:&quot;&quot;,&quot;focal_length&quot;:&quot;3.99&quot;,&quot;iso&quot;:&quot;20&quot;,&quot;shutter_speed&quot;:&quot;0.0028985507246377&quot;,&quot;title&quot;:&quot;&quot;,&quot;orientation&quot;:&quot;6&quot;}\" data-image-title=\"IMG_4033\" data-image-description=\"\" data-image-caption=\"\" data-large-file=\"https:\/\/www.cvl-coutelier.be\/wp-content\/uploads\/2020\/07\/IMG_4033-1024x768.jpg\" class=\"aligncenter size-full wp-image-693\" src=\"http:\/\/www.cvl-coutelier.be\/wp-content\/uploads\/2020\/07\/IMG_4033.jpg\" alt=\"\" width=\"4032\" height=\"3024\" srcset=\"https:\/\/www.cvl-coutelier.be\/wp-content\/uploads\/2020\/07\/IMG_4033.jpg 4032w, https:\/\/www.cvl-coutelier.be\/wp-content\/uploads\/2020\/07\/IMG_4033-300x225.jpg 300w, https:\/\/www.cvl-coutelier.be\/wp-content\/uploads\/2020\/07\/IMG_4033-450x338.jpg 450w, https:\/\/www.cvl-coutelier.be\/wp-content\/uploads\/2020\/07\/IMG_4033-768x576.jpg 768w, https:\/\/www.cvl-coutelier.be\/wp-content\/uploads\/2020\/07\/IMG_4033-1024x768.jpg 1024w\" sizes=\"auto, (max-width: 4032px) 100vw, 4032px\" \/><\/p>\n<p>&nbsp;<\/p>\n<p>D\u00e9sir\u00e9 est tr\u00e8s m\u00e9ticuleux et tr\u00e8s concentr\u00e9.<\/p>\n<p><img loading=\"lazy\" decoding=\"async\" data-attachment-id=\"694\" data-permalink=\"https:\/\/www.cvl-coutelier.be\/index.php\/2020\/07\/29\/covid-19-stage-de-coutellerie-desire-marron\/img_4035\/\" data-orig-file=\"https:\/\/www.cvl-coutelier.be\/wp-content\/uploads\/2020\/07\/IMG_4035.jpg\" data-orig-size=\"3024,4032\" data-comments-opened=\"1\" data-image-meta=\"{&quot;aperture&quot;:&quot;2.8&quot;,&quot;credit&quot;:&quot;&quot;,&quot;camera&quot;:&quot;iPhone 8 Plus&quot;,&quot;caption&quot;:&quot;&quot;,&quot;created_timestamp&quot;:&quot;1592137483&quot;,&quot;copyright&quot;:&quot;&quot;,&quot;focal_length&quot;:&quot;6.6&quot;,&quot;iso&quot;:&quot;20&quot;,&quot;shutter_speed&quot;:&quot;0.033333333333333&quot;,&quot;title&quot;:&quot;&quot;,&quot;orientation&quot;:&quot;1&quot;}\" data-image-title=\"IMG_4035\" data-image-description=\"\" data-image-caption=\"\" data-large-file=\"https:\/\/www.cvl-coutelier.be\/wp-content\/uploads\/2020\/07\/IMG_4035-768x1024.jpg\" class=\"aligncenter size-full wp-image-694\" src=\"http:\/\/www.cvl-coutelier.be\/wp-content\/uploads\/2020\/07\/IMG_4035.jpg\" alt=\"\" width=\"3024\" height=\"4032\" srcset=\"https:\/\/www.cvl-coutelier.be\/wp-content\/uploads\/2020\/07\/IMG_4035.jpg 3024w, https:\/\/www.cvl-coutelier.be\/wp-content\/uploads\/2020\/07\/IMG_4035-225x300.jpg 225w, https:\/\/www.cvl-coutelier.be\/wp-content\/uploads\/2020\/07\/IMG_4035-338x450.jpg 338w, https:\/\/www.cvl-coutelier.be\/wp-content\/uploads\/2020\/07\/IMG_4035-768x1024.jpg 768w\" sizes=\"auto, (max-width: 3024px) 100vw, 3024px\" \/><\/p>\n<p>Mise en forme du manche.<\/p>\n<p>&nbsp;<\/p>\n<p><img loading=\"lazy\" decoding=\"async\" data-attachment-id=\"695\" data-permalink=\"https:\/\/www.cvl-coutelier.be\/index.php\/2020\/07\/29\/covid-19-stage-de-coutellerie-desire-marron\/img_4040\/\" data-orig-file=\"https:\/\/www.cvl-coutelier.be\/wp-content\/uploads\/2020\/07\/IMG_4040.jpg\" data-orig-size=\"4032,3024\" data-comments-opened=\"1\" data-image-meta=\"{&quot;aperture&quot;:&quot;1.8&quot;,&quot;credit&quot;:&quot;&quot;,&quot;camera&quot;:&quot;iPhone 8 Plus&quot;,&quot;caption&quot;:&quot;&quot;,&quot;created_timestamp&quot;:&quot;1592147141&quot;,&quot;copyright&quot;:&quot;&quot;,&quot;focal_length&quot;:&quot;3.99&quot;,&quot;iso&quot;:&quot;20&quot;,&quot;shutter_speed&quot;:&quot;0.0062111801242236&quot;,&quot;title&quot;:&quot;&quot;,&quot;orientation&quot;:&quot;6&quot;}\" data-image-title=\"IMG_4040\" data-image-description=\"\" data-image-caption=\"\" data-large-file=\"https:\/\/www.cvl-coutelier.be\/wp-content\/uploads\/2020\/07\/IMG_4040-1024x768.jpg\" class=\"aligncenter size-full wp-image-695\" src=\"http:\/\/www.cvl-coutelier.be\/wp-content\/uploads\/2020\/07\/IMG_4040.jpg\" alt=\"\" width=\"4032\" height=\"3024\" srcset=\"https:\/\/www.cvl-coutelier.be\/wp-content\/uploads\/2020\/07\/IMG_4040.jpg 4032w, https:\/\/www.cvl-coutelier.be\/wp-content\/uploads\/2020\/07\/IMG_4040-300x225.jpg 300w, https:\/\/www.cvl-coutelier.be\/wp-content\/uploads\/2020\/07\/IMG_4040-450x338.jpg 450w, https:\/\/www.cvl-coutelier.be\/wp-content\/uploads\/2020\/07\/IMG_4040-768x576.jpg 768w, https:\/\/www.cvl-coutelier.be\/wp-content\/uploads\/2020\/07\/IMG_4040-1024x768.jpg 1024w\" sizes=\"auto, (max-width: 4032px) 100vw, 4032px\" \/><\/p>\n<p>&nbsp;<\/p>\n<p>en encore poncer&#8230;<\/p>\n<p><img loading=\"lazy\" decoding=\"async\" data-attachment-id=\"696\" data-permalink=\"https:\/\/www.cvl-coutelier.be\/index.php\/2020\/07\/29\/covid-19-stage-de-coutellerie-desire-marron\/img_4041\/\" data-orig-file=\"https:\/\/www.cvl-coutelier.be\/wp-content\/uploads\/2020\/07\/IMG_4041.jpg\" data-orig-size=\"3024,4032\" data-comments-opened=\"1\" data-image-meta=\"{&quot;aperture&quot;:&quot;2.8&quot;,&quot;credit&quot;:&quot;&quot;,&quot;camera&quot;:&quot;iPhone 8 Plus&quot;,&quot;caption&quot;:&quot;&quot;,&quot;created_timestamp&quot;:&quot;1592147149&quot;,&quot;copyright&quot;:&quot;&quot;,&quot;focal_length&quot;:&quot;6.6&quot;,&quot;iso&quot;:&quot;25&quot;,&quot;shutter_speed&quot;:&quot;0.016666666666667&quot;,&quot;title&quot;:&quot;&quot;,&quot;orientation&quot;:&quot;1&quot;}\" data-image-title=\"IMG_4041\" data-image-description=\"\" data-image-caption=\"\" data-large-file=\"https:\/\/www.cvl-coutelier.be\/wp-content\/uploads\/2020\/07\/IMG_4041-768x1024.jpg\" class=\"aligncenter size-full wp-image-696\" src=\"http:\/\/www.cvl-coutelier.be\/wp-content\/uploads\/2020\/07\/IMG_4041.jpg\" alt=\"\" width=\"3024\" height=\"4032\" srcset=\"https:\/\/www.cvl-coutelier.be\/wp-content\/uploads\/2020\/07\/IMG_4041.jpg 3024w, https:\/\/www.cvl-coutelier.be\/wp-content\/uploads\/2020\/07\/IMG_4041-225x300.jpg 225w, https:\/\/www.cvl-coutelier.be\/wp-content\/uploads\/2020\/07\/IMG_4041-338x450.jpg 338w, https:\/\/www.cvl-coutelier.be\/wp-content\/uploads\/2020\/07\/IMG_4041-768x1024.jpg 768w\" sizes=\"auto, (max-width: 3024px) 100vw, 3024px\" \/><\/p>\n<p>Finition du manche au papier grain 1000.<\/p>\n<p>&nbsp;<\/p>\n<p><img loading=\"lazy\" decoding=\"async\" data-attachment-id=\"697\" data-permalink=\"https:\/\/www.cvl-coutelier.be\/index.php\/2020\/07\/29\/covid-19-stage-de-coutellerie-desire-marron\/img_4043\/\" data-orig-file=\"https:\/\/www.cvl-coutelier.be\/wp-content\/uploads\/2020\/07\/IMG_4043.jpg\" data-orig-size=\"3024,4032\" data-comments-opened=\"1\" data-image-meta=\"{&quot;aperture&quot;:&quot;2.8&quot;,&quot;credit&quot;:&quot;&quot;,&quot;camera&quot;:&quot;iPhone 8 Plus&quot;,&quot;caption&quot;:&quot;&quot;,&quot;created_timestamp&quot;:&quot;1592147562&quot;,&quot;copyright&quot;:&quot;&quot;,&quot;focal_length&quot;:&quot;6.6&quot;,&quot;iso&quot;:&quot;25&quot;,&quot;shutter_speed&quot;:&quot;0.025&quot;,&quot;title&quot;:&quot;&quot;,&quot;orientation&quot;:&quot;1&quot;}\" data-image-title=\"IMG_4043\" data-image-description=\"\" data-image-caption=\"\" data-large-file=\"https:\/\/www.cvl-coutelier.be\/wp-content\/uploads\/2020\/07\/IMG_4043-768x1024.jpg\" class=\"aligncenter size-full wp-image-697\" src=\"http:\/\/www.cvl-coutelier.be\/wp-content\/uploads\/2020\/07\/IMG_4043.jpg\" alt=\"\" width=\"3024\" height=\"4032\" srcset=\"https:\/\/www.cvl-coutelier.be\/wp-content\/uploads\/2020\/07\/IMG_4043.jpg 3024w, https:\/\/www.cvl-coutelier.be\/wp-content\/uploads\/2020\/07\/IMG_4043-225x300.jpg 225w, https:\/\/www.cvl-coutelier.be\/wp-content\/uploads\/2020\/07\/IMG_4043-338x450.jpg 338w, https:\/\/www.cvl-coutelier.be\/wp-content\/uploads\/2020\/07\/IMG_4043-768x1024.jpg 768w\" sizes=\"auto, (max-width: 3024px) 100vw, 3024px\" \/><\/p>\n<p>Tr\u00e8s beau couteau r\u00e9alis\u00e9 par D\u00e9sir\u00e9.<\/p>\n<p><img loading=\"lazy\" decoding=\"async\" data-attachment-id=\"699\" data-permalink=\"https:\/\/www.cvl-coutelier.be\/index.php\/2020\/07\/29\/covid-19-stage-de-coutellerie-desire-marron\/img_4047\/\" data-orig-file=\"https:\/\/www.cvl-coutelier.be\/wp-content\/uploads\/2020\/07\/IMG_4047.jpg\" data-orig-size=\"4032,3024\" data-comments-opened=\"1\" data-image-meta=\"{&quot;aperture&quot;:&quot;1.8&quot;,&quot;credit&quot;:&quot;&quot;,&quot;camera&quot;:&quot;iPhone 8 Plus&quot;,&quot;caption&quot;:&quot;&quot;,&quot;created_timestamp&quot;:&quot;1592150664&quot;,&quot;copyright&quot;:&quot;&quot;,&quot;focal_length&quot;:&quot;3.99&quot;,&quot;iso&quot;:&quot;20&quot;,&quot;shutter_speed&quot;:&quot;0.0023148148148148&quot;,&quot;title&quot;:&quot;&quot;,&quot;orientation&quot;:&quot;1&quot;}\" data-image-title=\"IMG_4047\" data-image-description=\"\" data-image-caption=\"\" data-large-file=\"https:\/\/www.cvl-coutelier.be\/wp-content\/uploads\/2020\/07\/IMG_4047-1024x768.jpg\" class=\"aligncenter size-full wp-image-699\" src=\"http:\/\/www.cvl-coutelier.be\/wp-content\/uploads\/2020\/07\/IMG_4047.jpg\" alt=\"\" width=\"4032\" height=\"3024\" srcset=\"https:\/\/www.cvl-coutelier.be\/wp-content\/uploads\/2020\/07\/IMG_4047.jpg 4032w, https:\/\/www.cvl-coutelier.be\/wp-content\/uploads\/2020\/07\/IMG_4047-300x225.jpg 300w, https:\/\/www.cvl-coutelier.be\/wp-content\/uploads\/2020\/07\/IMG_4047-450x338.jpg 450w, https:\/\/www.cvl-coutelier.be\/wp-content\/uploads\/2020\/07\/IMG_4047-768x576.jpg 768w, https:\/\/www.cvl-coutelier.be\/wp-content\/uploads\/2020\/07\/IMG_4047-1024x768.jpg 1024w\" sizes=\"auto, (max-width: 4032px) 100vw, 4032px\" \/><\/p>\n<p>D\u00e9sir\u00e9 peut-\u00eatre fier de son excellent travail et de son couteau.<img loading=\"lazy\" decoding=\"async\" data-attachment-id=\"700\" data-permalink=\"https:\/\/www.cvl-coutelier.be\/index.php\/2020\/07\/29\/covid-19-stage-de-coutellerie-desire-marron\/img_4050\/\" data-orig-file=\"https:\/\/www.cvl-coutelier.be\/wp-content\/uploads\/2020\/07\/IMG_4050-e1596012806914.jpg\" data-orig-size=\"4032,3024\" data-comments-opened=\"1\" data-image-meta=\"{&quot;aperture&quot;:&quot;1.8&quot;,&quot;credit&quot;:&quot;&quot;,&quot;camera&quot;:&quot;iPhone 8 Plus&quot;,&quot;caption&quot;:&quot;&quot;,&quot;created_timestamp&quot;:&quot;1592150684&quot;,&quot;copyright&quot;:&quot;&quot;,&quot;focal_length&quot;:&quot;3.99&quot;,&quot;iso&quot;:&quot;20&quot;,&quot;shutter_speed&quot;:&quot;0.003584229390681&quot;,&quot;title&quot;:&quot;&quot;,&quot;orientation&quot;:&quot;6&quot;}\" data-image-title=\"IMG_4050\" data-image-description=\"\" data-image-caption=\"\" data-large-file=\"https:\/\/www.cvl-coutelier.be\/wp-content\/uploads\/2020\/07\/IMG_4050-e1596012806914-1024x768.jpg\" class=\"aligncenter size-full wp-image-700\" src=\"http:\/\/www.cvl-coutelier.be\/wp-content\/uploads\/2020\/07\/IMG_4050.jpg\" alt=\"\" width=\"4032\" height=\"3024\" \/><\/p>\n","protected":false},"excerpt":{"rendered":"<p>Stage de coutellerie pour D\u00e9sir\u00e9 Marron. Probablement, \u00e0 ce jour, avec ses 65 ans, le stagiaire le plus \u00e2g\u00e9 qui est venu faire son couteau. D\u00e9sir\u00e9 a d\u00e9j\u00e0 une tr\u00e8s &#8230;<\/p>\n","protected":false},"author":1,"featured_media":699,"comment_status":"open","ping_status":"open","sticky":false,"template":"","format":"standard","meta":{"jetpack_post_was_ever_published":false,"_jetpack_newsletter_access":"","_jetpack_dont_email_post_to_subs":false,"_jetpack_newsletter_tier_id":0,"_jetpack_memberships_contains_paywalled_content":false,"_jetpack_memberships_contains_paid_content":false,"footnotes":"","jetpack_publicize_message":"","jetpack_publicize_feature_enabled":true,"jetpack_social_post_already_shared":false,"jetpack_social_options":{"image_generator_settings":{"template":"highway","default_image_id":0,"font":"","enabled":false},"version":2}},"categories":[7],"tags":[],"class_list":["post-672","post","type-post","status-publish","format-standard","has-post-thumbnail","hentry","category-en-direct-de-la-forge"],"jetpack_publicize_connections":[],"jetpack_featured_media_url":"https:\/\/www.cvl-coutelier.be\/wp-content\/uploads\/2020\/07\/IMG_4047.jpg","jetpack_sharing_enabled":true,"jetpack_shortlink":"https:\/\/wp.me\/p8hx1A-aQ","jetpack-related-posts":[{"id":817,"url":"https:\/\/www.cvl-coutelier.be\/index.php\/2021\/06\/02\/stage-de-coutellerie-frederic-dierkens\/","url_meta":{"origin":672,"position":0},"title":"Stage de Coutellerie &#8211; Frederic Dierkens","author":"Christophe van Lochem","date":"2 juin 2021","format":false,"excerpt":"Stage d'initiation \u00e0 la coutellerie avec Frederic Dierkens pour la r\u00e9alisation d'un couteau de cuisine en acier 125SC. Manche en loupe de bois de fer et initiales grav\u00e9es dans la lame. Super week-end et tr\u00e8s belle rencontre. On s'est trouv\u00e9 pas mal d'affinit\u00e9s et on a eu de belles discussions\u2026","rel":"","context":"Dans &quot;Couteaux&quot;","block_context":{"text":"Couteaux","link":"https:\/\/www.cvl-coutelier.be\/index.php\/category\/couteaux\/"},"img":{"alt_text":"","src":"https:\/\/i0.wp.com\/www.cvl-coutelier.be\/wp-content\/uploads\/2021\/06\/FD-forge-4-scaled.jpg?resize=350%2C200&ssl=1","width":350,"height":200,"srcset":"https:\/\/i0.wp.com\/www.cvl-coutelier.be\/wp-content\/uploads\/2021\/06\/FD-forge-4-scaled.jpg?resize=350%2C200&ssl=1 1x, https:\/\/i0.wp.com\/www.cvl-coutelier.be\/wp-content\/uploads\/2021\/06\/FD-forge-4-scaled.jpg?resize=525%2C300&ssl=1 1.5x, https:\/\/i0.wp.com\/www.cvl-coutelier.be\/wp-content\/uploads\/2021\/06\/FD-forge-4-scaled.jpg?resize=700%2C400&ssl=1 2x, https:\/\/i0.wp.com\/www.cvl-coutelier.be\/wp-content\/uploads\/2021\/06\/FD-forge-4-scaled.jpg?resize=1050%2C600&ssl=1 3x, https:\/\/i0.wp.com\/www.cvl-coutelier.be\/wp-content\/uploads\/2021\/06\/FD-forge-4-scaled.jpg?resize=1400%2C800&ssl=1 4x"},"classes":[]},{"id":302,"url":"https:\/\/www.cvl-coutelier.be\/index.php\/2019\/08\/07\/stage-dinitiation-a-la-coutellerie-joseph-backes\/","url_meta":{"origin":672,"position":1},"title":"Stage d&rsquo;initiation \u00e0 la coutellerie &#8211; Joseph Backes","author":"Christophe van Lochem","date":"7 ao\u00fbt 2019","format":false,"excerpt":"Cadeau de sa femme Stefanie, un stage d'initiation \u00e0 la coutellerie pour Joseph. Apr\u00e8s deux jours de travail il a forg\u00e9 et r\u00e9alis\u00e9 ce magnifique couteau en 1.2842, manche en loupe d'orme stabilis\u00e9 et teint\u00e9 jaune, intercalaires rouge et pin mosa\u00efque - rose des vents. Well done Jo ! \u00a0\u2026","rel":"","context":"Dans &quot;Couteaux&quot;","block_context":{"text":"Couteaux","link":"https:\/\/www.cvl-coutelier.be\/index.php\/category\/couteaux\/"},"img":{"alt_text":"","src":"https:\/\/i0.wp.com\/www.cvl-coutelier.be\/wp-content\/uploads\/2019\/08\/a066.jpg?resize=350%2C200&ssl=1","width":350,"height":200,"srcset":"https:\/\/i0.wp.com\/www.cvl-coutelier.be\/wp-content\/uploads\/2019\/08\/a066.jpg?resize=350%2C200&ssl=1 1x, https:\/\/i0.wp.com\/www.cvl-coutelier.be\/wp-content\/uploads\/2019\/08\/a066.jpg?resize=525%2C300&ssl=1 1.5x, https:\/\/i0.wp.com\/www.cvl-coutelier.be\/wp-content\/uploads\/2019\/08\/a066.jpg?resize=700%2C400&ssl=1 2x, https:\/\/i0.wp.com\/www.cvl-coutelier.be\/wp-content\/uploads\/2019\/08\/a066.jpg?resize=1050%2C600&ssl=1 3x, https:\/\/i0.wp.com\/www.cvl-coutelier.be\/wp-content\/uploads\/2019\/08\/a066.jpg?resize=1400%2C800&ssl=1 4x"},"classes":[]},{"id":148,"url":"https:\/\/www.cvl-coutelier.be\/index.php\/2017\/03\/28\/stage-de-coutellerie-roger-et-morgane\/","url_meta":{"origin":672,"position":2},"title":"Stage de coutellerie Roger et Morgane","author":"Christophe van Lochem","date":"28 mars 2017","format":false,"excerpt":"P\u00e8re et fille sont venus forger leur couteaux ensemble. Pour elle, un pliant pi\u00e9montais, lame forg\u00e9e en 1.2842, plaquettes en loupe de marronnier et guillochage r\u00e9alis\u00e9 par ses soins,\u00a0pentagramme grav\u00e9 dans la calamine. Pour lui, lame forg\u00e9e en 125SC et manche en arizona\u00a0Ironwood, l\u00e9zard grav\u00e9 dans la calamine. Ce furent\u2026","rel":"","context":"Dans &quot;En direct de la forge&quot;","block_context":{"text":"En direct de la forge","link":"https:\/\/www.cvl-coutelier.be\/index.php\/category\/en-direct-de-la-forge\/"},"img":{"alt_text":"","src":"https:\/\/i0.wp.com\/www.cvl-coutelier.be\/wp-content\/uploads\/2017\/03\/17523405_10212872701002516_6103946220273302875_n-e1490726595804.jpg?resize=350%2C200&ssl=1","width":350,"height":200,"srcset":"https:\/\/i0.wp.com\/www.cvl-coutelier.be\/wp-content\/uploads\/2017\/03\/17523405_10212872701002516_6103946220273302875_n-e1490726595804.jpg?resize=350%2C200&ssl=1 1x, https:\/\/i0.wp.com\/www.cvl-coutelier.be\/wp-content\/uploads\/2017\/03\/17523405_10212872701002516_6103946220273302875_n-e1490726595804.jpg?resize=525%2C300&ssl=1 1.5x, https:\/\/i0.wp.com\/www.cvl-coutelier.be\/wp-content\/uploads\/2017\/03\/17523405_10212872701002516_6103946220273302875_n-e1490726595804.jpg?resize=700%2C400&ssl=1 2x"},"classes":[]},{"id":286,"url":"https:\/\/www.cvl-coutelier.be\/index.php\/2019\/06\/24\/stage-dinitiation-a-la-coutellerie-michel-gillet\/","url_meta":{"origin":672,"position":3},"title":"Stage d&rsquo;initiation \u00e0 la coutellerie &#8211; Michel Gillet","author":"Christophe van Lochem","date":"24 juin 2019","format":false,"excerpt":"Stage de deux jours pour Michel Gillet, amateur de couteaux et collectionneur. tr\u00e8s sympathique rencontre et beaucoup d'\u00e9changes. Tr\u00e8s belle r\u00e9alisation pour ce couteau forg\u00e9 en 1.2842 et manche en loupe de marronnier teint\u00e9 noir et stabilis\u00e9.","rel":"","context":"Dans &quot;Couteaux&quot;","block_context":{"text":"Couteaux","link":"https:\/\/www.cvl-coutelier.be\/index.php\/category\/couteaux\/"},"img":{"alt_text":"","src":"https:\/\/i0.wp.com\/www.cvl-coutelier.be\/wp-content\/uploads\/2019\/06\/IMG_6887-1-1.jpg?resize=350%2C200&ssl=1","width":350,"height":200,"srcset":"https:\/\/i0.wp.com\/www.cvl-coutelier.be\/wp-content\/uploads\/2019\/06\/IMG_6887-1-1.jpg?resize=350%2C200&ssl=1 1x, https:\/\/i0.wp.com\/www.cvl-coutelier.be\/wp-content\/uploads\/2019\/06\/IMG_6887-1-1.jpg?resize=525%2C300&ssl=1 1.5x, https:\/\/i0.wp.com\/www.cvl-coutelier.be\/wp-content\/uploads\/2019\/06\/IMG_6887-1-1.jpg?resize=700%2C400&ssl=1 2x"},"classes":[]},{"id":268,"url":"https:\/\/www.cvl-coutelier.be\/index.php\/2019\/06\/04\/stage-dinitiation-a-la-coutellerie-avec-fabian-duchesne-et-bruno-argentin\/","url_meta":{"origin":672,"position":4},"title":"Stage d&rsquo;initiation \u00e0 la coutellerie avec Fabian Duchesne et Bruno Argentin.","author":"Christophe van Lochem","date":"4 juin 2019","format":false,"excerpt":"Fabian et Bruno ont travaill\u00e9 deux jours \u00e0 leurs couteaux. Forge, backstand, traitements thermiques, fa\u00e7onnage du manche et finitions. Rien ne leur a \u00e9t\u00e9 \u00e9pargn\u00e9 \u2026 et le r\u00e9sultat en vaut vraiment la peine ! \u00a0 \u00a0","rel":"","context":"Dans &quot;Couteaux&quot;","block_context":{"text":"Couteaux","link":"https:\/\/www.cvl-coutelier.be\/index.php\/category\/couteaux\/"},"img":{"alt_text":"","src":"https:\/\/i0.wp.com\/www.cvl-coutelier.be\/wp-content\/uploads\/2019\/06\/stage-1.jpg?resize=350%2C200&ssl=1","width":350,"height":200},"classes":[]},{"id":922,"url":"https:\/\/www.cvl-coutelier.be\/index.php\/2023\/07\/26\/stage-de-coutellerie-informations\/","url_meta":{"origin":672,"position":5},"title":"Stage de coutellerie &#8211; Informations","author":"Christophe van Lochem","date":"26 juillet 2023","format":false,"excerpt":"Les stages que j'organise sont des stages individuels et se font sur deux jours (de pr\u00e9f\u00e9rence sur deux samedis ou un week-end), les dates sont \u00e0 d\u00e9finir ensemble. Le nombre maximum de stagiaires est de 2. Le stagiaire\u00a0va forger et r\u00e9aliser enti\u00e8rement son couteau en passant par toutes les \u00e9tapes\u2026","rel":"","context":"Dans &quot;En direct de la forge&quot;","block_context":{"text":"En direct de la forge","link":"https:\/\/www.cvl-coutelier.be\/index.php\/category\/en-direct-de-la-forge\/"},"img":{"alt_text":"","src":"https:\/\/i0.wp.com\/www.cvl-coutelier.be\/wp-content\/uploads\/2023\/07\/IMG_5430-scaled.jpg?resize=350%2C200&ssl=1","width":350,"height":200,"srcset":"https:\/\/i0.wp.com\/www.cvl-coutelier.be\/wp-content\/uploads\/2023\/07\/IMG_5430-scaled.jpg?resize=350%2C200&ssl=1 1x, https:\/\/i0.wp.com\/www.cvl-coutelier.be\/wp-content\/uploads\/2023\/07\/IMG_5430-scaled.jpg?resize=525%2C300&ssl=1 1.5x, https:\/\/i0.wp.com\/www.cvl-coutelier.be\/wp-content\/uploads\/2023\/07\/IMG_5430-scaled.jpg?resize=700%2C400&ssl=1 2x, https:\/\/i0.wp.com\/www.cvl-coutelier.be\/wp-content\/uploads\/2023\/07\/IMG_5430-scaled.jpg?resize=1050%2C600&ssl=1 3x, https:\/\/i0.wp.com\/www.cvl-coutelier.be\/wp-content\/uploads\/2023\/07\/IMG_5430-scaled.jpg?resize=1400%2C800&ssl=1 4x"},"classes":[]}],"_links":{"self":[{"href":"https:\/\/www.cvl-coutelier.be\/index.php\/wp-json\/wp\/v2\/posts\/672","targetHints":{"allow":["GET"]}}],"collection":[{"href":"https:\/\/www.cvl-coutelier.be\/index.php\/wp-json\/wp\/v2\/posts"}],"about":[{"href":"https:\/\/www.cvl-coutelier.be\/index.php\/wp-json\/wp\/v2\/types\/post"}],"author":[{"embeddable":true,"href":"https:\/\/www.cvl-coutelier.be\/index.php\/wp-json\/wp\/v2\/users\/1"}],"replies":[{"embeddable":true,"href":"https:\/\/www.cvl-coutelier.be\/index.php\/wp-json\/wp\/v2\/comments?post=672"}],"version-history":[{"count":21,"href":"https:\/\/www.cvl-coutelier.be\/index.php\/wp-json\/wp\/v2\/posts\/672\/revisions"}],"predecessor-version":[{"id":788,"href":"https:\/\/www.cvl-coutelier.be\/index.php\/wp-json\/wp\/v2\/posts\/672\/revisions\/788"}],"wp:featuredmedia":[{"embeddable":true,"href":"https:\/\/www.cvl-coutelier.be\/index.php\/wp-json\/wp\/v2\/media\/699"}],"wp:attachment":[{"href":"https:\/\/www.cvl-coutelier.be\/index.php\/wp-json\/wp\/v2\/media?parent=672"}],"wp:term":[{"taxonomy":"category","embeddable":true,"href":"https:\/\/www.cvl-coutelier.be\/index.php\/wp-json\/wp\/v2\/categories?post=672"},{"taxonomy":"post_tag","embeddable":true,"href":"https:\/\/www.cvl-coutelier.be\/index.php\/wp-json\/wp\/v2\/tags?post=672"}],"curies":[{"name":"wp","href":"https:\/\/api.w.org\/{rel}","templated":true}]}}