{"id":790,"date":"2020-12-28T16:07:22","date_gmt":"2020-12-28T15:07:22","guid":{"rendered":"http:\/\/www.cvl-coutelier.be\/?p=790"},"modified":"2020-12-28T16:07:22","modified_gmt":"2020-12-28T15:07:22","slug":"couteau-de-chasse-lame-niolox","status":"publish","type":"post","link":"https:\/\/www.cvl-coutelier.be\/index.php\/2020\/12\/28\/couteau-de-chasse-lame-niolox\/","title":{"rendered":"Couteau de Chasse &#8211; Lame Niolox et manche en \u00e9rable teint\u00e9 et stabilis\u00e9."},"content":{"rendered":"<p><strong>Commande Client : Couteau de chasse : Lame en Niolox avec finition microbill\u00e9e. Manche en loupe d&rsquo;\u00e9rable teint\u00e9 et stabilis\u00e9. Longueur totale 27 cm. Hauteur de lame 40mm.<\/strong><\/p>\n<p><img loading=\"lazy\" decoding=\"async\" data-attachment-id=\"791\" data-permalink=\"https:\/\/www.cvl-coutelier.be\/index.php\/2020\/12\/28\/couteau-de-chasse-lame-niolox\/couteau-de-chasse-ml\/\" data-orig-file=\"https:\/\/www.cvl-coutelier.be\/wp-content\/uploads\/2020\/12\/couteau-de-chasse-ML-scaled.jpg\" data-orig-size=\"1920,2560\" data-comments-opened=\"1\" data-image-meta=\"{&quot;aperture&quot;:&quot;1.8&quot;,&quot;credit&quot;:&quot;&quot;,&quot;camera&quot;:&quot;iPhone 11&quot;,&quot;caption&quot;:&quot;&quot;,&quot;created_timestamp&quot;:&quot;1609170002&quot;,&quot;copyright&quot;:&quot;&quot;,&quot;focal_length&quot;:&quot;4.25&quot;,&quot;iso&quot;:&quot;64&quot;,&quot;shutter_speed&quot;:&quot;0.0082644628099174&quot;,&quot;title&quot;:&quot;&quot;,&quot;orientation&quot;:&quot;1&quot;}\" data-image-title=\"couteau de chasse ML\" data-image-description=\"\" data-image-caption=\"\" data-large-file=\"https:\/\/www.cvl-coutelier.be\/wp-content\/uploads\/2020\/12\/couteau-de-chasse-ML-768x1024.jpg\" class=\"aligncenter size-full wp-image-791\" src=\"http:\/\/www.cvl-coutelier.be\/wp-content\/uploads\/2020\/12\/couteau-de-chasse-ML-scaled.jpg\" alt=\"\" width=\"1920\" height=\"2560\" srcset=\"https:\/\/www.cvl-coutelier.be\/wp-content\/uploads\/2020\/12\/couteau-de-chasse-ML-scaled.jpg 1920w, https:\/\/www.cvl-coutelier.be\/wp-content\/uploads\/2020\/12\/couteau-de-chasse-ML-338x450.jpg 338w, https:\/\/www.cvl-coutelier.be\/wp-content\/uploads\/2020\/12\/couteau-de-chasse-ML-768x1024.jpg 768w, https:\/\/www.cvl-coutelier.be\/wp-content\/uploads\/2020\/12\/couteau-de-chasse-ML-225x300.jpg 225w, https:\/\/www.cvl-coutelier.be\/wp-content\/uploads\/2020\/12\/couteau-de-chasse-ML-1152x1536.jpg 1152w, https:\/\/www.cvl-coutelier.be\/wp-content\/uploads\/2020\/12\/couteau-de-chasse-ML-1536x2048.jpg 1536w\" sizes=\"auto, (max-width: 1920px) 100vw, 1920px\" \/><\/p>\n","protected":false},"excerpt":{"rendered":"<p>Commande Client : Couteau de chasse : Lame en Niolox avec finition microbill\u00e9e. Manche en loupe d&rsquo;\u00e9rable teint\u00e9 et stabilis\u00e9. Longueur totale 27 cm. Hauteur de lame 40mm.<\/p>\n","protected":false},"author":1,"featured_media":791,"comment_status":"open","ping_status":"open","sticky":false,"template":"","format":"standard","meta":{"jetpack_post_was_ever_published":false,"_jetpack_newsletter_access":"","_jetpack_dont_email_post_to_subs":false,"_jetpack_newsletter_tier_id":0,"_jetpack_memberships_contains_paywalled_content":false,"_jetpack_memberships_contains_paid_content":false,"footnotes":"","jetpack_publicize_message":"","jetpack_publicize_feature_enabled":true,"jetpack_social_post_already_shared":true,"jetpack_social_options":{"image_generator_settings":{"template":"highway","default_image_id":0,"font":"","enabled":false},"version":2}},"categories":[4],"tags":[],"class_list":["post-790","post","type-post","status-publish","format-standard","has-post-thumbnail","hentry","category-couteaux"],"jetpack_publicize_connections":[],"jetpack_featured_media_url":"https:\/\/www.cvl-coutelier.be\/wp-content\/uploads\/2020\/12\/couteau-de-chasse-ML-scaled.jpg","jetpack_sharing_enabled":true,"jetpack_shortlink":"https:\/\/wp.me\/p8hx1A-cK","jetpack-related-posts":[{"id":302,"url":"https:\/\/www.cvl-coutelier.be\/index.php\/2019\/08\/07\/stage-dinitiation-a-la-coutellerie-joseph-backes\/","url_meta":{"origin":790,"position":0},"title":"Stage d&rsquo;initiation \u00e0 la coutellerie &#8211; Joseph Backes","author":"Christophe van Lochem","date":"7 ao\u00fbt 2019","format":false,"excerpt":"Cadeau de sa femme Stefanie, un stage d'initiation \u00e0 la coutellerie pour Joseph. Apr\u00e8s deux jours de travail il a forg\u00e9 et r\u00e9alis\u00e9 ce magnifique couteau en 1.2842, manche en loupe d'orme stabilis\u00e9 et teint\u00e9 jaune, intercalaires rouge et pin mosa\u00efque - rose des vents. Well done Jo ! \u00a0\u2026","rel":"","context":"Dans &quot;Couteaux&quot;","block_context":{"text":"Couteaux","link":"https:\/\/www.cvl-coutelier.be\/index.php\/category\/couteaux\/"},"img":{"alt_text":"","src":"https:\/\/i0.wp.com\/www.cvl-coutelier.be\/wp-content\/uploads\/2019\/08\/a066.jpg?resize=350%2C200&ssl=1","width":350,"height":200,"srcset":"https:\/\/i0.wp.com\/www.cvl-coutelier.be\/wp-content\/uploads\/2019\/08\/a066.jpg?resize=350%2C200&ssl=1 1x, https:\/\/i0.wp.com\/www.cvl-coutelier.be\/wp-content\/uploads\/2019\/08\/a066.jpg?resize=525%2C300&ssl=1 1.5x, https:\/\/i0.wp.com\/www.cvl-coutelier.be\/wp-content\/uploads\/2019\/08\/a066.jpg?resize=700%2C400&ssl=1 2x, https:\/\/i0.wp.com\/www.cvl-coutelier.be\/wp-content\/uploads\/2019\/08\/a066.jpg?resize=1050%2C600&ssl=1 3x, https:\/\/i0.wp.com\/www.cvl-coutelier.be\/wp-content\/uploads\/2019\/08\/a066.jpg?resize=1400%2C800&ssl=1 4x"},"classes":[]},{"id":672,"url":"https:\/\/www.cvl-coutelier.be\/index.php\/2020\/07\/29\/covid-19-stage-de-coutellerie-desire-marron\/","url_meta":{"origin":790,"position":1},"title":"Covid -19 : Stage de coutellerie &#8211; D\u00e9sir\u00e9 Marron","author":"Christophe van Lochem","date":"29 juillet 2020","format":false,"excerpt":"Stage de coutellerie pour D\u00e9sir\u00e9 Marron. Probablement, \u00e0 ce jour, avec ses 65 ans, le stagiaire le plus \u00e2g\u00e9 qui est venu faire son couteau. D\u00e9sir\u00e9 a d\u00e9j\u00e0 une tr\u00e8s bonne exp\u00e9rience de la forge et de la fabrication de couteaux. Forge de la pointe. D\u00e9sir\u00e9 sait y faire.... La\u2026","rel":"","context":"Dans &quot;En direct de la forge&quot;","block_context":{"text":"En direct de la forge","link":"https:\/\/www.cvl-coutelier.be\/index.php\/category\/en-direct-de-la-forge\/"},"img":{"alt_text":"","src":"https:\/\/i0.wp.com\/www.cvl-coutelier.be\/wp-content\/uploads\/2020\/07\/IMG_4047.jpg?resize=350%2C200&ssl=1","width":350,"height":200,"srcset":"https:\/\/i0.wp.com\/www.cvl-coutelier.be\/wp-content\/uploads\/2020\/07\/IMG_4047.jpg?resize=350%2C200&ssl=1 1x, https:\/\/i0.wp.com\/www.cvl-coutelier.be\/wp-content\/uploads\/2020\/07\/IMG_4047.jpg?resize=525%2C300&ssl=1 1.5x, https:\/\/i0.wp.com\/www.cvl-coutelier.be\/wp-content\/uploads\/2020\/07\/IMG_4047.jpg?resize=700%2C400&ssl=1 2x, https:\/\/i0.wp.com\/www.cvl-coutelier.be\/wp-content\/uploads\/2020\/07\/IMG_4047.jpg?resize=1050%2C600&ssl=1 3x, https:\/\/i0.wp.com\/www.cvl-coutelier.be\/wp-content\/uploads\/2020\/07\/IMG_4047.jpg?resize=1400%2C800&ssl=1 4x"},"classes":[]},{"id":286,"url":"https:\/\/www.cvl-coutelier.be\/index.php\/2019\/06\/24\/stage-dinitiation-a-la-coutellerie-michel-gillet\/","url_meta":{"origin":790,"position":2},"title":"Stage d&rsquo;initiation \u00e0 la coutellerie &#8211; Michel Gillet","author":"Christophe van Lochem","date":"24 juin 2019","format":false,"excerpt":"Stage de deux jours pour Michel Gillet, amateur de couteaux et collectionneur. tr\u00e8s sympathique rencontre et beaucoup d'\u00e9changes. Tr\u00e8s belle r\u00e9alisation pour ce couteau forg\u00e9 en 1.2842 et manche en loupe de marronnier teint\u00e9 noir et stabilis\u00e9.","rel":"","context":"Dans &quot;Couteaux&quot;","block_context":{"text":"Couteaux","link":"https:\/\/www.cvl-coutelier.be\/index.php\/category\/couteaux\/"},"img":{"alt_text":"","src":"https:\/\/i0.wp.com\/www.cvl-coutelier.be\/wp-content\/uploads\/2019\/06\/IMG_6887-1-1.jpg?resize=350%2C200&ssl=1","width":350,"height":200,"srcset":"https:\/\/i0.wp.com\/www.cvl-coutelier.be\/wp-content\/uploads\/2019\/06\/IMG_6887-1-1.jpg?resize=350%2C200&ssl=1 1x, https:\/\/i0.wp.com\/www.cvl-coutelier.be\/wp-content\/uploads\/2019\/06\/IMG_6887-1-1.jpg?resize=525%2C300&ssl=1 1.5x, https:\/\/i0.wp.com\/www.cvl-coutelier.be\/wp-content\/uploads\/2019\/06\/IMG_6887-1-1.jpg?resize=700%2C400&ssl=1 2x"},"classes":[]},{"id":859,"url":"https:\/\/www.cvl-coutelier.be\/index.php\/2021\/07\/26\/santoku-damas-250-couches\/","url_meta":{"origin":790,"position":3},"title":"Santoku &#8211; Damas 250 couches","author":"Christophe van Lochem","date":"26 juillet 2021","format":false,"excerpt":"Damas compos\u00e9 de trois nuances d'acier : 1.2510-1.2442-75Ni8 250 couches approximativement Longueur du couteau au total 345mm Longueur de la lame : 210mm Longueur du manche : 135 mm Largeur au dos 3,5mm Manche en Hybride : Gen\u00e9vrier stabilis\u00e9 r\u00e9sine teint\u00e9e noire. Mitres en \u00e9b\u00e8ne.","rel":"","context":"Dans &quot;Couteaux&quot;","block_context":{"text":"Couteaux","link":"https:\/\/www.cvl-coutelier.be\/index.php\/category\/couteaux\/"},"img":{"alt_text":"","src":"https:\/\/i0.wp.com\/www.cvl-coutelier.be\/wp-content\/uploads\/2021\/07\/santoku-avant-scaled-e1627300610214.jpg?resize=350%2C200&ssl=1","width":350,"height":200,"srcset":"https:\/\/i0.wp.com\/www.cvl-coutelier.be\/wp-content\/uploads\/2021\/07\/santoku-avant-scaled-e1627300610214.jpg?resize=350%2C200&ssl=1 1x, https:\/\/i0.wp.com\/www.cvl-coutelier.be\/wp-content\/uploads\/2021\/07\/santoku-avant-scaled-e1627300610214.jpg?resize=525%2C300&ssl=1 1.5x, https:\/\/i0.wp.com\/www.cvl-coutelier.be\/wp-content\/uploads\/2021\/07\/santoku-avant-scaled-e1627300610214.jpg?resize=700%2C400&ssl=1 2x, https:\/\/i0.wp.com\/www.cvl-coutelier.be\/wp-content\/uploads\/2021\/07\/santoku-avant-scaled-e1627300610214.jpg?resize=1050%2C600&ssl=1 3x, https:\/\/i0.wp.com\/www.cvl-coutelier.be\/wp-content\/uploads\/2021\/07\/santoku-avant-scaled-e1627300610214.jpg?resize=1400%2C800&ssl=1 4x"},"classes":[]},{"id":193,"url":"https:\/\/www.cvl-coutelier.be\/index.php\/2017\/06\/03\/couteau-kai-damas\/","url_meta":{"origin":790,"position":4},"title":"Couteau Kai &#8211; Damas","author":"Christophe van Lochem","date":"3 juin 2017","format":false,"excerpt":"Couteau\u00a0japonais\u00a0Kai - damas forg\u00e9 en 1.2842 et 75Ni8. Longueur totale de 26 cm dont 11,5 cm de manche et 14,5 cm de lame. Epaisseur de la lame au plus large 2,5mm. \u00a0Hauteur\u00a03 cm. Manche en palissandre du Honduras.","rel":"","context":"Dans &quot;Couteaux&quot;","block_context":{"text":"Couteaux","link":"https:\/\/www.cvl-coutelier.be\/index.php\/category\/couteaux\/"},"img":{"alt_text":"","src":"https:\/\/i0.wp.com\/www.cvl-coutelier.be\/wp-content\/uploads\/2017\/06\/IMG_9661.jpg?resize=350%2C200&ssl=1","width":350,"height":200,"srcset":"https:\/\/i0.wp.com\/www.cvl-coutelier.be\/wp-content\/uploads\/2017\/06\/IMG_9661.jpg?resize=350%2C200&ssl=1 1x, https:\/\/i0.wp.com\/www.cvl-coutelier.be\/wp-content\/uploads\/2017\/06\/IMG_9661.jpg?resize=525%2C300&ssl=1 1.5x, https:\/\/i0.wp.com\/www.cvl-coutelier.be\/wp-content\/uploads\/2017\/06\/IMG_9661.jpg?resize=700%2C400&ssl=1 2x, https:\/\/i0.wp.com\/www.cvl-coutelier.be\/wp-content\/uploads\/2017\/06\/IMG_9661.jpg?resize=1050%2C600&ssl=1 3x, https:\/\/i0.wp.com\/www.cvl-coutelier.be\/wp-content\/uploads\/2017\/06\/IMG_9661.jpg?resize=1400%2C800&ssl=1 4x"},"classes":[]},{"id":620,"url":"https:\/\/www.cvl-coutelier.be\/index.php\/2020\/07\/13\/covid-19-premier-stage-apres-le-lockdown-filippo-dal-maso\/","url_meta":{"origin":790,"position":5},"title":"Covid -19 : Premier Stage apr\u00e8s le Lockdown : Filippo Dal Maso","author":"Christophe van Lochem","date":"13 juillet 2020","format":false,"excerpt":"Premier stagiaire apr\u00e8s le Lockdown, Filippo dal Maso, est venu r\u00e9aliser son couteau. L'atelier est suffisamment spacieux pour\u00a0 pouvoir garder les distances. En deux jours il a r\u00e9alis\u00e9 une petite merveille. Enti\u00e8rement \u00e9quip\u00e9. Lunettes de protection et masque. Notre chien Kira, adores les caresses et abuse des stagiaires d\u00e8s qu'elle\u2026","rel":"","context":"Dans &quot;En direct de la forge&quot;","block_context":{"text":"En direct de la forge","link":"https:\/\/www.cvl-coutelier.be\/index.php\/category\/en-direct-de-la-forge\/"},"img":{"alt_text":"et Filippo qui peut \u00eatre fier de son travail","src":"https:\/\/i0.wp.com\/www.cvl-coutelier.be\/wp-content\/uploads\/2020\/06\/IMG_3322.jpg?resize=350%2C200&ssl=1","width":350,"height":200,"srcset":"https:\/\/i0.wp.com\/www.cvl-coutelier.be\/wp-content\/uploads\/2020\/06\/IMG_3322.jpg?resize=350%2C200&ssl=1 1x, https:\/\/i0.wp.com\/www.cvl-coutelier.be\/wp-content\/uploads\/2020\/06\/IMG_3322.jpg?resize=525%2C300&ssl=1 1.5x, https:\/\/i0.wp.com\/www.cvl-coutelier.be\/wp-content\/uploads\/2020\/06\/IMG_3322.jpg?resize=700%2C400&ssl=1 2x, https:\/\/i0.wp.com\/www.cvl-coutelier.be\/wp-content\/uploads\/2020\/06\/IMG_3322.jpg?resize=1050%2C600&ssl=1 3x, https:\/\/i0.wp.com\/www.cvl-coutelier.be\/wp-content\/uploads\/2020\/06\/IMG_3322.jpg?resize=1400%2C800&ssl=1 4x"},"classes":[]}],"_links":{"self":[{"href":"https:\/\/www.cvl-coutelier.be\/index.php\/wp-json\/wp\/v2\/posts\/790","targetHints":{"allow":["GET"]}}],"collection":[{"href":"https:\/\/www.cvl-coutelier.be\/index.php\/wp-json\/wp\/v2\/posts"}],"about":[{"href":"https:\/\/www.cvl-coutelier.be\/index.php\/wp-json\/wp\/v2\/types\/post"}],"author":[{"embeddable":true,"href":"https:\/\/www.cvl-coutelier.be\/index.php\/wp-json\/wp\/v2\/users\/1"}],"replies":[{"embeddable":true,"href":"https:\/\/www.cvl-coutelier.be\/index.php\/wp-json\/wp\/v2\/comments?post=790"}],"version-history":[{"count":4,"href":"https:\/\/www.cvl-coutelier.be\/index.php\/wp-json\/wp\/v2\/posts\/790\/revisions"}],"predecessor-version":[{"id":795,"href":"https:\/\/www.cvl-coutelier.be\/index.php\/wp-json\/wp\/v2\/posts\/790\/revisions\/795"}],"wp:featuredmedia":[{"embeddable":true,"href":"https:\/\/www.cvl-coutelier.be\/index.php\/wp-json\/wp\/v2\/media\/791"}],"wp:attachment":[{"href":"https:\/\/www.cvl-coutelier.be\/index.php\/wp-json\/wp\/v2\/media?parent=790"}],"wp:term":[{"taxonomy":"category","embeddable":true,"href":"https:\/\/www.cvl-coutelier.be\/index.php\/wp-json\/wp\/v2\/categories?post=790"},{"taxonomy":"post_tag","embeddable":true,"href":"https:\/\/www.cvl-coutelier.be\/index.php\/wp-json\/wp\/v2\/tags?post=790"}],"curies":[{"name":"wp","href":"https:\/\/api.w.org\/{rel}","templated":true}]}}