{"id":859,"date":"2021-07-26T13:38:02","date_gmt":"2021-07-26T11:38:02","guid":{"rendered":"http:\/\/www.cvl-coutelier.be\/?p=859"},"modified":"2024-05-27T12:07:27","modified_gmt":"2024-05-27T10:07:27","slug":"santoku-damas-250-couches","status":"publish","type":"post","link":"https:\/\/www.cvl-coutelier.be\/index.php\/2021\/07\/26\/santoku-damas-250-couches\/","title":{"rendered":"Santoku &#8211; Damas 250 couches"},"content":{"rendered":"<p><img loading=\"lazy\" decoding=\"async\" data-attachment-id=\"860\" data-permalink=\"https:\/\/www.cvl-coutelier.be\/index.php\/2021\/07\/26\/santoku-damas-250-couches\/img_1830bi\/\" data-orig-file=\"https:\/\/www.cvl-coutelier.be\/wp-content\/uploads\/2021\/07\/IMG_1830bi-scaled.jpg\" data-orig-size=\"2560,1908\" data-comments-opened=\"1\" data-image-meta=\"{&quot;aperture&quot;:&quot;1.8&quot;,&quot;credit&quot;:&quot;&quot;,&quot;camera&quot;:&quot;iPhone 11&quot;,&quot;caption&quot;:&quot;&quot;,&quot;created_timestamp&quot;:&quot;1626517232&quot;,&quot;copyright&quot;:&quot;&quot;,&quot;focal_length&quot;:&quot;4.25&quot;,&quot;iso&quot;:&quot;32&quot;,&quot;shutter_speed&quot;:&quot;0.0016750418760469&quot;,&quot;title&quot;:&quot;&quot;,&quot;orientation&quot;:&quot;1&quot;}\" data-image-title=\"Santoku &amp;#8211; Damas\" data-image-description=\"\" data-image-caption=\"\" data-large-file=\"https:\/\/www.cvl-coutelier.be\/wp-content\/uploads\/2021\/07\/IMG_1830bi-1024x763.jpg\" class=\"aligncenter size-full wp-image-860\" src=\"http:\/\/www.cvl-coutelier.be\/wp-content\/uploads\/2021\/07\/IMG_1830bi-scaled.jpg\" alt=\"\" width=\"2560\" height=\"1908\" srcset=\"https:\/\/www.cvl-coutelier.be\/wp-content\/uploads\/2021\/07\/IMG_1830bi-scaled.jpg 2560w, https:\/\/www.cvl-coutelier.be\/wp-content\/uploads\/2021\/07\/IMG_1830bi-450x335.jpg 450w, https:\/\/www.cvl-coutelier.be\/wp-content\/uploads\/2021\/07\/IMG_1830bi-1024x763.jpg 1024w, https:\/\/www.cvl-coutelier.be\/wp-content\/uploads\/2021\/07\/IMG_1830bi-300x224.jpg 300w, https:\/\/www.cvl-coutelier.be\/wp-content\/uploads\/2021\/07\/IMG_1830bi-768x573.jpg 768w, https:\/\/www.cvl-coutelier.be\/wp-content\/uploads\/2021\/07\/IMG_1830bi-1536x1145.jpg 1536w, https:\/\/www.cvl-coutelier.be\/wp-content\/uploads\/2021\/07\/IMG_1830bi-2048x1527.jpg 2048w\" sizes=\"auto, (max-width: 2560px) 100vw, 2560px\" \/><\/p>\n<div>Damas compos\u00e9 de trois nuances d&rsquo;acier : 1.2510-1.2442-75Ni8<\/div>\n<div>250 couches approximativement<\/div>\n<div>Longueur du couteau au total 345mm<\/div>\n<div>Longueur de la lame : 210mm<\/div>\n<div>Longueur du manche : 135 mm<\/div>\n<div>Largeur au dos 3,5mm<\/div>\n<div>Manche en Hybride : Gen\u00e9vrier stabilis\u00e9 r\u00e9sine teint\u00e9e noire.<\/div>\n<div>Mitres en \u00e9b\u00e8ne.<\/div>\n","protected":false},"excerpt":{"rendered":"<p>Damas compos\u00e9 de trois nuances d&rsquo;acier : 1.2510-1.2442-75Ni8 250 couches approximativement Longueur du couteau au total 345mm Longueur de la lame : 210mm Longueur du manche : 135 mm Largeur &#8230;<\/p>\n","protected":false},"author":1,"featured_media":864,"comment_status":"open","ping_status":"open","sticky":false,"template":"","format":"standard","meta":{"jetpack_post_was_ever_published":false,"_jetpack_newsletter_access":"","_jetpack_dont_email_post_to_subs":false,"_jetpack_newsletter_tier_id":0,"_jetpack_memberships_contains_paywalled_content":false,"_jetpack_memberships_contains_paid_content":false,"footnotes":"","jetpack_publicize_message":"","jetpack_publicize_feature_enabled":true,"jetpack_social_post_already_shared":true,"jetpack_social_options":{"image_generator_settings":{"template":"highway","default_image_id":0,"font":"","enabled":false},"version":2}},"categories":[4],"tags":[],"class_list":["post-859","post","type-post","status-publish","format-standard","has-post-thumbnail","hentry","category-couteaux"],"jetpack_publicize_connections":[],"jetpack_featured_media_url":"https:\/\/www.cvl-coutelier.be\/wp-content\/uploads\/2021\/07\/santoku-avant-scaled-e1627300610214.jpg","jetpack_sharing_enabled":true,"jetpack_shortlink":"https:\/\/wp.me\/p8hx1A-dR","jetpack-related-posts":[{"id":193,"url":"https:\/\/www.cvl-coutelier.be\/index.php\/2017\/06\/03\/couteau-kai-damas\/","url_meta":{"origin":859,"position":0},"title":"Couteau Kai &#8211; Damas","author":"Christophe van Lochem","date":"3 juin 2017","format":false,"excerpt":"Couteau\u00a0japonais\u00a0Kai - damas forg\u00e9 en 1.2842 et 75Ni8. Longueur totale de 26 cm dont 11,5 cm de manche et 14,5 cm de lame. Epaisseur de la lame au plus large 2,5mm. \u00a0Hauteur\u00a03 cm. Manche en palissandre du Honduras.","rel":"","context":"Dans &quot;Couteaux&quot;","block_context":{"text":"Couteaux","link":"https:\/\/www.cvl-coutelier.be\/index.php\/category\/couteaux\/"},"img":{"alt_text":"","src":"https:\/\/i0.wp.com\/www.cvl-coutelier.be\/wp-content\/uploads\/2017\/06\/IMG_9661.jpg?resize=350%2C200&ssl=1","width":350,"height":200,"srcset":"https:\/\/i0.wp.com\/www.cvl-coutelier.be\/wp-content\/uploads\/2017\/06\/IMG_9661.jpg?resize=350%2C200&ssl=1 1x, https:\/\/i0.wp.com\/www.cvl-coutelier.be\/wp-content\/uploads\/2017\/06\/IMG_9661.jpg?resize=525%2C300&ssl=1 1.5x, https:\/\/i0.wp.com\/www.cvl-coutelier.be\/wp-content\/uploads\/2017\/06\/IMG_9661.jpg?resize=700%2C400&ssl=1 2x, https:\/\/i0.wp.com\/www.cvl-coutelier.be\/wp-content\/uploads\/2017\/06\/IMG_9661.jpg?resize=1050%2C600&ssl=1 3x, https:\/\/i0.wp.com\/www.cvl-coutelier.be\/wp-content\/uploads\/2017\/06\/IMG_9661.jpg?resize=1400%2C800&ssl=1 4x"},"classes":[]},{"id":231,"url":"https:\/\/www.cvl-coutelier.be\/index.php\/2018\/08\/20\/cvl-l3-nouveau-modele-linerlock\/","url_meta":{"origin":859,"position":1},"title":"CVL-LL3 nouveau mod\u00e8le linerlock","author":"Christophe van Lochem","date":"20 ao\u00fbt 2018","format":false,"excerpt":"CVL-LL3 est un nouveau mod\u00e8le de linerlock sorti de l'atelier.\u00a0Lame en suminagashi 64 couches, tranchant en SG-2. Manche en corne de buffle, motif plume. Platines en Z20.\u00a0Longueur totale 20,5cm dont longueur de lame 10cm. Montage faux axe. Guillochage de la fausse pi\u00e8ce. Ce mod\u00e8le sera disponible avec plusieurs types de\u2026","rel":"","context":"Dans &quot;Couteaux&quot;","block_context":{"text":"Couteaux","link":"https:\/\/www.cvl-coutelier.be\/index.php\/category\/couteaux\/"},"img":{"alt_text":"","src":"https:\/\/i0.wp.com\/www.cvl-coutelier.be\/wp-content\/uploads\/2018\/08\/IMG_1831-bis-2.jpg?resize=350%2C200&ssl=1","width":350,"height":200,"srcset":"https:\/\/i0.wp.com\/www.cvl-coutelier.be\/wp-content\/uploads\/2018\/08\/IMG_1831-bis-2.jpg?resize=350%2C200&ssl=1 1x, https:\/\/i0.wp.com\/www.cvl-coutelier.be\/wp-content\/uploads\/2018\/08\/IMG_1831-bis-2.jpg?resize=525%2C300&ssl=1 1.5x, https:\/\/i0.wp.com\/www.cvl-coutelier.be\/wp-content\/uploads\/2018\/08\/IMG_1831-bis-2.jpg?resize=700%2C400&ssl=1 2x, https:\/\/i0.wp.com\/www.cvl-coutelier.be\/wp-content\/uploads\/2018\/08\/IMG_1831-bis-2.jpg?resize=1050%2C600&ssl=1 3x, https:\/\/i0.wp.com\/www.cvl-coutelier.be\/wp-content\/uploads\/2018\/08\/IMG_1831-bis-2.jpg?resize=1400%2C800&ssl=1 4x"},"classes":[]},{"id":254,"url":"https:\/\/www.cvl-coutelier.be\/index.php\/2018\/10\/20\/commande-speciale-couteau-type-santoku-en-14c28n-longueur-totale-32-cm-pour-une-hauteur-de-42-mm-manche-en-mora-et-mitre-en-maillechort-intercalaires-rouges-et-blanc\/","url_meta":{"origin":859,"position":2},"title":"Commande sp\u00e9ciale : Couteau type Santoku en 14C28N, longueur totale 32 cm pour une hauteur de 42 mm. Manche en mora et mitre en maillechort &#8211; intercalaires rouges et blanc.","author":"Christophe van Lochem","date":"20 octobre 2018","format":false,"excerpt":"","rel":"","context":"Dans &quot;Couteaux&quot;","block_context":{"text":"Couteaux","link":"https:\/\/www.cvl-coutelier.be\/index.php\/category\/couteaux\/"},"img":{"alt_text":"","src":"https:\/\/i0.wp.com\/www.cvl-coutelier.be\/wp-content\/uploads\/2018\/10\/IMG_1892B.jpg?resize=350%2C200&ssl=1","width":350,"height":200,"srcset":"https:\/\/i0.wp.com\/www.cvl-coutelier.be\/wp-content\/uploads\/2018\/10\/IMG_1892B.jpg?resize=350%2C200&ssl=1 1x, https:\/\/i0.wp.com\/www.cvl-coutelier.be\/wp-content\/uploads\/2018\/10\/IMG_1892B.jpg?resize=525%2C300&ssl=1 1.5x, https:\/\/i0.wp.com\/www.cvl-coutelier.be\/wp-content\/uploads\/2018\/10\/IMG_1892B.jpg?resize=700%2C400&ssl=1 2x, https:\/\/i0.wp.com\/www.cvl-coutelier.be\/wp-content\/uploads\/2018\/10\/IMG_1892B.jpg?resize=1050%2C600&ssl=1 3x, https:\/\/i0.wp.com\/www.cvl-coutelier.be\/wp-content\/uploads\/2018\/10\/IMG_1892B.jpg?resize=1400%2C800&ssl=1 4x"},"classes":[]},{"id":302,"url":"https:\/\/www.cvl-coutelier.be\/index.php\/2019\/08\/07\/stage-dinitiation-a-la-coutellerie-joseph-backes\/","url_meta":{"origin":859,"position":3},"title":"Stage d&rsquo;initiation \u00e0 la coutellerie &#8211; Joseph Backes","author":"Christophe van Lochem","date":"7 ao\u00fbt 2019","format":false,"excerpt":"Cadeau de sa femme Stefanie, un stage d'initiation \u00e0 la coutellerie pour Joseph. Apr\u00e8s deux jours de travail il a forg\u00e9 et r\u00e9alis\u00e9 ce magnifique couteau en 1.2842, manche en loupe d'orme stabilis\u00e9 et teint\u00e9 jaune, intercalaires rouge et pin mosa\u00efque - rose des vents. Well done Jo ! \u00a0\u2026","rel":"","context":"Dans &quot;Couteaux&quot;","block_context":{"text":"Couteaux","link":"https:\/\/www.cvl-coutelier.be\/index.php\/category\/couteaux\/"},"img":{"alt_text":"","src":"https:\/\/i0.wp.com\/www.cvl-coutelier.be\/wp-content\/uploads\/2019\/08\/a066.jpg?resize=350%2C200&ssl=1","width":350,"height":200,"srcset":"https:\/\/i0.wp.com\/www.cvl-coutelier.be\/wp-content\/uploads\/2019\/08\/a066.jpg?resize=350%2C200&ssl=1 1x, https:\/\/i0.wp.com\/www.cvl-coutelier.be\/wp-content\/uploads\/2019\/08\/a066.jpg?resize=525%2C300&ssl=1 1.5x, https:\/\/i0.wp.com\/www.cvl-coutelier.be\/wp-content\/uploads\/2019\/08\/a066.jpg?resize=700%2C400&ssl=1 2x, https:\/\/i0.wp.com\/www.cvl-coutelier.be\/wp-content\/uploads\/2019\/08\/a066.jpg?resize=1050%2C600&ssl=1 3x, https:\/\/i0.wp.com\/www.cvl-coutelier.be\/wp-content\/uploads\/2019\/08\/a066.jpg?resize=1400%2C800&ssl=1 4x"},"classes":[]},{"id":790,"url":"https:\/\/www.cvl-coutelier.be\/index.php\/2020\/12\/28\/couteau-de-chasse-lame-niolox\/","url_meta":{"origin":859,"position":4},"title":"Couteau de Chasse &#8211; Lame Niolox et manche en \u00e9rable teint\u00e9 et stabilis\u00e9.","author":"Christophe van Lochem","date":"28 d\u00e9cembre 2020","format":false,"excerpt":"Commande Client : Couteau de chasse : Lame en Niolox avec finition microbill\u00e9e. Manche en loupe d'\u00e9rable teint\u00e9 et stabilis\u00e9. Longueur totale 27 cm. Hauteur de lame 40mm.","rel":"","context":"Dans &quot;Couteaux&quot;","block_context":{"text":"Couteaux","link":"https:\/\/www.cvl-coutelier.be\/index.php\/category\/couteaux\/"},"img":{"alt_text":"","src":"https:\/\/i0.wp.com\/www.cvl-coutelier.be\/wp-content\/uploads\/2020\/12\/couteau-de-chasse-ML-scaled.jpg?resize=350%2C200&ssl=1","width":350,"height":200,"srcset":"https:\/\/i0.wp.com\/www.cvl-coutelier.be\/wp-content\/uploads\/2020\/12\/couteau-de-chasse-ML-scaled.jpg?resize=350%2C200&ssl=1 1x, https:\/\/i0.wp.com\/www.cvl-coutelier.be\/wp-content\/uploads\/2020\/12\/couteau-de-chasse-ML-scaled.jpg?resize=525%2C300&ssl=1 1.5x, https:\/\/i0.wp.com\/www.cvl-coutelier.be\/wp-content\/uploads\/2020\/12\/couteau-de-chasse-ML-scaled.jpg?resize=700%2C400&ssl=1 2x, https:\/\/i0.wp.com\/www.cvl-coutelier.be\/wp-content\/uploads\/2020\/12\/couteau-de-chasse-ML-scaled.jpg?resize=1050%2C600&ssl=1 3x, https:\/\/i0.wp.com\/www.cvl-coutelier.be\/wp-content\/uploads\/2020\/12\/couteau-de-chasse-ML-scaled.jpg?resize=1400%2C800&ssl=1 4x"},"classes":[]},{"id":955,"url":"https:\/\/www.cvl-coutelier.be\/index.php\/2023\/09\/13\/ils-se-sont-dis-oui\/","url_meta":{"origin":859,"position":5},"title":"Ils se sont dis Oui !","author":"Christophe van Lochem","date":"13 septembre 2023","format":false,"excerpt":"Au lieu de vous parler de ce couteau pliant du point de vue technique, mat\u00e9riaux utilis\u00e9s, damas forg\u00e9\u2026. Je pr\u00e9f\u00e8re vous parler de l\u2019amour d\u2019Emmanuelle pour Rudy, qui a accept\u00e9 que ce couteau devienne le symbole de leur union\u2026 car Rudy ne porte pas de bijoux, pas de montres, pas\u2026","rel":"","context":"Dans &quot;Bijoux&quot;","block_context":{"text":"Bijoux","link":"https:\/\/www.cvl-coutelier.be\/index.php\/category\/bijoux\/"},"img":{"alt_text":"","src":"https:\/\/i0.wp.com\/www.cvl-coutelier.be\/wp-content\/uploads\/2023\/09\/IMG-20230913-WA0009.jpg?resize=350%2C200&ssl=1","width":350,"height":200,"srcset":"https:\/\/i0.wp.com\/www.cvl-coutelier.be\/wp-content\/uploads\/2023\/09\/IMG-20230913-WA0009.jpg?resize=350%2C200&ssl=1 1x, https:\/\/i0.wp.com\/www.cvl-coutelier.be\/wp-content\/uploads\/2023\/09\/IMG-20230913-WA0009.jpg?resize=525%2C300&ssl=1 1.5x, https:\/\/i0.wp.com\/www.cvl-coutelier.be\/wp-content\/uploads\/2023\/09\/IMG-20230913-WA0009.jpg?resize=700%2C400&ssl=1 2x, https:\/\/i0.wp.com\/www.cvl-coutelier.be\/wp-content\/uploads\/2023\/09\/IMG-20230913-WA0009.jpg?resize=1050%2C600&ssl=1 3x"},"classes":[]}],"_links":{"self":[{"href":"https:\/\/www.cvl-coutelier.be\/index.php\/wp-json\/wp\/v2\/posts\/859","targetHints":{"allow":["GET"]}}],"collection":[{"href":"https:\/\/www.cvl-coutelier.be\/index.php\/wp-json\/wp\/v2\/posts"}],"about":[{"href":"https:\/\/www.cvl-coutelier.be\/index.php\/wp-json\/wp\/v2\/types\/post"}],"author":[{"embeddable":true,"href":"https:\/\/www.cvl-coutelier.be\/index.php\/wp-json\/wp\/v2\/users\/1"}],"replies":[{"embeddable":true,"href":"https:\/\/www.cvl-coutelier.be\/index.php\/wp-json\/wp\/v2\/comments?post=859"}],"version-history":[{"count":4,"href":"https:\/\/www.cvl-coutelier.be\/index.php\/wp-json\/wp\/v2\/posts\/859\/revisions"}],"predecessor-version":[{"id":866,"href":"https:\/\/www.cvl-coutelier.be\/index.php\/wp-json\/wp\/v2\/posts\/859\/revisions\/866"}],"wp:featuredmedia":[{"embeddable":true,"href":"https:\/\/www.cvl-coutelier.be\/index.php\/wp-json\/wp\/v2\/media\/864"}],"wp:attachment":[{"href":"https:\/\/www.cvl-coutelier.be\/index.php\/wp-json\/wp\/v2\/media?parent=859"}],"wp:term":[{"taxonomy":"category","embeddable":true,"href":"https:\/\/www.cvl-coutelier.be\/index.php\/wp-json\/wp\/v2\/categories?post=859"},{"taxonomy":"post_tag","embeddable":true,"href":"https:\/\/www.cvl-coutelier.be\/index.php\/wp-json\/wp\/v2\/tags?post=859"}],"curies":[{"name":"wp","href":"https:\/\/api.w.org\/{rel}","templated":true}]}}