{"id":894,"date":"2023-07-26T12:15:54","date_gmt":"2023-07-26T10:15:54","guid":{"rendered":"https:\/\/www.cvl-coutelier.be\/?p=894"},"modified":"2023-07-26T13:19:42","modified_gmt":"2023-07-26T11:19:42","slug":"bks-gembloux-11-12-novembre-2023","status":"publish","type":"post","link":"https:\/\/www.cvl-coutelier.be\/index.php\/2023\/07\/26\/bks-gembloux-11-12-novembre-2023\/","title":{"rendered":"BKS GEMBLOUX &#8211; 11\/12 novembre 2023"},"content":{"rendered":"<p>&nbsp;<\/p>\n<h1 class=\"x1heor9g x1qlqyl8 x1pd3egz x1a2a7pz\">\u00a0 <img loading=\"lazy\" decoding=\"async\" class=\"\" src=\"https:\/\/scontent-ams4-1.xx.fbcdn.net\/v\/t39.30808-6\/309238901_469052365254551_1745891968427433080_n.jpg?_nc_cat=103&amp;ccb=1-7&amp;_nc_sid=09cbfe&amp;_nc_ohc=OL3AlxoJze0AX8PK8cY&amp;_nc_ht=scontent-ams4-1.xx&amp;oh=00_AfCQrgiy1OCl0HqvvpCtwO6kWzISsBKoR8vbnblnTsljUA&amp;oe=64C4F4F9\" alt=\"Aucune description de photo disponible.\" width=\"77\" height=\"105\" \/>The Belgian Knife Society Asbl\/vzw<img loading=\"lazy\" decoding=\"async\" data-attachment-id=\"896\" data-permalink=\"https:\/\/www.cvl-coutelier.be\/index.php\/2023\/07\/26\/bks-gembloux-11-12-novembre-2023\/345613877_1044850883566702_532887275689370000_n\/\" data-orig-file=\"https:\/\/www.cvl-coutelier.be\/wp-content\/uploads\/2023\/07\/345613877_1044850883566702_532887275689370000_n.jpg\" data-orig-size=\"1008,1344\" data-comments-opened=\"1\" data-image-meta=\"{&quot;aperture&quot;:&quot;0&quot;,&quot;credit&quot;:&quot;&quot;,&quot;camera&quot;:&quot;&quot;,&quot;caption&quot;:&quot;&quot;,&quot;created_timestamp&quot;:&quot;0&quot;,&quot;copyright&quot;:&quot;&quot;,&quot;focal_length&quot;:&quot;0&quot;,&quot;iso&quot;:&quot;0&quot;,&quot;shutter_speed&quot;:&quot;0&quot;,&quot;title&quot;:&quot;&quot;,&quot;orientation&quot;:&quot;0&quot;}\" data-image-title=\"345613877_1044850883566702_532887275689370000_n\" data-image-description=\"\" data-image-caption=\"\" data-large-file=\"https:\/\/www.cvl-coutelier.be\/wp-content\/uploads\/2023\/07\/345613877_1044850883566702_532887275689370000_n-768x1024.jpg\" class=\"size-medium wp-image-896 alignleft\" src=\"https:\/\/www.cvl-coutelier.be\/wp-content\/uploads\/2023\/07\/345613877_1044850883566702_532887275689370000_n-338x450.jpg\" alt=\"\" width=\"338\" height=\"450\" srcset=\"https:\/\/www.cvl-coutelier.be\/wp-content\/uploads\/2023\/07\/345613877_1044850883566702_532887275689370000_n-338x450.jpg 338w, https:\/\/www.cvl-coutelier.be\/wp-content\/uploads\/2023\/07\/345613877_1044850883566702_532887275689370000_n-768x1024.jpg 768w, https:\/\/www.cvl-coutelier.be\/wp-content\/uploads\/2023\/07\/345613877_1044850883566702_532887275689370000_n-225x300.jpg 225w, https:\/\/www.cvl-coutelier.be\/wp-content\/uploads\/2023\/07\/345613877_1044850883566702_532887275689370000_n.jpg 1008w\" sizes=\"auto, (max-width: 338px) 100vw, 338px\" \/><\/h1>\n<p>Je serai pr\u00e9sent comme exposant et me r\u00e9jouis de vous y rencontrer pour vous pr\u00e9senter mes derni\u00e8res cr\u00e9ations ou discuter de votre \u00e9ventuel projet ou participation \u00e0 un stage.<\/p>\n<p>I will be exhibiting at this trade fair and I look forward to meeting you there to show you my latest creations and to discuss your projects or possible participation in a workshop.<\/p>\n<p>Ik zal er zijn als exposant en ik kijk ernaar uit om je te ontmoeten om je mijn niewste creaties te laten zien of om je mogelijke project or deelname aan een workshop te bespreken.<\/p>\n<p>&nbsp;<\/p>\n<p>&nbsp;<\/p>\n<p>&nbsp;<\/p>\n<p><strong>Les couteaux comme outils &#8211; Les outils pour les couteaux.&rsquo;<\/strong><br \/>\nCette ann\u00e9e les diff\u00e9rents genres de couteaux et leur utilisation dans diff\u00e9rents m\u00e9tiers seront mis en valeur. Mais on parlera aussi des outils pour fabriquer des couteaux.<\/p>\n<p>&lsquo;Knives as tools &#8211; tools for knives&rsquo; will be the central theme for the BKS knifeshow. We look different knife-types and how they are used as tools in specific trades. We&rsquo;ll also focus on tools and equipment needed to make knives.<\/p>\n<p>&lsquo;Messen als werktuigen &#8211; werktuigen voor messen&rsquo; vormt het centrale thema voor de BKS messenbeurs. Welke rol vervullen messen als gereedschappen binnen allerhande toepassingen? Daarnaast komen ook werktuigen nodig voor het vervaardigen van messen aan bod.<\/p>\n<p>&nbsp;<\/p>\n<p>&nbsp;<\/p>\n<p>&nbsp;<\/p>\n","protected":false},"excerpt":{"rendered":"<p>&nbsp; \u00a0 The Belgian Knife Society Asbl\/vzw Je serai pr\u00e9sent comme exposant et me r\u00e9jouis de vous y rencontrer pour vous pr\u00e9senter mes derni\u00e8res cr\u00e9ations ou discuter de votre \u00e9ventuel &#8230;<\/p>\n","protected":false},"author":1,"featured_media":921,"comment_status":"open","ping_status":"open","sticky":false,"template":"","format":"standard","meta":{"jetpack_post_was_ever_published":false,"_jetpack_newsletter_access":"","_jetpack_dont_email_post_to_subs":false,"_jetpack_newsletter_tier_id":0,"_jetpack_memberships_contains_paywalled_content":false,"_jetpack_memberships_contains_paid_content":false,"footnotes":"","jetpack_publicize_message":"","jetpack_publicize_feature_enabled":true,"jetpack_social_post_already_shared":true,"jetpack_social_options":{"image_generator_settings":{"template":"highway","default_image_id":0,"font":"","enabled":false},"version":2}},"categories":[7],"tags":[],"class_list":["post-894","post","type-post","status-publish","format-standard","has-post-thumbnail","hentry","category-en-direct-de-la-forge"],"jetpack_publicize_connections":[],"jetpack_featured_media_url":"https:\/\/www.cvl-coutelier.be\/wp-content\/uploads\/2023\/07\/bks-4.jpg","jetpack_sharing_enabled":true,"jetpack_shortlink":"https:\/\/wp.me\/p8hx1A-eq","jetpack-related-posts":[{"id":903,"url":"https:\/\/www.cvl-coutelier.be\/index.php\/2024\/03\/25\/rencontres-printanieres-06-avril-2024\/","url_meta":{"origin":894,"position":0},"title":"Rencontres printani\u00e8res &#8211; 06 avril 2024","author":"Christophe van Lochem","date":"25 mars 2024","format":false,"excerpt":"\u00a0 Le 6 avril auront lieu les rencontres printani\u00e8res, organis\u00e9es par \u00ab batir l\u2019avenir \u00bb. De nombreux artisans r\u00e9gionaux y participeront. Je serai pr\u00e9sent pour vous pr\u00e9senter mes cr\u00e9ations en coutellerie. Je me r\u00e9jouit de vous y rencontrer et discuter de ma passion et qui sait\u2026. De votre projet de\u2026","rel":"","context":"Dans &quot;En direct de la forge&quot;","block_context":{"text":"En direct de la forge","link":"https:\/\/www.cvl-coutelier.be\/index.php\/category\/en-direct-de-la-forge\/"},"img":{"alt_text":"","src":"https:\/\/i0.wp.com\/www.cvl-coutelier.be\/wp-content\/uploads\/2023\/07\/batir.jpg?resize=350%2C200&ssl=1","width":350,"height":200,"srcset":"https:\/\/i0.wp.com\/www.cvl-coutelier.be\/wp-content\/uploads\/2023\/07\/batir.jpg?resize=350%2C200&ssl=1 1x, https:\/\/i0.wp.com\/www.cvl-coutelier.be\/wp-content\/uploads\/2023\/07\/batir.jpg?resize=525%2C300&ssl=1 1.5x, https:\/\/i0.wp.com\/www.cvl-coutelier.be\/wp-content\/uploads\/2023\/07\/batir.jpg?resize=700%2C400&ssl=1 2x, https:\/\/i0.wp.com\/www.cvl-coutelier.be\/wp-content\/uploads\/2023\/07\/batir.jpg?resize=1050%2C600&ssl=1 3x, https:\/\/i0.wp.com\/www.cvl-coutelier.be\/wp-content\/uploads\/2023\/07\/batir.jpg?resize=1400%2C800&ssl=1 4x"},"classes":[]},{"id":1,"url":"https:\/\/www.cvl-coutelier.be\/index.php\/2017\/01\/09\/bienvenue\/","url_meta":{"origin":894,"position":1},"title":"Bienvenue sur mon site !","author":"Christophe van Lochem","date":"9 janvier 2017","format":false,"excerpt":"Tr\u00e8s t\u00f4t le feu de la forge a allum\u00e9 un reflet particulier dans mon \u0153il. Comme d\u2019autres ont r\u00eav\u00e9 d\u2019\u00eatre pompier ou pilote d\u2019avion, je r\u00eavais d\u2019\u00eatre forgeron. C\u2019est la passion pour le travail manuel de mat\u00e9riaux bruts qui m\u2019a amen\u00e9 \u00e0 construire ma propre forge pour apprendre \u00e0 en\u2026","rel":"","context":"Dans &quot;En direct de la forge&quot;","block_context":{"text":"En direct de la forge","link":"https:\/\/www.cvl-coutelier.be\/index.php\/category\/en-direct-de-la-forge\/"},"img":{"alt_text":"","src":"https:\/\/i0.wp.com\/www.cvl-coutelier.be\/wp-content\/uploads\/2017\/01\/2Z3A0211-10.jpg?resize=350%2C200&ssl=1","width":350,"height":200,"srcset":"https:\/\/i0.wp.com\/www.cvl-coutelier.be\/wp-content\/uploads\/2017\/01\/2Z3A0211-10.jpg?resize=350%2C200&ssl=1 1x, https:\/\/i0.wp.com\/www.cvl-coutelier.be\/wp-content\/uploads\/2017\/01\/2Z3A0211-10.jpg?resize=525%2C300&ssl=1 1.5x, https:\/\/i0.wp.com\/www.cvl-coutelier.be\/wp-content\/uploads\/2017\/01\/2Z3A0211-10.jpg?resize=700%2C400&ssl=1 2x, https:\/\/i0.wp.com\/www.cvl-coutelier.be\/wp-content\/uploads\/2017\/01\/2Z3A0211-10.jpg?resize=1050%2C600&ssl=1 3x, https:\/\/i0.wp.com\/www.cvl-coutelier.be\/wp-content\/uploads\/2017\/01\/2Z3A0211-10.jpg?resize=1400%2C800&ssl=1 4x"},"classes":[]},{"id":220,"url":"https:\/\/www.cvl-coutelier.be\/index.php\/2018\/08\/18\/comment-entretenir-ses-couteaux\/","url_meta":{"origin":894,"position":2},"title":"Comment entretenir ses couteaux","author":"Christophe van Lochem","date":"18 ao\u00fbt 2018","format":false,"excerpt":"On me demande souvent, comment entretenir ses couteaux avec lame en acier carbone ou \u00e9viter\/enlever des t\u00e2ches sur la lame. Vous trouverez ci-joint un tr\u00e8s bon article du site www.couteauxduchef.com, qui vous donne pas mal d'astuces. Je vous en souhaite bonne lecture :-) https:\/\/www.couteauxduchef.com\/content\/142-entretien-couteaux-acier-carbone \u00a0 \u00a0","rel":"","context":"Dans &quot;Couteaux&quot;","block_context":{"text":"Couteaux","link":"https:\/\/www.cvl-coutelier.be\/index.php\/category\/couteaux\/"},"img":{"alt_text":"","src":"https:\/\/i0.wp.com\/www.cvl-coutelier.be\/wp-content\/uploads\/2018\/08\/IMG_664020size-min1-e1534585199659.jpg?resize=350%2C200&ssl=1","width":350,"height":200,"srcset":"https:\/\/i0.wp.com\/www.cvl-coutelier.be\/wp-content\/uploads\/2018\/08\/IMG_664020size-min1-e1534585199659.jpg?resize=350%2C200&ssl=1 1x, https:\/\/i0.wp.com\/www.cvl-coutelier.be\/wp-content\/uploads\/2018\/08\/IMG_664020size-min1-e1534585199659.jpg?resize=525%2C300&ssl=1 1.5x, https:\/\/i0.wp.com\/www.cvl-coutelier.be\/wp-content\/uploads\/2018\/08\/IMG_664020size-min1-e1534585199659.jpg?resize=700%2C400&ssl=1 2x, https:\/\/i0.wp.com\/www.cvl-coutelier.be\/wp-content\/uploads\/2018\/08\/IMG_664020size-min1-e1534585199659.jpg?resize=1050%2C600&ssl=1 3x"},"classes":[]},{"id":922,"url":"https:\/\/www.cvl-coutelier.be\/index.php\/2023\/07\/26\/stage-de-coutellerie-informations\/","url_meta":{"origin":894,"position":3},"title":"Stage de coutellerie &#8211; Informations","author":"Christophe van Lochem","date":"26 juillet 2023","format":false,"excerpt":"Les stages que j'organise sont des stages individuels et se font sur deux jours (de pr\u00e9f\u00e9rence sur deux samedis ou un week-end), les dates sont \u00e0 d\u00e9finir ensemble. Le nombre maximum de stagiaires est de 2. Le stagiaire\u00a0va forger et r\u00e9aliser enti\u00e8rement son couteau en passant par toutes les \u00e9tapes\u2026","rel":"","context":"Dans &quot;En direct de la forge&quot;","block_context":{"text":"En direct de la forge","link":"https:\/\/www.cvl-coutelier.be\/index.php\/category\/en-direct-de-la-forge\/"},"img":{"alt_text":"","src":"https:\/\/i0.wp.com\/www.cvl-coutelier.be\/wp-content\/uploads\/2023\/07\/IMG_5430-scaled.jpg?resize=350%2C200&ssl=1","width":350,"height":200,"srcset":"https:\/\/i0.wp.com\/www.cvl-coutelier.be\/wp-content\/uploads\/2023\/07\/IMG_5430-scaled.jpg?resize=350%2C200&ssl=1 1x, https:\/\/i0.wp.com\/www.cvl-coutelier.be\/wp-content\/uploads\/2023\/07\/IMG_5430-scaled.jpg?resize=525%2C300&ssl=1 1.5x, https:\/\/i0.wp.com\/www.cvl-coutelier.be\/wp-content\/uploads\/2023\/07\/IMG_5430-scaled.jpg?resize=700%2C400&ssl=1 2x, https:\/\/i0.wp.com\/www.cvl-coutelier.be\/wp-content\/uploads\/2023\/07\/IMG_5430-scaled.jpg?resize=1050%2C600&ssl=1 3x, https:\/\/i0.wp.com\/www.cvl-coutelier.be\/wp-content\/uploads\/2023\/07\/IMG_5430-scaled.jpg?resize=1400%2C800&ssl=1 4x"},"classes":[]},{"id":871,"url":"https:\/\/www.cvl-coutelier.be\/index.php\/2022\/02\/22\/video-de-la-realisation-dun-couteau-de-cuisine-en-damas\/","url_meta":{"origin":894,"position":4},"title":"Vid\u00e9o de la r\u00e9alisation d&rsquo;un couteau de cuisine en damas","author":"Christophe van Lochem","date":"22 f\u00e9vrier 2022","format":false,"excerpt":"\u00a0 Si vous l'avez rat\u00e9 la premi\u00e8re fois ou ne pouviez pas la voir, voici la vid\u00e9o r\u00e9alis\u00e9e par Joseph Backes dans mon atelier \u00e0 Waimes (Belgique). \u00a0 Dans la vid\u00e9o sont pr\u00e9sent\u00e9s les diff\u00e9rentes \u00e9tapes de fabrication d'un couteau de cuisine \u00e0 lame damass\u00e9e : s\u00e9lection des aciers -\u2026","rel":"","context":"Dans &quot;Couteaux&quot;","block_context":{"text":"Couteaux","link":"https:\/\/www.cvl-coutelier.be\/index.php\/category\/couteaux\/"},"img":{"alt_text":"","src":"https:\/\/i0.wp.com\/www.cvl-coutelier.be\/wp-content\/uploads\/2022\/02\/couteau-cuisine-damas.png?resize=350%2C200&ssl=1","width":350,"height":200,"srcset":"https:\/\/i0.wp.com\/www.cvl-coutelier.be\/wp-content\/uploads\/2022\/02\/couteau-cuisine-damas.png?resize=350%2C200&ssl=1 1x, https:\/\/i0.wp.com\/www.cvl-coutelier.be\/wp-content\/uploads\/2022\/02\/couteau-cuisine-damas.png?resize=525%2C300&ssl=1 1.5x"},"classes":[]},{"id":955,"url":"https:\/\/www.cvl-coutelier.be\/index.php\/2023\/09\/13\/ils-se-sont-dis-oui\/","url_meta":{"origin":894,"position":5},"title":"Ils se sont dis Oui !","author":"Christophe van Lochem","date":"13 septembre 2023","format":false,"excerpt":"Au lieu de vous parler de ce couteau pliant du point de vue technique, mat\u00e9riaux utilis\u00e9s, damas forg\u00e9\u2026. Je pr\u00e9f\u00e8re vous parler de l\u2019amour d\u2019Emmanuelle pour Rudy, qui a accept\u00e9 que ce couteau devienne le symbole de leur union\u2026 car Rudy ne porte pas de bijoux, pas de montres, pas\u2026","rel":"","context":"Dans &quot;Bijoux&quot;","block_context":{"text":"Bijoux","link":"https:\/\/www.cvl-coutelier.be\/index.php\/category\/bijoux\/"},"img":{"alt_text":"","src":"https:\/\/i0.wp.com\/www.cvl-coutelier.be\/wp-content\/uploads\/2023\/09\/IMG-20230913-WA0009.jpg?resize=350%2C200&ssl=1","width":350,"height":200,"srcset":"https:\/\/i0.wp.com\/www.cvl-coutelier.be\/wp-content\/uploads\/2023\/09\/IMG-20230913-WA0009.jpg?resize=350%2C200&ssl=1 1x, https:\/\/i0.wp.com\/www.cvl-coutelier.be\/wp-content\/uploads\/2023\/09\/IMG-20230913-WA0009.jpg?resize=525%2C300&ssl=1 1.5x, https:\/\/i0.wp.com\/www.cvl-coutelier.be\/wp-content\/uploads\/2023\/09\/IMG-20230913-WA0009.jpg?resize=700%2C400&ssl=1 2x, https:\/\/i0.wp.com\/www.cvl-coutelier.be\/wp-content\/uploads\/2023\/09\/IMG-20230913-WA0009.jpg?resize=1050%2C600&ssl=1 3x"},"classes":[]}],"_links":{"self":[{"href":"https:\/\/www.cvl-coutelier.be\/index.php\/wp-json\/wp\/v2\/posts\/894","targetHints":{"allow":["GET"]}}],"collection":[{"href":"https:\/\/www.cvl-coutelier.be\/index.php\/wp-json\/wp\/v2\/posts"}],"about":[{"href":"https:\/\/www.cvl-coutelier.be\/index.php\/wp-json\/wp\/v2\/types\/post"}],"author":[{"embeddable":true,"href":"https:\/\/www.cvl-coutelier.be\/index.php\/wp-json\/wp\/v2\/users\/1"}],"replies":[{"embeddable":true,"href":"https:\/\/www.cvl-coutelier.be\/index.php\/wp-json\/wp\/v2\/comments?post=894"}],"version-history":[{"count":12,"href":"https:\/\/www.cvl-coutelier.be\/index.php\/wp-json\/wp\/v2\/posts\/894\/revisions"}],"predecessor-version":[{"id":920,"href":"https:\/\/www.cvl-coutelier.be\/index.php\/wp-json\/wp\/v2\/posts\/894\/revisions\/920"}],"wp:featuredmedia":[{"embeddable":true,"href":"https:\/\/www.cvl-coutelier.be\/index.php\/wp-json\/wp\/v2\/media\/921"}],"wp:attachment":[{"href":"https:\/\/www.cvl-coutelier.be\/index.php\/wp-json\/wp\/v2\/media?parent=894"}],"wp:term":[{"taxonomy":"category","embeddable":true,"href":"https:\/\/www.cvl-coutelier.be\/index.php\/wp-json\/wp\/v2\/categories?post=894"},{"taxonomy":"post_tag","embeddable":true,"href":"https:\/\/www.cvl-coutelier.be\/index.php\/wp-json\/wp\/v2\/tags?post=894"}],"curies":[{"name":"wp","href":"https:\/\/api.w.org\/{rel}","templated":true}]}}