{"id":903,"date":"2024-03-25T13:00:19","date_gmt":"2024-03-25T12:00:19","guid":{"rendered":"https:\/\/www.cvl-coutelier.be\/?p=903"},"modified":"2024-04-20T17:00:22","modified_gmt":"2024-04-20T15:00:22","slug":"rencontres-printanieres-06-avril-2024","status":"publish","type":"post","link":"https:\/\/www.cvl-coutelier.be\/index.php\/2024\/03\/25\/rencontres-printanieres-06-avril-2024\/","title":{"rendered":"Rencontres printani\u00e8res &#8211; 06 avril 2024"},"content":{"rendered":"<p>&nbsp;<\/p>\n<div class=\"xdj266r x11i5rnm xat24cr x1mh8g0r x1vvkbs x126k92a\">\n<div dir=\"auto\"><img decoding=\"async\" src=\"https:\/\/scontent-bru2-1.xx.fbcdn.net\/v\/t39.30808-6\/431239592_10232431297714974_6326609612854656237_n.jpg?_nc_cat=104&amp;ccb=1-7&amp;_nc_sid=5f2048&amp;_nc_ohc=0pFof1D_c98AX-N3qlD&amp;_nc_ht=scontent-bru2-1.xx&amp;oh=00_AfCiKU-QUEOKCd9zJU_IgTlc4uDFQ2QWDfa0xwnzq8tjEA&amp;oe=660615C2\" alt=\"Peut \u00eatre une image de texte qui dit \u2019Samedi 6 avril \u0d30\u0d30\u0d3e balaveni l'avenir batir CONSEILS MAT\u00c9RIAUX FORMATIONS Journ\u00e9e portes-ouvertes de 10 \u00e0 16h Ateliers et animations pour les nfants Fabrication de nichoirs, jeux en bois, surprises Artisans locaux bijoux, c\u00e9ramique,... Atelier Argile pour petits et grands D\u00e9gustation de bi\u00e8re et vins Rencontres printani\u00e8res Rue de la Corneille 1 \u00e0 Waimes\u2019\" \/><\/div>\n<\/div>\n<div dir=\"auto\"><\/div>\n<div dir=\"auto\">Le 6 avril auront lieu les rencontres printani\u00e8res, organis\u00e9es par \u00ab batir l\u2019avenir \u00bb. De nombreux artisans r\u00e9gionaux y participeront. Je serai pr\u00e9sent pour vous pr\u00e9senter mes cr\u00e9ations en coutellerie. Je me r\u00e9jouit de vous y rencontrer et discuter de ma passion et qui sait\u2026. De votre projet de coutellerie ( couteau cuisine, utilitaire, chasse ou pliant) ou stage qui vous permettra de forger et r\u00e9aliser votre propre couteau. Au plaisir de vous y rencontrer.<\/div>\n<div dir=\"auto\"><\/div>\n<div dir=\"auto\"><\/div>\n<div dir=\"auto\"><\/div>\n<div dir=\"auto\">facebook :\u00a0 <a href=\"http:\/\/www.facebook.com\/cvlcoutelier\/\">http:\/\/www.facebook.com\/cvlcoutelier\/<\/a><\/div>\n<div dir=\"auto\"><\/div>\n<div dir=\"auto\"><\/div>\n<div class=\"x11i5rnm xat24cr x1mh8g0r x1vvkbs xtlvy1s x126k92a\">\n<div dir=\"auto\">Fabrication d&rsquo;un couteau de cuisine en damas : <a class=\"x1i10hfl xjbqb8w x6umtig x1b1mbwd xaqea5y xav7gou x9f619 x1ypdohk xt0psk2 xe8uvvx xdj266r x11i5rnm xat24cr x1mh8g0r xexx8yu x4uap5 x18d9i69 xkhd6sd x16tdsg8 x1hl2dhg xggy1nq x1a2a7pz xt0b8zv x1fey0fg\" tabindex=\"0\" role=\"link\" href=\"https:\/\/l.facebook.com\/l.php?u=https%3A%2F%2Fyoutu.be%2F4tlwsnkuzEs%3Ffbclid%3DIwAR3Gd3ZVhBkB4o-Aeh2Kg89X0XHTIpDwpf1-dvMONbrWJARUdWLs87MdJfI&amp;h=AT3fq4ZyHjHVgVZztevhDiLFGNuZxL6llPW7-bi18gTD7huGYMMa8vQJ9hgAWr78R___etUOIDcO20IOmmdWdPBB9dmD8zsMcgTgnc5DWGsveOfu1LH7QCiiRuKJMcwIxg&amp;__tn__=-UK-R&amp;c[0]=AT1_X8veLCAZohWqqPUef3Rt9LFNVMRTADX9znltSU5k428JLuFkGZ3ejwC-nLWFyztNtYb88TfW-YgRASykaOZvlA-X2NeVPepEwJdX2SmmpYt58glOjnXeo4z5Xx4rDEh5S-xuqNyaGiyoA8V_YHFmiOC12FVtEVkqwrsUN8WDLLiktUPiuRkt9ybXsBjal9ERvoreVWWuPaM\" target=\"_blank\" rel=\"nofollow noopener noreferrer\">https:\/\/youtu.be\/4tlwsnkuzEs<\/a><\/div>\n<\/div>\n<div class=\"x11i5rnm xat24cr x1mh8g0r x1vvkbs xtlvy1s x126k92a\">\n<div dir=\"auto\"><\/div>\n<div dir=\"auto\"><\/div>\n<\/div>\n<div dir=\"auto\"><\/div>\n<div dir=\"auto\"><\/div>\n<div class=\"x11i5rnm xat24cr x1mh8g0r x1vvkbs xtlvy1s x126k92a\">\n<div dir=\"auto\"><\/div>\n<\/div>\n","protected":false},"excerpt":{"rendered":"<p>&nbsp; Le 6 avril auront lieu les rencontres printani\u00e8res, organis\u00e9es par \u00ab batir l\u2019avenir \u00bb. De nombreux artisans r\u00e9gionaux y participeront. Je serai pr\u00e9sent pour vous pr\u00e9senter mes cr\u00e9ations en &#8230;<\/p>\n","protected":false},"author":1,"featured_media":967,"comment_status":"open","ping_status":"open","sticky":false,"template":"","format":"standard","meta":{"jetpack_post_was_ever_published":false,"_jetpack_newsletter_access":"","_jetpack_dont_email_post_to_subs":false,"_jetpack_newsletter_tier_id":0,"_jetpack_memberships_contains_paywalled_content":false,"_jetpack_memberships_contains_paid_content":false,"footnotes":"","jetpack_publicize_message":"","jetpack_publicize_feature_enabled":true,"jetpack_social_post_already_shared":true,"jetpack_social_options":{"image_generator_settings":{"template":"highway","default_image_id":0,"font":"","enabled":false},"version":2}},"categories":[7],"tags":[],"class_list":["post-903","post","type-post","status-publish","format-standard","has-post-thumbnail","hentry","category-en-direct-de-la-forge"],"jetpack_publicize_connections":[],"jetpack_featured_media_url":"https:\/\/www.cvl-coutelier.be\/wp-content\/uploads\/2023\/07\/batir.jpg","jetpack_sharing_enabled":true,"jetpack_shortlink":"https:\/\/wp.me\/p8hx1A-ez","jetpack-related-posts":[{"id":220,"url":"https:\/\/www.cvl-coutelier.be\/index.php\/2018\/08\/18\/comment-entretenir-ses-couteaux\/","url_meta":{"origin":903,"position":0},"title":"Comment entretenir ses couteaux","author":"Christophe van Lochem","date":"18 ao\u00fbt 2018","format":false,"excerpt":"On me demande souvent, comment entretenir ses couteaux avec lame en acier carbone ou \u00e9viter\/enlever des t\u00e2ches sur la lame. Vous trouverez ci-joint un tr\u00e8s bon article du site www.couteauxduchef.com, qui vous donne pas mal d'astuces. Je vous en souhaite bonne lecture :-) https:\/\/www.couteauxduchef.com\/content\/142-entretien-couteaux-acier-carbone \u00a0 \u00a0","rel":"","context":"Dans &quot;Couteaux&quot;","block_context":{"text":"Couteaux","link":"https:\/\/www.cvl-coutelier.be\/index.php\/category\/couteaux\/"},"img":{"alt_text":"","src":"https:\/\/i0.wp.com\/www.cvl-coutelier.be\/wp-content\/uploads\/2018\/08\/IMG_664020size-min1-e1534585199659.jpg?resize=350%2C200&ssl=1","width":350,"height":200,"srcset":"https:\/\/i0.wp.com\/www.cvl-coutelier.be\/wp-content\/uploads\/2018\/08\/IMG_664020size-min1-e1534585199659.jpg?resize=350%2C200&ssl=1 1x, https:\/\/i0.wp.com\/www.cvl-coutelier.be\/wp-content\/uploads\/2018\/08\/IMG_664020size-min1-e1534585199659.jpg?resize=525%2C300&ssl=1 1.5x, https:\/\/i0.wp.com\/www.cvl-coutelier.be\/wp-content\/uploads\/2018\/08\/IMG_664020size-min1-e1534585199659.jpg?resize=700%2C400&ssl=1 2x, https:\/\/i0.wp.com\/www.cvl-coutelier.be\/wp-content\/uploads\/2018\/08\/IMG_664020size-min1-e1534585199659.jpg?resize=1050%2C600&ssl=1 3x"},"classes":[]},{"id":1043,"url":"https:\/\/www.cvl-coutelier.be\/index.php\/2024\/04\/20\/knife-solingen-2024\/","url_meta":{"origin":903,"position":1},"title":"KNIFE SOLINGEN 2024","author":"Christophe van Lochem","date":"20 avril 2024","format":false,"excerpt":"Je participerai cette ann\u00e9e \u00e0 l'exposition Knife Solingen 2024. Je me r\u00e9jouis de vous y rencontrer.","rel":"","context":"Dans &quot;En direct de la forge&quot;","block_context":{"text":"En direct de la forge","link":"https:\/\/www.cvl-coutelier.be\/index.php\/category\/en-direct-de-la-forge\/"},"img":{"alt_text":"","src":"https:\/\/i0.wp.com\/www.cvl-coutelier.be\/wp-content\/uploads\/2024\/04\/Badge_Knife_2024_ich_bin_dabei.jpg?resize=350%2C200&ssl=1","width":350,"height":200,"srcset":"https:\/\/i0.wp.com\/www.cvl-coutelier.be\/wp-content\/uploads\/2024\/04\/Badge_Knife_2024_ich_bin_dabei.jpg?resize=350%2C200&ssl=1 1x, https:\/\/i0.wp.com\/www.cvl-coutelier.be\/wp-content\/uploads\/2024\/04\/Badge_Knife_2024_ich_bin_dabei.jpg?resize=525%2C300&ssl=1 1.5x, https:\/\/i0.wp.com\/www.cvl-coutelier.be\/wp-content\/uploads\/2024\/04\/Badge_Knife_2024_ich_bin_dabei.jpg?resize=700%2C400&ssl=1 2x, https:\/\/i0.wp.com\/www.cvl-coutelier.be\/wp-content\/uploads\/2024\/04\/Badge_Knife_2024_ich_bin_dabei.jpg?resize=1050%2C600&ssl=1 3x"},"classes":[]},{"id":894,"url":"https:\/\/www.cvl-coutelier.be\/index.php\/2023\/07\/26\/bks-gembloux-11-12-novembre-2023\/","url_meta":{"origin":903,"position":2},"title":"BKS GEMBLOUX &#8211; 11\/12 novembre 2023","author":"Christophe van Lochem","date":"26 juillet 2023","format":false,"excerpt":"\u00a0 \u00a0 The Belgian Knife Society Asbl\/vzw Je serai pr\u00e9sent comme exposant et me r\u00e9jouis de vous y rencontrer pour vous pr\u00e9senter mes derni\u00e8res cr\u00e9ations ou discuter de votre \u00e9ventuel projet ou participation \u00e0 un stage. I will be exhibiting at this trade fair and I look forward to meeting\u2026","rel":"","context":"Dans &quot;En direct de la forge&quot;","block_context":{"text":"En direct de la forge","link":"https:\/\/www.cvl-coutelier.be\/index.php\/category\/en-direct-de-la-forge\/"},"img":{"alt_text":"Aucune description de photo disponible.","src":"https:\/\/scontent-ams4-1.xx.fbcdn.net\/v\/t39.30808-6\/309238901_469052365254551_1745891968427433080_n.jpg?_nc_cat=103&ccb=1-7&_nc_sid=09cbfe&_nc_ohc=OL3AlxoJze0AX8PK8cY&_nc_ht=scontent-ams4-1.xx&oh=00_AfCQrgiy1OCl0HqvvpCtwO6kWzISsBKoR8vbnblnTsljUA&oe=64C4F4F9","width":350,"height":200},"classes":[]},{"id":955,"url":"https:\/\/www.cvl-coutelier.be\/index.php\/2023\/09\/13\/ils-se-sont-dis-oui\/","url_meta":{"origin":903,"position":3},"title":"Ils se sont dis Oui !","author":"Christophe van Lochem","date":"13 septembre 2023","format":false,"excerpt":"Au lieu de vous parler de ce couteau pliant du point de vue technique, mat\u00e9riaux utilis\u00e9s, damas forg\u00e9\u2026. Je pr\u00e9f\u00e8re vous parler de l\u2019amour d\u2019Emmanuelle pour Rudy, qui a accept\u00e9 que ce couteau devienne le symbole de leur union\u2026 car Rudy ne porte pas de bijoux, pas de montres, pas\u2026","rel":"","context":"Dans &quot;Bijoux&quot;","block_context":{"text":"Bijoux","link":"https:\/\/www.cvl-coutelier.be\/index.php\/category\/bijoux\/"},"img":{"alt_text":"","src":"https:\/\/i0.wp.com\/www.cvl-coutelier.be\/wp-content\/uploads\/2023\/09\/IMG-20230913-WA0009.jpg?resize=350%2C200&ssl=1","width":350,"height":200,"srcset":"https:\/\/i0.wp.com\/www.cvl-coutelier.be\/wp-content\/uploads\/2023\/09\/IMG-20230913-WA0009.jpg?resize=350%2C200&ssl=1 1x, https:\/\/i0.wp.com\/www.cvl-coutelier.be\/wp-content\/uploads\/2023\/09\/IMG-20230913-WA0009.jpg?resize=525%2C300&ssl=1 1.5x, https:\/\/i0.wp.com\/www.cvl-coutelier.be\/wp-content\/uploads\/2023\/09\/IMG-20230913-WA0009.jpg?resize=700%2C400&ssl=1 2x, https:\/\/i0.wp.com\/www.cvl-coutelier.be\/wp-content\/uploads\/2023\/09\/IMG-20230913-WA0009.jpg?resize=1050%2C600&ssl=1 3x"},"classes":[]},{"id":1,"url":"https:\/\/www.cvl-coutelier.be\/index.php\/2017\/01\/09\/bienvenue\/","url_meta":{"origin":903,"position":4},"title":"Bienvenue sur mon site !","author":"Christophe van Lochem","date":"9 janvier 2017","format":false,"excerpt":"Tr\u00e8s t\u00f4t le feu de la forge a allum\u00e9 un reflet particulier dans mon \u0153il. Comme d\u2019autres ont r\u00eav\u00e9 d\u2019\u00eatre pompier ou pilote d\u2019avion, je r\u00eavais d\u2019\u00eatre forgeron. C\u2019est la passion pour le travail manuel de mat\u00e9riaux bruts qui m\u2019a amen\u00e9 \u00e0 construire ma propre forge pour apprendre \u00e0 en\u2026","rel":"","context":"Dans &quot;En direct de la forge&quot;","block_context":{"text":"En direct de la forge","link":"https:\/\/www.cvl-coutelier.be\/index.php\/category\/en-direct-de-la-forge\/"},"img":{"alt_text":"","src":"https:\/\/i0.wp.com\/www.cvl-coutelier.be\/wp-content\/uploads\/2017\/01\/2Z3A0211-10.jpg?resize=350%2C200&ssl=1","width":350,"height":200,"srcset":"https:\/\/i0.wp.com\/www.cvl-coutelier.be\/wp-content\/uploads\/2017\/01\/2Z3A0211-10.jpg?resize=350%2C200&ssl=1 1x, https:\/\/i0.wp.com\/www.cvl-coutelier.be\/wp-content\/uploads\/2017\/01\/2Z3A0211-10.jpg?resize=525%2C300&ssl=1 1.5x, https:\/\/i0.wp.com\/www.cvl-coutelier.be\/wp-content\/uploads\/2017\/01\/2Z3A0211-10.jpg?resize=700%2C400&ssl=1 2x, https:\/\/i0.wp.com\/www.cvl-coutelier.be\/wp-content\/uploads\/2017\/01\/2Z3A0211-10.jpg?resize=1050%2C600&ssl=1 3x, https:\/\/i0.wp.com\/www.cvl-coutelier.be\/wp-content\/uploads\/2017\/01\/2Z3A0211-10.jpg?resize=1400%2C800&ssl=1 4x"},"classes":[]},{"id":922,"url":"https:\/\/www.cvl-coutelier.be\/index.php\/2023\/07\/26\/stage-de-coutellerie-informations\/","url_meta":{"origin":903,"position":5},"title":"Stage de coutellerie &#8211; Informations","author":"Christophe van Lochem","date":"26 juillet 2023","format":false,"excerpt":"Les stages que j'organise sont des stages individuels et se font sur deux jours (de pr\u00e9f\u00e9rence sur deux samedis ou un week-end), les dates sont \u00e0 d\u00e9finir ensemble. Le nombre maximum de stagiaires est de 2. Le stagiaire\u00a0va forger et r\u00e9aliser enti\u00e8rement son couteau en passant par toutes les \u00e9tapes\u2026","rel":"","context":"Dans &quot;En direct de la forge&quot;","block_context":{"text":"En direct de la forge","link":"https:\/\/www.cvl-coutelier.be\/index.php\/category\/en-direct-de-la-forge\/"},"img":{"alt_text":"","src":"https:\/\/i0.wp.com\/www.cvl-coutelier.be\/wp-content\/uploads\/2023\/07\/IMG_5430-scaled.jpg?resize=350%2C200&ssl=1","width":350,"height":200,"srcset":"https:\/\/i0.wp.com\/www.cvl-coutelier.be\/wp-content\/uploads\/2023\/07\/IMG_5430-scaled.jpg?resize=350%2C200&ssl=1 1x, https:\/\/i0.wp.com\/www.cvl-coutelier.be\/wp-content\/uploads\/2023\/07\/IMG_5430-scaled.jpg?resize=525%2C300&ssl=1 1.5x, https:\/\/i0.wp.com\/www.cvl-coutelier.be\/wp-content\/uploads\/2023\/07\/IMG_5430-scaled.jpg?resize=700%2C400&ssl=1 2x, https:\/\/i0.wp.com\/www.cvl-coutelier.be\/wp-content\/uploads\/2023\/07\/IMG_5430-scaled.jpg?resize=1050%2C600&ssl=1 3x, https:\/\/i0.wp.com\/www.cvl-coutelier.be\/wp-content\/uploads\/2023\/07\/IMG_5430-scaled.jpg?resize=1400%2C800&ssl=1 4x"},"classes":[]}],"_links":{"self":[{"href":"https:\/\/www.cvl-coutelier.be\/index.php\/wp-json\/wp\/v2\/posts\/903","targetHints":{"allow":["GET"]}}],"collection":[{"href":"https:\/\/www.cvl-coutelier.be\/index.php\/wp-json\/wp\/v2\/posts"}],"about":[{"href":"https:\/\/www.cvl-coutelier.be\/index.php\/wp-json\/wp\/v2\/types\/post"}],"author":[{"embeddable":true,"href":"https:\/\/www.cvl-coutelier.be\/index.php\/wp-json\/wp\/v2\/users\/1"}],"replies":[{"embeddable":true,"href":"https:\/\/www.cvl-coutelier.be\/index.php\/wp-json\/wp\/v2\/comments?post=903"}],"version-history":[{"count":9,"href":"https:\/\/www.cvl-coutelier.be\/index.php\/wp-json\/wp\/v2\/posts\/903\/revisions"}],"predecessor-version":[{"id":969,"href":"https:\/\/www.cvl-coutelier.be\/index.php\/wp-json\/wp\/v2\/posts\/903\/revisions\/969"}],"wp:featuredmedia":[{"embeddable":true,"href":"https:\/\/www.cvl-coutelier.be\/index.php\/wp-json\/wp\/v2\/media\/967"}],"wp:attachment":[{"href":"https:\/\/www.cvl-coutelier.be\/index.php\/wp-json\/wp\/v2\/media?parent=903"}],"wp:term":[{"taxonomy":"category","embeddable":true,"href":"https:\/\/www.cvl-coutelier.be\/index.php\/wp-json\/wp\/v2\/categories?post=903"},{"taxonomy":"post_tag","embeddable":true,"href":"https:\/\/www.cvl-coutelier.be\/index.php\/wp-json\/wp\/v2\/tags?post=903"}],"curies":[{"name":"wp","href":"https:\/\/api.w.org\/{rel}","templated":true}]}}