{"id":922,"date":"2023-07-26T13:44:01","date_gmt":"2023-07-26T11:44:01","guid":{"rendered":"https:\/\/www.cvl-coutelier.be\/?p=922"},"modified":"2023-07-27T07:28:58","modified_gmt":"2023-07-27T05:28:58","slug":"stage-de-coutellerie-informations","status":"publish","type":"post","link":"https:\/\/www.cvl-coutelier.be\/index.php\/2023\/07\/26\/stage-de-coutellerie-informations\/","title":{"rendered":"Stage de coutellerie &#8211; Informations"},"content":{"rendered":"<p style=\"text-align: left;\"><img loading=\"lazy\" decoding=\"async\" data-attachment-id=\"934\" data-permalink=\"https:\/\/www.cvl-coutelier.be\/index.php\/2023\/07\/26\/stage-de-coutellerie-informations\/img_1229\/\" data-orig-file=\"https:\/\/www.cvl-coutelier.be\/wp-content\/uploads\/2023\/07\/IMG_1229-scaled.jpg\" data-orig-size=\"1920,2560\" data-comments-opened=\"1\" data-image-meta=\"{&quot;aperture&quot;:&quot;1.8&quot;,&quot;credit&quot;:&quot;&quot;,&quot;camera&quot;:&quot;iPhone 11&quot;,&quot;caption&quot;:&quot;&quot;,&quot;created_timestamp&quot;:&quot;1624218769&quot;,&quot;copyright&quot;:&quot;&quot;,&quot;focal_length&quot;:&quot;4.25&quot;,&quot;iso&quot;:&quot;32&quot;,&quot;shutter_speed&quot;:&quot;0.0061349693251534&quot;,&quot;title&quot;:&quot;&quot;,&quot;orientation&quot;:&quot;1&quot;}\" data-image-title=\"IMG_1229\" data-image-description=\"\" data-image-caption=\"\" data-large-file=\"https:\/\/www.cvl-coutelier.be\/wp-content\/uploads\/2023\/07\/IMG_1229-768x1024.jpg\" class=\"size-medium wp-image-934 alignleft\" src=\"https:\/\/www.cvl-coutelier.be\/wp-content\/uploads\/2023\/07\/IMG_1229-338x450.jpg\" alt=\"\" width=\"338\" height=\"450\" srcset=\"https:\/\/www.cvl-coutelier.be\/wp-content\/uploads\/2023\/07\/IMG_1229-338x450.jpg 338w, https:\/\/www.cvl-coutelier.be\/wp-content\/uploads\/2023\/07\/IMG_1229-768x1024.jpg 768w, https:\/\/www.cvl-coutelier.be\/wp-content\/uploads\/2023\/07\/IMG_1229-225x300.jpg 225w, https:\/\/www.cvl-coutelier.be\/wp-content\/uploads\/2023\/07\/IMG_1229-1152x1536.jpg 1152w, https:\/\/www.cvl-coutelier.be\/wp-content\/uploads\/2023\/07\/IMG_1229-1536x2048.jpg 1536w, https:\/\/www.cvl-coutelier.be\/wp-content\/uploads\/2023\/07\/IMG_1229-scaled.jpg 1920w\" sizes=\"auto, (max-width: 338px) 100vw, 338px\" \/>Les stages que j&rsquo;organise sont des stages individuels et se font sur deux jours (de pr\u00e9f\u00e9rence sur deux samedis ou un week-end), les dates sont \u00e0 d\u00e9finir ensemble. Le nombre maximum de stagiaires est de 2.<\/p>\n<p style=\"text-align: left;\">Le stagiaire\u00a0va forger et r\u00e9aliser enti\u00e8rement son couteau en passant par toutes les \u00e9tapes (Forge, traitement thermique,\u00a0\u00e9mouture, trempe, mise en forme et finition du manche, aiguisage).<\/p>\n<p style=\"text-align: left;\">Durant le stage, nous forgeons un couteau utilitaire ou couteau de cuisine. Par manque de temps, il n&rsquo;est pas possible de forger un couteau damas (les traitements thermiques prennent trop de temps.) ou de faire un\u00a0couteau pliant.<\/p>\n<p style=\"text-align: left;\">Si vous souhaitez offrir le stage, je peux vous proposer un coffret cadeau en bois avec un morceau d\u2019acier, des plaquettes en bois, intercalaire et rivets avec un bon au nom du stagiaire.\u00a0Celui-ci me contactera, apr\u00e8s avoir re\u00e7u son bon pour d\u00e9finir ensemble des dates.<\/p>\n<p style=\"text-align: left;\">N&rsquo;h\u00e9sitez pas \u00e0 me contacter pour toute information compl\u00e9mentaire<\/p>\n<p style=\"text-align: left;\">info@cvl-coutelier.be<\/p>\n<p>&nbsp;<\/p>\n<p>&nbsp;<\/p>\n<p>&nbsp;<\/p>\n","protected":false},"excerpt":{"rendered":"<p>Les stages que j&rsquo;organise sont des stages individuels et se font sur deux jours (de pr\u00e9f\u00e9rence sur deux samedis ou un week-end), les dates sont \u00e0 d\u00e9finir ensemble. Le nombre &#8230;<\/p>\n","protected":false},"author":1,"featured_media":944,"comment_status":"open","ping_status":"open","sticky":false,"template":"","format":"standard","meta":{"jetpack_post_was_ever_published":false,"_jetpack_newsletter_access":"","_jetpack_dont_email_post_to_subs":false,"_jetpack_newsletter_tier_id":0,"_jetpack_memberships_contains_paywalled_content":false,"_jetpack_memberships_contains_paid_content":false,"footnotes":"","jetpack_publicize_message":"","jetpack_publicize_feature_enabled":true,"jetpack_social_post_already_shared":true,"jetpack_social_options":{"image_generator_settings":{"template":"highway","default_image_id":0,"font":"","enabled":false},"version":2}},"categories":[7],"tags":[],"class_list":["post-922","post","type-post","status-publish","format-standard","has-post-thumbnail","hentry","category-en-direct-de-la-forge"],"jetpack_publicize_connections":[],"jetpack_featured_media_url":"https:\/\/www.cvl-coutelier.be\/wp-content\/uploads\/2023\/07\/IMG_5430-scaled.jpg","jetpack_sharing_enabled":true,"jetpack_shortlink":"https:\/\/wp.me\/p8hx1A-eS","jetpack-related-posts":[{"id":903,"url":"https:\/\/www.cvl-coutelier.be\/index.php\/2024\/03\/25\/rencontres-printanieres-06-avril-2024\/","url_meta":{"origin":922,"position":0},"title":"Rencontres printani\u00e8res &#8211; 06 avril 2024","author":"Christophe van Lochem","date":"25 mars 2024","format":false,"excerpt":"\u00a0 Le 6 avril auront lieu les rencontres printani\u00e8res, organis\u00e9es par \u00ab batir l\u2019avenir \u00bb. De nombreux artisans r\u00e9gionaux y participeront. Je serai pr\u00e9sent pour vous pr\u00e9senter mes cr\u00e9ations en coutellerie. Je me r\u00e9jouit de vous y rencontrer et discuter de ma passion et qui sait\u2026. De votre projet de\u2026","rel":"","context":"Dans &quot;En direct de la forge&quot;","block_context":{"text":"En direct de la forge","link":"https:\/\/www.cvl-coutelier.be\/index.php\/category\/en-direct-de-la-forge\/"},"img":{"alt_text":"","src":"https:\/\/i0.wp.com\/www.cvl-coutelier.be\/wp-content\/uploads\/2023\/07\/batir.jpg?resize=350%2C200&ssl=1","width":350,"height":200,"srcset":"https:\/\/i0.wp.com\/www.cvl-coutelier.be\/wp-content\/uploads\/2023\/07\/batir.jpg?resize=350%2C200&ssl=1 1x, https:\/\/i0.wp.com\/www.cvl-coutelier.be\/wp-content\/uploads\/2023\/07\/batir.jpg?resize=525%2C300&ssl=1 1.5x, https:\/\/i0.wp.com\/www.cvl-coutelier.be\/wp-content\/uploads\/2023\/07\/batir.jpg?resize=700%2C400&ssl=1 2x, https:\/\/i0.wp.com\/www.cvl-coutelier.be\/wp-content\/uploads\/2023\/07\/batir.jpg?resize=1050%2C600&ssl=1 3x, https:\/\/i0.wp.com\/www.cvl-coutelier.be\/wp-content\/uploads\/2023\/07\/batir.jpg?resize=1400%2C800&ssl=1 4x"},"classes":[]},{"id":871,"url":"https:\/\/www.cvl-coutelier.be\/index.php\/2022\/02\/22\/video-de-la-realisation-dun-couteau-de-cuisine-en-damas\/","url_meta":{"origin":922,"position":1},"title":"Vid\u00e9o de la r\u00e9alisation d&rsquo;un couteau de cuisine en damas","author":"Christophe van Lochem","date":"22 f\u00e9vrier 2022","format":false,"excerpt":"\u00a0 Si vous l'avez rat\u00e9 la premi\u00e8re fois ou ne pouviez pas la voir, voici la vid\u00e9o r\u00e9alis\u00e9e par Joseph Backes dans mon atelier \u00e0 Waimes (Belgique). \u00a0 Dans la vid\u00e9o sont pr\u00e9sent\u00e9s les diff\u00e9rentes \u00e9tapes de fabrication d'un couteau de cuisine \u00e0 lame damass\u00e9e : s\u00e9lection des aciers -\u2026","rel":"","context":"Dans &quot;Couteaux&quot;","block_context":{"text":"Couteaux","link":"https:\/\/www.cvl-coutelier.be\/index.php\/category\/couteaux\/"},"img":{"alt_text":"","src":"https:\/\/i0.wp.com\/www.cvl-coutelier.be\/wp-content\/uploads\/2022\/02\/couteau-cuisine-damas.png?resize=350%2C200&ssl=1","width":350,"height":200,"srcset":"https:\/\/i0.wp.com\/www.cvl-coutelier.be\/wp-content\/uploads\/2022\/02\/couteau-cuisine-damas.png?resize=350%2C200&ssl=1 1x, https:\/\/i0.wp.com\/www.cvl-coutelier.be\/wp-content\/uploads\/2022\/02\/couteau-cuisine-damas.png?resize=525%2C300&ssl=1 1.5x"},"classes":[]},{"id":302,"url":"https:\/\/www.cvl-coutelier.be\/index.php\/2019\/08\/07\/stage-dinitiation-a-la-coutellerie-joseph-backes\/","url_meta":{"origin":922,"position":2},"title":"Stage d&rsquo;initiation \u00e0 la coutellerie &#8211; Joseph Backes","author":"Christophe van Lochem","date":"7 ao\u00fbt 2019","format":false,"excerpt":"Cadeau de sa femme Stefanie, un stage d'initiation \u00e0 la coutellerie pour Joseph. Apr\u00e8s deux jours de travail il a forg\u00e9 et r\u00e9alis\u00e9 ce magnifique couteau en 1.2842, manche en loupe d'orme stabilis\u00e9 et teint\u00e9 jaune, intercalaires rouge et pin mosa\u00efque - rose des vents. Well done Jo ! \u00a0\u2026","rel":"","context":"Dans &quot;Couteaux&quot;","block_context":{"text":"Couteaux","link":"https:\/\/www.cvl-coutelier.be\/index.php\/category\/couteaux\/"},"img":{"alt_text":"","src":"https:\/\/i0.wp.com\/www.cvl-coutelier.be\/wp-content\/uploads\/2019\/08\/a066.jpg?resize=350%2C200&ssl=1","width":350,"height":200,"srcset":"https:\/\/i0.wp.com\/www.cvl-coutelier.be\/wp-content\/uploads\/2019\/08\/a066.jpg?resize=350%2C200&ssl=1 1x, https:\/\/i0.wp.com\/www.cvl-coutelier.be\/wp-content\/uploads\/2019\/08\/a066.jpg?resize=525%2C300&ssl=1 1.5x, https:\/\/i0.wp.com\/www.cvl-coutelier.be\/wp-content\/uploads\/2019\/08\/a066.jpg?resize=700%2C400&ssl=1 2x, https:\/\/i0.wp.com\/www.cvl-coutelier.be\/wp-content\/uploads\/2019\/08\/a066.jpg?resize=1050%2C600&ssl=1 3x, https:\/\/i0.wp.com\/www.cvl-coutelier.be\/wp-content\/uploads\/2019\/08\/a066.jpg?resize=1400%2C800&ssl=1 4x"},"classes":[]},{"id":955,"url":"https:\/\/www.cvl-coutelier.be\/index.php\/2023\/09\/13\/ils-se-sont-dis-oui\/","url_meta":{"origin":922,"position":3},"title":"Ils se sont dis Oui !","author":"Christophe van Lochem","date":"13 septembre 2023","format":false,"excerpt":"Au lieu de vous parler de ce couteau pliant du point de vue technique, mat\u00e9riaux utilis\u00e9s, damas forg\u00e9\u2026. Je pr\u00e9f\u00e8re vous parler de l\u2019amour d\u2019Emmanuelle pour Rudy, qui a accept\u00e9 que ce couteau devienne le symbole de leur union\u2026 car Rudy ne porte pas de bijoux, pas de montres, pas\u2026","rel":"","context":"Dans &quot;Bijoux&quot;","block_context":{"text":"Bijoux","link":"https:\/\/www.cvl-coutelier.be\/index.php\/category\/bijoux\/"},"img":{"alt_text":"","src":"https:\/\/i0.wp.com\/www.cvl-coutelier.be\/wp-content\/uploads\/2023\/09\/IMG-20230913-WA0009.jpg?resize=350%2C200&ssl=1","width":350,"height":200,"srcset":"https:\/\/i0.wp.com\/www.cvl-coutelier.be\/wp-content\/uploads\/2023\/09\/IMG-20230913-WA0009.jpg?resize=350%2C200&ssl=1 1x, https:\/\/i0.wp.com\/www.cvl-coutelier.be\/wp-content\/uploads\/2023\/09\/IMG-20230913-WA0009.jpg?resize=525%2C300&ssl=1 1.5x, https:\/\/i0.wp.com\/www.cvl-coutelier.be\/wp-content\/uploads\/2023\/09\/IMG-20230913-WA0009.jpg?resize=700%2C400&ssl=1 2x, https:\/\/i0.wp.com\/www.cvl-coutelier.be\/wp-content\/uploads\/2023\/09\/IMG-20230913-WA0009.jpg?resize=1050%2C600&ssl=1 3x"},"classes":[]},{"id":620,"url":"https:\/\/www.cvl-coutelier.be\/index.php\/2020\/07\/13\/covid-19-premier-stage-apres-le-lockdown-filippo-dal-maso\/","url_meta":{"origin":922,"position":4},"title":"Covid -19 : Premier Stage apr\u00e8s le Lockdown : Filippo Dal Maso","author":"Christophe van Lochem","date":"13 juillet 2020","format":false,"excerpt":"Premier stagiaire apr\u00e8s le Lockdown, Filippo dal Maso, est venu r\u00e9aliser son couteau. L'atelier est suffisamment spacieux pour\u00a0 pouvoir garder les distances. En deux jours il a r\u00e9alis\u00e9 une petite merveille. Enti\u00e8rement \u00e9quip\u00e9. Lunettes de protection et masque. Notre chien Kira, adores les caresses et abuse des stagiaires d\u00e8s qu'elle\u2026","rel":"","context":"Dans &quot;En direct de la forge&quot;","block_context":{"text":"En direct de la forge","link":"https:\/\/www.cvl-coutelier.be\/index.php\/category\/en-direct-de-la-forge\/"},"img":{"alt_text":"et Filippo qui peut \u00eatre fier de son travail","src":"https:\/\/i0.wp.com\/www.cvl-coutelier.be\/wp-content\/uploads\/2020\/06\/IMG_3322.jpg?resize=350%2C200&ssl=1","width":350,"height":200,"srcset":"https:\/\/i0.wp.com\/www.cvl-coutelier.be\/wp-content\/uploads\/2020\/06\/IMG_3322.jpg?resize=350%2C200&ssl=1 1x, https:\/\/i0.wp.com\/www.cvl-coutelier.be\/wp-content\/uploads\/2020\/06\/IMG_3322.jpg?resize=525%2C300&ssl=1 1.5x, https:\/\/i0.wp.com\/www.cvl-coutelier.be\/wp-content\/uploads\/2020\/06\/IMG_3322.jpg?resize=700%2C400&ssl=1 2x, https:\/\/i0.wp.com\/www.cvl-coutelier.be\/wp-content\/uploads\/2020\/06\/IMG_3322.jpg?resize=1050%2C600&ssl=1 3x, https:\/\/i0.wp.com\/www.cvl-coutelier.be\/wp-content\/uploads\/2020\/06\/IMG_3322.jpg?resize=1400%2C800&ssl=1 4x"},"classes":[]},{"id":817,"url":"https:\/\/www.cvl-coutelier.be\/index.php\/2021\/06\/02\/stage-de-coutellerie-frederic-dierkens\/","url_meta":{"origin":922,"position":5},"title":"Stage de Coutellerie &#8211; Frederic Dierkens","author":"Christophe van Lochem","date":"2 juin 2021","format":false,"excerpt":"Stage d'initiation \u00e0 la coutellerie avec Frederic Dierkens pour la r\u00e9alisation d'un couteau de cuisine en acier 125SC. Manche en loupe de bois de fer et initiales grav\u00e9es dans la lame. Super week-end et tr\u00e8s belle rencontre. On s'est trouv\u00e9 pas mal d'affinit\u00e9s et on a eu de belles discussions\u2026","rel":"","context":"Dans &quot;Couteaux&quot;","block_context":{"text":"Couteaux","link":"https:\/\/www.cvl-coutelier.be\/index.php\/category\/couteaux\/"},"img":{"alt_text":"","src":"https:\/\/i0.wp.com\/www.cvl-coutelier.be\/wp-content\/uploads\/2021\/06\/FD-forge-4-scaled.jpg?resize=350%2C200&ssl=1","width":350,"height":200,"srcset":"https:\/\/i0.wp.com\/www.cvl-coutelier.be\/wp-content\/uploads\/2021\/06\/FD-forge-4-scaled.jpg?resize=350%2C200&ssl=1 1x, https:\/\/i0.wp.com\/www.cvl-coutelier.be\/wp-content\/uploads\/2021\/06\/FD-forge-4-scaled.jpg?resize=525%2C300&ssl=1 1.5x, https:\/\/i0.wp.com\/www.cvl-coutelier.be\/wp-content\/uploads\/2021\/06\/FD-forge-4-scaled.jpg?resize=700%2C400&ssl=1 2x, https:\/\/i0.wp.com\/www.cvl-coutelier.be\/wp-content\/uploads\/2021\/06\/FD-forge-4-scaled.jpg?resize=1050%2C600&ssl=1 3x, https:\/\/i0.wp.com\/www.cvl-coutelier.be\/wp-content\/uploads\/2021\/06\/FD-forge-4-scaled.jpg?resize=1400%2C800&ssl=1 4x"},"classes":[]}],"_links":{"self":[{"href":"https:\/\/www.cvl-coutelier.be\/index.php\/wp-json\/wp\/v2\/posts\/922","targetHints":{"allow":["GET"]}}],"collection":[{"href":"https:\/\/www.cvl-coutelier.be\/index.php\/wp-json\/wp\/v2\/posts"}],"about":[{"href":"https:\/\/www.cvl-coutelier.be\/index.php\/wp-json\/wp\/v2\/types\/post"}],"author":[{"embeddable":true,"href":"https:\/\/www.cvl-coutelier.be\/index.php\/wp-json\/wp\/v2\/users\/1"}],"replies":[{"embeddable":true,"href":"https:\/\/www.cvl-coutelier.be\/index.php\/wp-json\/wp\/v2\/comments?post=922"}],"version-history":[{"count":9,"href":"https:\/\/www.cvl-coutelier.be\/index.php\/wp-json\/wp\/v2\/posts\/922\/revisions"}],"predecessor-version":[{"id":946,"href":"https:\/\/www.cvl-coutelier.be\/index.php\/wp-json\/wp\/v2\/posts\/922\/revisions\/946"}],"wp:featuredmedia":[{"embeddable":true,"href":"https:\/\/www.cvl-coutelier.be\/index.php\/wp-json\/wp\/v2\/media\/944"}],"wp:attachment":[{"href":"https:\/\/www.cvl-coutelier.be\/index.php\/wp-json\/wp\/v2\/media?parent=922"}],"wp:term":[{"taxonomy":"category","embeddable":true,"href":"https:\/\/www.cvl-coutelier.be\/index.php\/wp-json\/wp\/v2\/categories?post=922"},{"taxonomy":"post_tag","embeddable":true,"href":"https:\/\/www.cvl-coutelier.be\/index.php\/wp-json\/wp\/v2\/tags?post=922"}],"curies":[{"name":"wp","href":"https:\/\/api.w.org\/{rel}","templated":true}]}}